{"id":4511,"date":"2026-09-04T08:31:00","date_gmt":"2026-09-04T08:31:00","guid":{"rendered":"https:\/\/diario.madrid.es\/villaverde\/?p=4511"},"modified":"2026-09-04T08:55:57","modified_gmt":"2026-09-04T08:55:57","slug":"villaverde-vuelve-a-reunir-a-lo-mejor-de-la-escena-indie-en-una-nueva-edicion-del-festival-indyspensable","status":"publish","type":"post","link":"https:\/\/diario.madrid.es\/villaverde\/2026\/09\/04\/villaverde-vuelve-a-reunir-a-lo-mejor-de-la-escena-indie-en-una-nueva-edicion-del-festival-indyspensable\/","title":{"rendered":"Villaverde re\u00fane a lo mejor del indie en una nueva edici\u00f3n del Festival Indyspensable"},"content":{"rendered":"<p>Villaverde volver\u00e1 a convertirse este mes en uno de los puntos de encuentro de la m\u00fasica independiente con una nueva edici\u00f3n del <strong>Festival Indyspensable<\/strong>, que se celebrar\u00e1 el pr\u00f3ximo viernes 25 y s\u00e1bado 26 de septiembre en el Auditorio Municipal El Espinillo. La cita, organizada por la Junta Municipal de Villaverde, ofrecer\u00e1 dos jornadas de conciertos gratuitos a partir de las 19:30 horas, con un cartel que combina nombres consolidados de la escena alternativa con algunas de las formaciones emergentes m\u00e1s destacadas de pop, rock y punk en Espa\u00f1a.<\/p>\n<p class=\"isSelectedEnd\">La programaci\u00f3n del <strong>viernes 25 <\/strong>de septiembre estar\u00e1 protagonizada por <strong>Nenazas, Cora Yako, Camellos y shego<\/strong>. La noche combinar\u00e1 la energ\u00eda y frescura de las j\u00f3venes bandas con propuestas que ya son habituales en el calendario de festivales de verano.<\/p>\n<p>El <strong>s\u00e1bado 26<\/strong> ser\u00e1 el turno de <strong>La 126, Tronkas! y Pipiolas<\/strong>, tres formaciones femeninas vinculadas a la nueva generaci\u00f3n del pop, el punk y el rock alternativo. La jornada se completar\u00e1 adem\u00e1s con una <strong>actuaci\u00f3n sorpresa<\/strong>, que se dar\u00e1 a conocer el pr\u00f3ximo 21 de septiembre.<\/p>\n<figure id=\"attachment_4512\" aria-describedby=\"caption-attachment-4512\" style=\"width: 640px\" class=\"wp-caption aligncenter\"><a href=\"https:\/\/diario.madrid.es\/villaverde\/wp-content\/uploads\/sites\/17\/2026\/09\/Cartel_INDYSPENSABLE-2026.jpg\"><img decoding=\"async\" class=\"size-large wp-image-4512\" src=\"https:\/\/diario.madrid.es\/villaverde\/wp-content\/uploads\/sites\/17\/2026\/09\/Cartel_INDYSPENSABLE-2026-721x1024.jpg\" alt=\"Cartel Indyspensable 2026\" width=\"640\" height=\"909\" srcset=\"https:\/\/diario.madrid.es\/villaverde\/wp-content\/uploads\/sites\/17\/2026\/09\/Cartel_INDYSPENSABLE-2026-721x1024.jpg 721w, https:\/\/diario.madrid.es\/villaverde\/wp-content\/uploads\/sites\/17\/2026\/09\/Cartel_INDYSPENSABLE-2026-211x300.jpg 211w, https:\/\/diario.madrid.es\/villaverde\/wp-content\/uploads\/sites\/17\/2026\/09\/Cartel_INDYSPENSABLE-2026-768x1090.jpg 768w, https:\/\/diario.madrid.es\/villaverde\/wp-content\/uploads\/sites\/17\/2026\/09\/Cartel_INDYSPENSABLE-2026-500x710.jpg 500w, https:\/\/diario.madrid.es\/villaverde\/wp-content\/uploads\/sites\/17\/2026\/09\/Cartel_INDYSPENSABLE-2026-190x270.jpg 190w, https:\/\/diario.madrid.es\/villaverde\/wp-content\/uploads\/sites\/17\/2026\/09\/Cartel_INDYSPENSABLE-2026.jpg 839w\" sizes=\"(max-width: 640px) 100vw, 640px\" \/><\/a><figcaption id=\"caption-attachment-4512\" class=\"wp-caption-text\">Cartel Indyspensable 2026<\/figcaption><\/figure>\n<p>El festival alcanza este a\u00f1o su <strong data-start=\"1549\" data-end=\"1564\">XXI edici\u00f3n<\/strong>. Indyspensable naci\u00f3 en 2004 y durante estas dos d\u00e9cadas, por su escenario han pasado artistas y bandas como <strong data-start=\"1784\" data-end=\"1847\">Love of Lesbian, Sidonie, Ni\u00f1a Polaca, Hinds o La Casa Azul<\/strong>, consolidando la cita como un espacio para descubrir nuevos talentos y disfrutar de algunos de los nombres m\u00e1s destacados del panorama indie nacional.<\/p>\n<h2>Un festival gratuito y accesible<\/h2>\n<p class=\"PDq2pG_selectionAnchorContainer\" data-start=\"6022\" data-end=\"6277\">Todos los conciertos tendr\u00e1n entrada gratuita y se celebrar\u00e1n en el <a href=\"https:\/\/www.madrid.es\/portales\/munimadrid\/es\/Inicio\/El-Ayuntamiento\/Villaverde\/Festival-Indyspensable-2026-Distrito-de-Villaverde\/?vgnextfmt=default&amp;vgnextoid=50d347cc91660a10VgnVCM100000891ecb1aRCRD&amp;vgnextchannel=9f51ca5d5fb96010VgnVCM100000dc0ca8c0RCRD\" target=\"_blank\" rel=\"noopener\">Auditorio Municipal El Espinillo<\/a>, situado en la calle Tertulia, 5, en el barrio de Los Rosales. El recinto contar\u00e1 con una zona reservada para personas con movilidad reducida.<\/p>\n<p data-start=\"6279\" data-end=\"6473\">Para llegar al festival se puede utilizar la l\u00ednea 3 de Metro, estaci\u00f3n Ciudad de los \u00c1ngeles, as\u00ed como las l\u00edneas 22, 59, 79, 85 y 123 de la EMT Madrid.<\/p>\n","protected":false},"excerpt":{"rendered":"<p>Villaverde volver\u00e1 a convertirse este mes en uno de los puntos de encuentro de la m\u00fasica independiente con una nueva edici\u00f3n del Festival Indyspensable, que se celebrar\u00e1 los pr\u00f3ximos viernes 25 y s\u00e1bado 26 de septiembre en el Auditorio Municipal El Espinillo.<\/p>\n","protected":false},"author":224,"featured_media":4515,"comment_status":"closed","ping_status":"closed","sticky":false,"template":"","format":"standard","meta":{"footnotes":""},"categories":[37],"tags":[444,59],"class_list":["post-4511","post","type-post","status-publish","format-standard","has-post-thumbnail","hentry","category-cultura","tag-festival-indie","tag-musica"],"yoast_head":"<!-- This site is optimized with the Yoast SEO Premium plugin v25.4 (Yoast SEO v26.4) - https:\/\/yoast.com\/wordpress\/plugins\/seo\/ -->\n<title>Villaverde celebra una nueva edici\u00f3n del Festival Indyspensable<\/title>\n<meta name=\"description\" content=\"Villaverde celebrar\u00e1 el viernes 25 y s\u00e1bado 26 de septiembre en el Auditorio Municipal El Espinillo la XXI edici\u00f3n del festival indie.\" \/>\n<meta name=\"robots\" content=\"index, follow, max-snippet:-1, max-image-preview:large, max-video-preview:-1\" \/>\n<link rel=\"canonical\" href=\"https:\/\/diario.madrid.es\/villaverde\/2026\/09\/04\/villaverde-vuelve-a-reunir-a-lo-mejor-de-la-escena-indie-en-una-nueva-edicion-del-festival-indyspensable\/\" \/>\n<meta property=\"og:locale\" content=\"es_ES\" \/>\n<meta property=\"og:type\" content=\"article\" \/>\n<meta property=\"og:title\" content=\"Villaverde re\u00fane a lo mejor del indie en una nueva edici\u00f3n del Festival Indyspensable\" \/>\n<meta property=\"og:description\" content=\"Villaverde celebrar\u00e1 el viernes 25 y s\u00e1bado 26 de septiembre en el Auditorio Municipal El Espinillo la XXI edici\u00f3n del festival indie.\" \/>\n<meta property=\"og:url\" content=\"https:\/\/diario.madrid.es\/villaverde\/2026\/09\/04\/villaverde-vuelve-a-reunir-a-lo-mejor-de-la-escena-indie-en-una-nueva-edicion-del-festival-indyspensable\/\" \/>\n<meta property=\"og:site_name\" content=\"Villaverde\" \/>\n<meta property=\"article:publisher\" content=\"https:\/\/www.facebook.com\/juntamunicipal.distritovillaverde\" \/>\n<meta property=\"article:published_time\" content=\"2026-09-04T08:31:00+00:00\" \/>\n<meta property=\"article:modified_time\" content=\"2026-09-04T08:55:57+00:00\" \/>\n<meta property=\"og:image\" content=\"https:\/\/diario.madrid.es\/villaverde\/wp-content\/uploads\/sites\/17\/2026\/09\/DESTACADA-INDYSPENSABLE.jpeg\" \/>\n\t<meta property=\"og:image:width\" content=\"1599\" \/>\n\t<meta property=\"og:image:height\" content=\"1016\" \/>\n\t<meta property=\"og:image:type\" content=\"image\/jpeg\" \/>\n<meta name=\"author\" content=\"ipons\" \/>\n<meta name=\"twitter:card\" content=\"summary_large_image\" \/>\n<meta name=\"twitter:creator\" content=\"@JMD_villaverde\" \/>\n<meta name=\"twitter:site\" content=\"@JMD_villaverde\" \/>\n<meta name=\"twitter:label1\" content=\"Escrito por\" \/>\n\t<meta name=\"twitter:data1\" content=\"ipons\" \/>\n\t<meta name=\"twitter:label2\" content=\"Tiempo de lectura\" \/>\n\t<meta name=\"twitter:data2\" content=\"2 minutos\" \/>\n<script type=\"application\/ld+json\" class=\"yoast-schema-graph\">{\"@context\":\"https:\/\/schema.org\",\"@graph\":[{\"@type\":\"Article\",\"@id\":\"https:\/\/diario.madrid.es\/villaverde\/2026\/09\/04\/villaverde-vuelve-a-reunir-a-lo-mejor-de-la-escena-indie-en-una-nueva-edicion-del-festival-indyspensable\/#article\",\"isPartOf\":{\"@id\":\"https:\/\/diario.madrid.es\/villaverde\/2026\/09\/04\/villaverde-vuelve-a-reunir-a-lo-mejor-de-la-escena-indie-en-una-nueva-edicion-del-festival-indyspensable\/\"},\"author\":{\"name\":\"ipons\",\"@id\":\"https:\/\/diario.madrid.es\/villaverde\/#\/schema\/person\/62139c9f4bc58631251e51416e20ddce\"},\"headline\":\"Villaverde re\u00fane a lo mejor del indie en una nueva edici\u00f3n del Festival Indyspensable\",\"datePublished\":\"2026-09-04T08:31:00+00:00\",\"dateModified\":\"2026-09-04T08:55:57+00:00\",\"mainEntityOfPage\":{\"@id\":\"https:\/\/diario.madrid.es\/villaverde\/2026\/09\/04\/villaverde-vuelve-a-reunir-a-lo-mejor-de-la-escena-indie-en-una-nueva-edicion-del-festival-indyspensable\/\"},\"wordCount\":345,\"publisher\":{\"@id\":\"https:\/\/diario.madrid.es\/villaverde\/#organization\"},\"image\":{\"@id\":\"https:\/\/diario.madrid.es\/villaverde\/2026\/09\/04\/villaverde-vuelve-a-reunir-a-lo-mejor-de-la-escena-indie-en-una-nueva-edicion-del-festival-indyspensable\/#primaryimage\"},\"thumbnailUrl\":\"https:\/\/diario.madrid.es\/villaverde\/wp-content\/uploads\/sites\/17\/2026\/09\/DESTACADA-INDYSPENSABLE.jpeg\",\"keywords\":[\"Festival Indie\",\"m\u00fasica\"],\"articleSection\":[\"Cultura\"],\"inLanguage\":\"es\"},{\"@type\":\"WebPage\",\"@id\":\"https:\/\/diario.madrid.es\/villaverde\/2026\/09\/04\/villaverde-vuelve-a-reunir-a-lo-mejor-de-la-escena-indie-en-una-nueva-edicion-del-festival-indyspensable\/\",\"url\":\"https:\/\/diario.madrid.es\/villaverde\/2026\/09\/04\/villaverde-vuelve-a-reunir-a-lo-mejor-de-la-escena-indie-en-una-nueva-edicion-del-festival-indyspensable\/\",\"name\":\"Villaverde celebra una nueva edici\u00f3n del Festival Indyspensable\",\"isPartOf\":{\"@id\":\"https:\/\/diario.madrid.es\/villaverde\/#website\"},\"primaryImageOfPage\":{\"@id\":\"https:\/\/diario.madrid.es\/villaverde\/2026\/09\/04\/villaverde-vuelve-a-reunir-a-lo-mejor-de-la-escena-indie-en-una-nueva-edicion-del-festival-indyspensable\/#primaryimage\"},\"image\":{\"@id\":\"https:\/\/diario.madrid.es\/villaverde\/2026\/09\/04\/villaverde-vuelve-a-reunir-a-lo-mejor-de-la-escena-indie-en-una-nueva-edicion-del-festival-indyspensable\/#primaryimage\"},\"thumbnailUrl\":\"https:\/\/diario.madrid.es\/villaverde\/wp-content\/uploads\/sites\/17\/2026\/09\/DESTACADA-INDYSPENSABLE.jpeg\",\"datePublished\":\"2026-09-04T08:31:00+00:00\",\"dateModified\":\"2026-09-04T08:55:57+00:00\",\"description\":\"Villaverde celebrar\u00e1 el viernes 25 y s\u00e1bado 26 de septiembre en el Auditorio Municipal El Espinillo la XXI edici\u00f3n del festival indie.\",\"breadcrumb\":{\"@id\":\"https:\/\/diario.madrid.es\/villaverde\/2026\/09\/04\/villaverde-vuelve-a-reunir-a-lo-mejor-de-la-escena-indie-en-una-nueva-edicion-del-festival-indyspensable\/#breadcrumb\"},\"inLanguage\":\"es\",\"potentialAction\":[{\"@type\":\"ReadAction\",\"target\":[\"https:\/\/diario.madrid.es\/villaverde\/2026\/09\/04\/villaverde-vuelve-a-reunir-a-lo-mejor-de-la-escena-indie-en-una-nueva-edicion-del-festival-indyspensable\/\"]}]},{\"@type\":\"ImageObject\",\"inLanguage\":\"es\",\"@id\":\"https:\/\/diario.madrid.es\/villaverde\/2026\/09\/04\/villaverde-vuelve-a-reunir-a-lo-mejor-de-la-escena-indie-en-una-nueva-edicion-del-festival-indyspensable\/#primaryimage\",\"url\":\"https:\/\/diario.madrid.es\/villaverde\/wp-content\/uploads\/sites\/17\/2026\/09\/DESTACADA-INDYSPENSABLE.jpeg\",\"contentUrl\":\"https:\/\/diario.madrid.es\/villaverde\/wp-content\/uploads\/sites\/17\/2026\/09\/DESTACADA-INDYSPENSABLE.jpeg\",\"width\":1599,\"height\":1016,\"caption\":\"Imagen del festival Indyspensable 2025\"},{\"@type\":\"BreadcrumbList\",\"@id\":\"https:\/\/diario.madrid.es\/villaverde\/2026\/09\/04\/villaverde-vuelve-a-reunir-a-lo-mejor-de-la-escena-indie-en-una-nueva-edicion-del-festival-indyspensable\/#breadcrumb\",\"itemListElement\":[{\"@type\":\"ListItem\",\"position\":1,\"name\":\"Portada\",\"item\":\"https:\/\/diario.madrid.es\/villaverde\/\"},{\"@type\":\"ListItem\",\"position\":2,\"name\":\"Villaverde re\u00fane a lo mejor del indie en una nueva edici\u00f3n del Festival Indyspensable\"}]},{\"@type\":\"WebSite\",\"@id\":\"https:\/\/diario.madrid.es\/villaverde\/#website\",\"url\":\"https:\/\/diario.madrid.es\/villaverde\/\",\"name\":\"Diario Madrid - Villaverde\",\"description\":\"Toda la informaci\u00f3n sobre Villaverde\",\"publisher\":{\"@id\":\"https:\/\/diario.madrid.es\/villaverde\/#organization\"},\"potentialAction\":[{\"@type\":\"SearchAction\",\"target\":{\"@type\":\"EntryPoint\",\"urlTemplate\":\"https:\/\/diario.madrid.es\/villaverde\/?s={search_term_string}\"},\"query-input\":{\"@type\":\"PropertyValueSpecification\",\"valueRequired\":true,\"valueName\":\"search_term_string\"}}],\"inLanguage\":\"es\"},{\"@type\":\"Organization\",\"@id\":\"https:\/\/diario.madrid.es\/villaverde\/#organization\",\"name\":\"Diario Madrid - Villaverde\",\"url\":\"https:\/\/diario.madrid.es\/villaverde\/\",\"logo\":{\"@type\":\"ImageObject\",\"inLanguage\":\"es\",\"@id\":\"https:\/\/diario.madrid.es\/villaverde\/#\/schema\/logo\/image\/\",\"url\":\"https:\/\/diario.madrid.es\/villaverde\/wp-content\/uploads\/sites\/17\/2025\/02\/Escudo-Ayuntamiento-Madrid.png\",\"contentUrl\":\"https:\/\/diario.madrid.es\/villaverde\/wp-content\/uploads\/sites\/17\/2025\/02\/Escudo-Ayuntamiento-Madrid.png\",\"width\":1200,\"height\":675,\"caption\":\"Diario Madrid - Villaverde\"},\"image\":{\"@id\":\"https:\/\/diario.madrid.es\/villaverde\/#\/schema\/logo\/image\/\"},\"sameAs\":[\"https:\/\/www.facebook.com\/juntamunicipal.distritovillaverde\",\"https:\/\/x.com\/JMD_villaverde\"]},{\"@type\":\"Person\",\"@id\":\"https:\/\/diario.madrid.es\/villaverde\/#\/schema\/person\/62139c9f4bc58631251e51416e20ddce\",\"name\":\"ipons\",\"image\":{\"@type\":\"ImageObject\",\"inLanguage\":\"es\",\"@id\":\"https:\/\/diario.madrid.es\/villaverde\/#\/schema\/person\/image\/\",\"url\":\"https:\/\/secure.gravatar.com\/avatar\/1d99072a6a767f80bc1b88e1473d7108942cead7963b7d95ced95ddd08d8154b?s=96&d=mm&r=g\",\"contentUrl\":\"https:\/\/secure.gravatar.com\/avatar\/1d99072a6a767f80bc1b88e1473d7108942cead7963b7d95ced95ddd08d8154b?s=96&d=mm&r=g\",\"caption\":\"ipons\"}}]}<\/script>\n<!-- \/ Yoast SEO Premium plugin. -->","yoast_head_json":{"title":"Villaverde celebra una nueva edici\u00f3n del Festival Indyspensable","description":"Villaverde celebrar\u00e1 el viernes 25 y s\u00e1bado 26 de septiembre en el Auditorio Municipal El Espinillo la XXI edici\u00f3n del festival indie.","robots":{"index":"index","follow":"follow","max-snippet":"max-snippet:-1","max-image-preview":"max-image-preview:large","max-video-preview":"max-video-preview:-1"},"canonical":"https:\/\/diario.madrid.es\/villaverde\/2026\/09\/04\/villaverde-vuelve-a-reunir-a-lo-mejor-de-la-escena-indie-en-una-nueva-edicion-del-festival-indyspensable\/","og_locale":"es_ES","og_type":"article","og_title":"Villaverde re\u00fane a lo mejor del indie en una nueva edici\u00f3n del Festival Indyspensable","og_description":"Villaverde celebrar\u00e1 el viernes 25 y s\u00e1bado 26 de septiembre en el Auditorio Municipal El Espinillo la XXI edici\u00f3n del festival indie.","og_url":"https:\/\/diario.madrid.es\/villaverde\/2026\/09\/04\/villaverde-vuelve-a-reunir-a-lo-mejor-de-la-escena-indie-en-una-nueva-edicion-del-festival-indyspensable\/","og_site_name":"Villaverde","article_publisher":"https:\/\/www.facebook.com\/juntamunicipal.distritovillaverde","article_published_time":"2026-09-04T08:31:00+00:00","article_modified_time":"2026-09-04T08:55:57+00:00","og_image":[{"width":1599,"height":1016,"url":"https:\/\/diario.madrid.es\/villaverde\/wp-content\/uploads\/sites\/17\/2026\/09\/DESTACADA-INDYSPENSABLE.jpeg","type":"image\/jpeg"}],"author":"ipons","twitter_card":"summary_large_image","twitter_creator":"@JMD_villaverde","twitter_site":"@JMD_villaverde","twitter_misc":{"Escrito por":"ipons","Tiempo de lectura":"2 minutos"},"schema":{"@context":"https:\/\/schema.org","@graph":[{"@type":"Article","@id":"https:\/\/diario.madrid.es\/villaverde\/2026\/09\/04\/villaverde-vuelve-a-reunir-a-lo-mejor-de-la-escena-indie-en-una-nueva-edicion-del-festival-indyspensable\/#article","isPartOf":{"@id":"https:\/\/diario.madrid.es\/villaverde\/2026\/09\/04\/villaverde-vuelve-a-reunir-a-lo-mejor-de-la-escena-indie-en-una-nueva-edicion-del-festival-indyspensable\/"},"author":{"name":"ipons","@id":"https:\/\/diario.madrid.es\/villaverde\/#\/schema\/person\/62139c9f4bc58631251e51416e20ddce"},"headline":"Villaverde re\u00fane a lo mejor del indie en una nueva edici\u00f3n del Festival Indyspensable","datePublished":"2026-09-04T08:31:00+00:00","dateModified":"2026-09-04T08:55:57+00:00","mainEntityOfPage":{"@id":"https:\/\/diario.madrid.es\/villaverde\/2026\/09\/04\/villaverde-vuelve-a-reunir-a-lo-mejor-de-la-escena-indie-en-una-nueva-edicion-del-festival-indyspensable\/"},"wordCount":345,"publisher":{"@id":"https:\/\/diario.madrid.es\/villaverde\/#organization"},"image":{"@id":"https:\/\/diario.madrid.es\/villaverde\/2026\/09\/04\/villaverde-vuelve-a-reunir-a-lo-mejor-de-la-escena-indie-en-una-nueva-edicion-del-festival-indyspensable\/#primaryimage"},"thumbnailUrl":"https:\/\/diario.madrid.es\/villaverde\/wp-content\/uploads\/sites\/17\/2026\/09\/DESTACADA-INDYSPENSABLE.jpeg","keywords":["Festival Indie","m\u00fasica"],"articleSection":["Cultura"],"inLanguage":"es"},{"@type":"WebPage","@id":"https:\/\/diario.madrid.es\/villaverde\/2026\/09\/04\/villaverde-vuelve-a-reunir-a-lo-mejor-de-la-escena-indie-en-una-nueva-edicion-del-festival-indyspensable\/","url":"https:\/\/diario.madrid.es\/villaverde\/2026\/09\/04\/villaverde-vuelve-a-reunir-a-lo-mejor-de-la-escena-indie-en-una-nueva-edicion-del-festival-indyspensable\/","name":"Villaverde celebra una nueva edici\u00f3n del Festival Indyspensable","isPartOf":{"@id":"https:\/\/diario.madrid.es\/villaverde\/#website"},"primaryImageOfPage":{"@id":"https:\/\/diario.madrid.es\/villaverde\/2026\/09\/04\/villaverde-vuelve-a-reunir-a-lo-mejor-de-la-escena-indie-en-una-nueva-edicion-del-festival-indyspensable\/#primaryimage"},"image":{"@id":"https:\/\/diario.madrid.es\/villaverde\/2026\/09\/04\/villaverde-vuelve-a-reunir-a-lo-mejor-de-la-escena-indie-en-una-nueva-edicion-del-festival-indyspensable\/#primaryimage"},"thumbnailUrl":"https:\/\/diario.madrid.es\/villaverde\/wp-content\/uploads\/sites\/17\/2026\/09\/DESTACADA-INDYSPENSABLE.jpeg","datePublished":"2026-09-04T08:31:00+00:00","dateModified":"2026-09-04T08:55:57+00:00","description":"Villaverde celebrar\u00e1 el viernes 25 y s\u00e1bado 26 de septiembre en el Auditorio Municipal El Espinillo la XXI edici\u00f3n del festival indie.","breadcrumb":{"@id":"https:\/\/diario.madrid.es\/villaverde\/2026\/09\/04\/villaverde-vuelve-a-reunir-a-lo-mejor-de-la-escena-indie-en-una-nueva-edicion-del-festival-indyspensable\/#breadcrumb"},"inLanguage":"es","potentialAction":[{"@type":"ReadAction","target":["https:\/\/diario.madrid.es\/villaverde\/2026\/09\/04\/villaverde-vuelve-a-reunir-a-lo-mejor-de-la-escena-indie-en-una-nueva-edicion-del-festival-indyspensable\/"]}]},{"@type":"ImageObject","inLanguage":"es","@id":"https:\/\/diario.madrid.es\/villaverde\/2026\/09\/04\/villaverde-vuelve-a-reunir-a-lo-mejor-de-la-escena-indie-en-una-nueva-edicion-del-festival-indyspensable\/#primaryimage","url":"https:\/\/diario.madrid.es\/villaverde\/wp-content\/uploads\/sites\/17\/2026\/09\/DESTACADA-INDYSPENSABLE.jpeg","contentUrl":"https:\/\/diario.madrid.es\/villaverde\/wp-content\/uploads\/sites\/17\/2026\/09\/DESTACADA-INDYSPENSABLE.jpeg","width":1599,"height":1016,"caption":"Imagen del festival Indyspensable 2025"},{"@type":"BreadcrumbList","@id":"https:\/\/diario.madrid.es\/villaverde\/2026\/09\/04\/villaverde-vuelve-a-reunir-a-lo-mejor-de-la-escena-indie-en-una-nueva-edicion-del-festival-indyspensable\/#breadcrumb","itemListElement":[{"@type":"ListItem","position":1,"name":"Portada","item":"https:\/\/diario.madrid.es\/villaverde\/"},{"@type":"ListItem","position":2,"name":"Villaverde re\u00fane a lo mejor del indie en una nueva edici\u00f3n del Festival Indyspensable"}]},{"@type":"WebSite","@id":"https:\/\/diario.madrid.es\/villaverde\/#website","url":"https:\/\/diario.madrid.es\/villaverde\/","name":"Diario Madrid - Villaverde","description":"Toda la informaci\u00f3n sobre Villaverde","publisher":{"@id":"https:\/\/diario.madrid.es\/villaverde\/#organization"},"potentialAction":[{"@type":"SearchAction","target":{"@type":"EntryPoint","urlTemplate":"https:\/\/diario.madrid.es\/villaverde\/?s={search_term_string}"},"query-input":{"@type":"PropertyValueSpecification","valueRequired":true,"valueName":"search_term_string"}}],"inLanguage":"es"},{"@type":"Organization","@id":"https:\/\/diario.madrid.es\/villaverde\/#organization","name":"Diario Madrid - Villaverde","url":"https:\/\/diario.madrid.es\/villaverde\/","logo":{"@type":"ImageObject","inLanguage":"es","@id":"https:\/\/diario.madrid.es\/villaverde\/#\/schema\/logo\/image\/","url":"https:\/\/diario.madrid.es\/villaverde\/wp-content\/uploads\/sites\/17\/2025\/02\/Escudo-Ayuntamiento-Madrid.png","contentUrl":"https:\/\/diario.madrid.es\/villaverde\/wp-content\/uploads\/sites\/17\/2025\/02\/Escudo-Ayuntamiento-Madrid.png","width":1200,"height":675,"caption":"Diario Madrid - Villaverde"},"image":{"@id":"https:\/\/diario.madrid.es\/villaverde\/#\/schema\/logo\/image\/"},"sameAs":["https:\/\/www.facebook.com\/juntamunicipal.distritovillaverde","https:\/\/x.com\/JMD_villaverde"]},{"@type":"Person","@id":"https:\/\/diario.madrid.es\/villaverde\/#\/schema\/person\/62139c9f4bc58631251e51416e20ddce","name":"ipons","image":{"@type":"ImageObject","inLanguage":"es","@id":"https:\/\/diario.madrid.es\/villaverde\/#\/schema\/person\/image\/","url":"https:\/\/secure.gravatar.com\/avatar\/1d99072a6a767f80bc1b88e1473d7108942cead7963b7d95ced95ddd08d8154b?s=96&d=mm&r=g","contentUrl":"https:\/\/secure.gravatar.com\/avatar\/1d99072a6a767f80bc1b88e1473d7108942cead7963b7d95ced95ddd08d8154b?s=96&d=mm&r=g","caption":"ipons"}}]}},"_links":{"self":[{"href":"https:\/\/diario.madrid.es\/villaverde\/wp-json\/wp\/v2\/posts\/4511","targetHints":{"allow":["GET"]}}],"collection":[{"href":"https:\/\/diario.madrid.es\/villaverde\/wp-json\/wp\/v2\/posts"}],"about":[{"href":"https:\/\/diario.madrid.es\/villaverde\/wp-json\/wp\/v2\/types\/post"}],"author":[{"embeddable":true,"href":"https:\/\/diario.madrid.es\/villaverde\/wp-json\/wp\/v2\/users\/224"}],"replies":[{"embeddable":true,"href":"https:\/\/diario.madrid.es\/villaverde\/wp-json\/wp\/v2\/comments?post=4511"}],"version-history":[{"count":5,"href":"https:\/\/diario.madrid.es\/villaverde\/wp-json\/wp\/v2\/posts\/4511\/revisions"}],"predecessor-version":[{"id":4518,"href":"https:\/\/diario.madrid.es\/villaverde\/wp-json\/wp\/v2\/posts\/4511\/revisions\/4518"}],"wp:featuredmedia":[{"embeddable":true,"href":"https:\/\/diario.madrid.es\/villaverde\/wp-json\/wp\/v2\/media\/4515"}],"wp:attachment":[{"href":"https:\/\/diario.madrid.es\/villaverde\/wp-json\/wp\/v2\/media?parent=4511"}],"wp:term":[{"taxonomy":"category","embeddable":true,"href":"https:\/\/diario.madrid.es\/villaverde\/wp-json\/wp\/v2\/categories?post=4511"},{"taxonomy":"post_tag","embeddable":true,"href":"https:\/\/diario.madrid.es\/villaverde\/wp-json\/wp\/v2\/tags?post=4511"}],"curies":[{"name":"wp","href":"https:\/\/api.w.org\/{rel}","templated":true}]}}