{"id":6053,"date":"2026-09-03T08:31:25","date_gmt":"2026-09-03T08:31:25","guid":{"rendered":"https:\/\/diario.madrid.es\/vicalvaro\/?p=6053"},"modified":"2026-09-03T08:31:25","modified_gmt":"2026-09-03T08:31:25","slug":"titeres-musica-en-directo-y-fotografia-para-disfrutar-en-vicalvaro-5-y-6-de-septiembre","status":"publish","type":"post","link":"https:\/\/diario.madrid.es\/vicalvaro\/2026\/09\/03\/titeres-musica-en-directo-y-fotografia-para-disfrutar-en-vicalvaro-5-y-6-de-septiembre\/","title":{"rendered":"T\u00edteres, m\u00fasica en directo y fotograf\u00eda para disfrutar en Vic\u00e1lvaro (5 y 6 de septiembre)"},"content":{"rendered":"<p>Este fin de semana, disfruta de la creatividad, la reflexi\u00f3n y el entretenimiento en distintos espacios del distrito de Vic\u00e1lvaro. La agenda cultural te propone una divertida sesi\u00f3n de t\u00edteres para toda la familia, un concierto de m\u00fasica en directo y dos interesantes exposiciones fotogr\u00e1ficas. Una oportunidad perfecta para compartir tiempo en compa\u00f1\u00eda, descubrir nuevas perspectivas art\u00edsticas y acercarte a la cultura tanto al aire libre como en los centros culturales del distrito. Consulta la programaci\u00f3n completa y aprovecha estos d\u00edas para disfrutar de actividades gratuitas pensadas para todos los p\u00fablicos.<\/p>\n<p>&nbsp;<\/p>\n<h2><strong>S\u00c1BADO 5<\/strong><\/h2>\n<p><a href=\"https:\/\/www.madrid.es\/portales\/munimadrid\/es\/Inicio\/El-Ayuntamiento\/Vicalvaro\/Programacion-cultural-de-Vicalvaro\/El-Canaveral-Corre-corre-tortuga-\/?vgnextfmt=default&amp;vgnextoid=3d2cc777e89fe910VgnVCM100000891ecb1aRCRD&amp;vgnextchannel=64192bc9b3631910VgnVCM2000001f4a900aRCRD\"><strong><span style=\"color: #3366ff\">Corre, corre tortuga<\/span><\/strong><\/a><strong> (t\u00edteres)<\/strong><\/p>\n<p><strong>11:00 horas<\/strong><\/p>\n<p><strong>El Ca\u00f1averal. Jard\u00edn lineal situado en la calle de Imperio Argentina, 71<\/strong><\/p>\n<p>La compa\u00f1\u00eda La Higuera Produce interpreta esta obra inspirada en la f\u00e1bula de la liebre y la tortuga, a trav\u00e9s de la m\u00fasica, los t\u00edteres y la participaci\u00f3n de los peques, transmite valores como la vida saludable, el cuidado del medioambiente y la importancia de disfrutar el camino sin prisas. La actividad se enmarca en el programa cultural organizado por la Junta Municipal de Vic\u00e1lvaro \u2018La Constelaci\u00f3n de la Cultura\u2019.<\/p>\n<p>&nbsp;<\/p>\n<h2><strong>DOMINGO 6<\/strong><\/h2>\n<p><span style=\"color: #3366ff\"><a style=\"color: #3366ff\" href=\"https:\/\/www.madrid.es\/portales\/munimadrid\/es\/Inicio\/El-Ayuntamiento\/Vicalvaro\/Programacion-cultural-de-Vicalvaro\/Dadu-Javi-Musica-al-Mundo\/?vgnextfmt=default&amp;vgnextoid=4a8ab27adc20f910VgnVCM100000891ecb1aRCRD&amp;vgnextchannel=64192bc9b3631910VgnVCM2000001f4a900aRCRD\"><strong>\u201cM\u00fasica al mundo\u201d de Dadu &amp; Javi<\/strong><\/a><\/span><strong> (m\u00fasica)<\/strong><\/p>\n<p><strong>20:00 horas<\/strong><\/p>\n<p><strong>Plaza de D. Antonio de Andr\u00e9s<\/strong><\/p>\n<p>Bossa nova, boleros, pop y folk en versiones \u00edntimas, delicadas y llenas de buen rollo. Una propuesta que reinterpreta canciones conocidas con un toque tropical y cercano, pensada para emocionar y compartir un momento especial e inolvidable. La actividad se enmarca en el programa cultural organizado por la Junta Municipal de Vic\u00e1lvaro \u2018La Constelaci\u00f3n de la Cultura\u2019.<\/p>\n<figure id=\"attachment_6055\" aria-describedby=\"caption-attachment-6055\" style=\"width: 378px\" class=\"wp-caption aligncenter\"><img decoding=\"async\" class=\"wp-image-6055 size-full\" src=\"https:\/\/diario.madrid.es\/vicalvaro\/wp-content\/uploads\/sites\/35\/2026\/09\/empatiza.jpg\" alt=\"Hombre posando \" width=\"378\" height=\"252\" srcset=\"https:\/\/diario.madrid.es\/vicalvaro\/wp-content\/uploads\/sites\/35\/2026\/09\/empatiza.jpg 378w, https:\/\/diario.madrid.es\/vicalvaro\/wp-content\/uploads\/sites\/35\/2026\/09\/empatiza-300x200.jpg 300w\" sizes=\"(max-width: 378px) 100vw, 378px\" \/><figcaption id=\"caption-attachment-6055\" class=\"wp-caption-text\">Exposici\u00f3n &#8216;Empatiza&#8217;. Imagen de archivo<\/figcaption><\/figure>\n<h2><strong>EXPOSICIONES<\/strong><\/h2>\n<p><a href=\"https:\/\/vicalvablog.com\/eventos\/exposicion-fotografia-maria-santos-c-c-fuente-de-san-pedro-valderrivas\/?event_date=2026-09-03\"><strong><span style=\"color: #3366ff\">Mar\u00eda Santos<\/span><\/strong><\/a><strong> (fotograf\u00eda)<\/strong><\/p>\n<p><strong>Del 1 al 12 de septiembre<\/strong><\/p>\n<p><strong>Centro Cultural Fuente de San Pedro, Valderrivas. Calle del Titanio, 5<\/strong><\/p>\n<p>Con esta exposici\u00f3n de momentos y lugares Mar\u00eda Santos refleja los cambios de color y formas con los que la naturaleza consigue despertar emociones y sensaciones<\/p>\n<p><a href=\"https:\/\/vicalvablog.com\/eventos\/exposicion-fotografia-empatiza-c-c-valdebernardo\/?event_date=2026-09-02\"><strong><span style=\"color: #3366ff\">Empatiza<\/span><\/strong><\/a><strong> (fotograf\u00eda)<\/strong><\/p>\n<p><strong>Del 1 al 15 de septiembre<\/strong><\/p>\n<p><strong>Centro Cultural Valdebernardo. Bulevar de Indalecio Prieto, 21<\/strong><\/p>\n<p>Empatiza es un proyecto del Centro de Rehabilitaci\u00f3n Laboral Pedro Zerolo que utiliza la fotograf\u00eda para promover la sensibilizaci\u00f3n sobre la salud mental en el \u00e1mbito laboral y combatir el estigma. A trav\u00e9s de 24 fotograf\u00edas y espacios de di\u00e1logo, invita a reflexionar sobre la importancia de crear entornos de trabajo m\u00e1s humanos, inclusivos y saludables. M\u00e1s que una exposici\u00f3n, esta propuesta es una invitaci\u00f3n a mirar la salud mental desde la empat\u00eda y a entender que el bienestar en el trabajo es una responsabilidad compartida.<\/p>\n<p><strong>\u00a0<\/strong><\/p>\n<p>Puedes consultar toda la programaci\u00f3n y m\u00e1s detalles de la agenda cultural de Vic\u00e1lvaro del 5 y 6 de septiembre\u00a0<span style=\"color: #3366ff\"><a style=\"color: #3366ff\" href=\"https:\/\/www.madrid.es\/portales\/munimadrid\/es\/Inicio\/El-Ayuntamiento\/Vicalvaro?vgnextfmt=default&amp;vgnextchannel=f4c1ca5d5fb96010VgnVCM100000dc0ca8c0RCRD\"><strong>aqu\u00ed<\/strong><\/a><\/span>.<\/p>\n<p>&nbsp;<\/p>\n","protected":false},"excerpt":{"rendered":"<p>Este fin de semana, disfruta de la creatividad, la reflexi\u00f3n y el entretenimiento en distintos espacios del distrito de Vic\u00e1lvaro. La agenda cultural te propone una divertida sesi\u00f3n de t\u00edteres para toda la familia, un concierto de m\u00fasica en directo y dos interesantes exposiciones fotogr\u00e1ficas. Una oportunidad perfecta para compartir tiempo en compa\u00f1\u00eda, descubrir nuevas perspectivas art\u00edsticas y acercarte a la cultura tanto al aire libre como en los centros culturales del distrito. Consulta la programaci\u00f3n completa y aprovecha estos d\u00edas para disfrutar de actividades gratuitas pensadas para todos los p\u00fablicos.<\/p>\n","protected":false},"author":140,"featured_media":6054,"comment_status":"closed","ping_status":"closed","sticky":false,"template":"","format":"standard","meta":{"footnotes":""},"categories":[116],"tags":[254],"class_list":["post-6053","post","type-post","status-publish","format-standard","has-post-thumbnail","hentry","category-cultura","tag-agenda-cultural"],"yoast_head":"<!-- This site is optimized with the Yoast SEO Premium plugin v25.4 (Yoast SEO v26.4) - https:\/\/yoast.com\/wordpress\/plugins\/seo\/ -->\n<title>T\u00edteres, m\u00fasica y fotograf\u00eda para disfrutar en Vic\u00e1lvaro (5-6 sept)<\/title>\n<meta name=\"description\" content=\"Disfruta de los t\u00edteres, de la m\u00fasica en directo y de la fotograf\u00eda este fin de semana en Vic\u00e1lvaro\" \/>\n<meta name=\"robots\" content=\"index, follow, max-snippet:-1, max-image-preview:large, max-video-preview:-1\" \/>\n<link rel=\"canonical\" href=\"https:\/\/diario.madrid.es\/vicalvaro\/2026\/09\/03\/titeres-musica-en-directo-y-fotografia-para-disfrutar-en-vicalvaro-5-y-6-de-septiembre\/\" \/>\n<meta property=\"og:locale\" content=\"es_ES\" \/>\n<meta property=\"og:type\" content=\"article\" \/>\n<meta property=\"og:title\" content=\"T\u00edteres, m\u00fasica en directo y fotograf\u00eda para disfrutar en Vic\u00e1lvaro (5 y 6 de septiembre)\" \/>\n<meta property=\"og:description\" content=\"Disfruta de los t\u00edteres, de la m\u00fasica en directo y de la fotograf\u00eda este fin de semana en Vic\u00e1lvaro\" \/>\n<meta property=\"og:url\" content=\"https:\/\/diario.madrid.es\/vicalvaro\/2026\/09\/03\/titeres-musica-en-directo-y-fotografia-para-disfrutar-en-vicalvaro-5-y-6-de-septiembre\/\" \/>\n<meta property=\"og:site_name\" content=\"Vic\u00e1lvaro\" \/>\n<meta property=\"article:published_time\" content=\"2026-09-03T08:31:25+00:00\" \/>\n<meta property=\"og:image\" content=\"https:\/\/diario.madrid.es\/vicalvaro\/wp-content\/uploads\/sites\/35\/2026\/09\/CartelActivVerano.jpg\" \/>\n\t<meta property=\"og:image:width\" content=\"638\" \/>\n\t<meta property=\"og:image:height\" content=\"727\" \/>\n\t<meta property=\"og:image:type\" content=\"image\/jpeg\" \/>\n<meta name=\"author\" content=\"sacristan\" \/>\n<meta name=\"twitter:card\" content=\"summary_large_image\" \/>\n<meta name=\"twitter:creator\" content=\"@jmdvicalvaro\" \/>\n<meta name=\"twitter:site\" content=\"@jmdvicalvaro\" \/>\n<meta name=\"twitter:label1\" content=\"Escrito por\" \/>\n\t<meta name=\"twitter:data1\" content=\"sacristan\" \/>\n\t<meta name=\"twitter:label2\" content=\"Tiempo de lectura\" \/>\n\t<meta name=\"twitter:data2\" content=\"3 minutos\" \/>\n<script type=\"application\/ld+json\" class=\"yoast-schema-graph\">{\"@context\":\"https:\/\/schema.org\",\"@graph\":[{\"@type\":\"Article\",\"@id\":\"https:\/\/diario.madrid.es\/vicalvaro\/2026\/09\/03\/titeres-musica-en-directo-y-fotografia-para-disfrutar-en-vicalvaro-5-y-6-de-septiembre\/#article\",\"isPartOf\":{\"@id\":\"https:\/\/diario.madrid.es\/vicalvaro\/2026\/09\/03\/titeres-musica-en-directo-y-fotografia-para-disfrutar-en-vicalvaro-5-y-6-de-septiembre\/\"},\"author\":{\"name\":\"sacristan\",\"@id\":\"https:\/\/diario.madrid.es\/vicalvaro\/#\/schema\/person\/742142e871cb134f7480044b62d416db\"},\"headline\":\"T\u00edteres, m\u00fasica en directo y fotograf\u00eda para disfrutar en Vic\u00e1lvaro (5 y 6 de septiembre)\",\"datePublished\":\"2026-09-03T08:31:25+00:00\",\"mainEntityOfPage\":{\"@id\":\"https:\/\/diario.madrid.es\/vicalvaro\/2026\/09\/03\/titeres-musica-en-directo-y-fotografia-para-disfrutar-en-vicalvaro-5-y-6-de-septiembre\/\"},\"wordCount\":492,\"publisher\":{\"@id\":\"https:\/\/diario.madrid.es\/vicalvaro\/#organization\"},\"image\":{\"@id\":\"https:\/\/diario.madrid.es\/vicalvaro\/2026\/09\/03\/titeres-musica-en-directo-y-fotografia-para-disfrutar-en-vicalvaro-5-y-6-de-septiembre\/#primaryimage\"},\"thumbnailUrl\":\"https:\/\/diario.madrid.es\/vicalvaro\/wp-content\/uploads\/sites\/35\/2026\/09\/CartelActivVerano.jpg\",\"keywords\":[\"agenda cultural\"],\"articleSection\":[\"Cultura\"],\"inLanguage\":\"es\"},{\"@type\":\"WebPage\",\"@id\":\"https:\/\/diario.madrid.es\/vicalvaro\/2026\/09\/03\/titeres-musica-en-directo-y-fotografia-para-disfrutar-en-vicalvaro-5-y-6-de-septiembre\/\",\"url\":\"https:\/\/diario.madrid.es\/vicalvaro\/2026\/09\/03\/titeres-musica-en-directo-y-fotografia-para-disfrutar-en-vicalvaro-5-y-6-de-septiembre\/\",\"name\":\"T\u00edteres, m\u00fasica y fotograf\u00eda para disfrutar en Vic\u00e1lvaro (5-6 sept)\",\"isPartOf\":{\"@id\":\"https:\/\/diario.madrid.es\/vicalvaro\/#website\"},\"primaryImageOfPage\":{\"@id\":\"https:\/\/diario.madrid.es\/vicalvaro\/2026\/09\/03\/titeres-musica-en-directo-y-fotografia-para-disfrutar-en-vicalvaro-5-y-6-de-septiembre\/#primaryimage\"},\"image\":{\"@id\":\"https:\/\/diario.madrid.es\/vicalvaro\/2026\/09\/03\/titeres-musica-en-directo-y-fotografia-para-disfrutar-en-vicalvaro-5-y-6-de-septiembre\/#primaryimage\"},\"thumbnailUrl\":\"https:\/\/diario.madrid.es\/vicalvaro\/wp-content\/uploads\/sites\/35\/2026\/09\/CartelActivVerano.jpg\",\"datePublished\":\"2026-09-03T08:31:25+00:00\",\"description\":\"Disfruta de los t\u00edteres, de la m\u00fasica en directo y de la fotograf\u00eda este fin de semana en Vic\u00e1lvaro\",\"breadcrumb\":{\"@id\":\"https:\/\/diario.madrid.es\/vicalvaro\/2026\/09\/03\/titeres-musica-en-directo-y-fotografia-para-disfrutar-en-vicalvaro-5-y-6-de-septiembre\/#breadcrumb\"},\"inLanguage\":\"es\",\"potentialAction\":[{\"@type\":\"ReadAction\",\"target\":[\"https:\/\/diario.madrid.es\/vicalvaro\/2026\/09\/03\/titeres-musica-en-directo-y-fotografia-para-disfrutar-en-vicalvaro-5-y-6-de-septiembre\/\"]}]},{\"@type\":\"ImageObject\",\"inLanguage\":\"es\",\"@id\":\"https:\/\/diario.madrid.es\/vicalvaro\/2026\/09\/03\/titeres-musica-en-directo-y-fotografia-para-disfrutar-en-vicalvaro-5-y-6-de-septiembre\/#primaryimage\",\"url\":\"https:\/\/diario.madrid.es\/vicalvaro\/wp-content\/uploads\/sites\/35\/2026\/09\/CartelActivVerano.jpg\",\"contentUrl\":\"https:\/\/diario.madrid.es\/vicalvaro\/wp-content\/uploads\/sites\/35\/2026\/09\/CartelActivVerano.jpg\",\"width\":638,\"height\":727,\"caption\":\"Cartel Verano en Vic\u00e1lvaro\"},{\"@type\":\"BreadcrumbList\",\"@id\":\"https:\/\/diario.madrid.es\/vicalvaro\/2026\/09\/03\/titeres-musica-en-directo-y-fotografia-para-disfrutar-en-vicalvaro-5-y-6-de-septiembre\/#breadcrumb\",\"itemListElement\":[{\"@type\":\"ListItem\",\"position\":1,\"name\":\"Portada\",\"item\":\"https:\/\/diario.madrid.es\/vicalvaro\/\"},{\"@type\":\"ListItem\",\"position\":2,\"name\":\"T\u00edteres, m\u00fasica en directo y fotograf\u00eda para disfrutar en Vic\u00e1lvaro (5 y 6 de septiembre)\"}]},{\"@type\":\"WebSite\",\"@id\":\"https:\/\/diario.madrid.es\/vicalvaro\/#website\",\"url\":\"https:\/\/diario.madrid.es\/vicalvaro\/\",\"name\":\"Diario Madrid - Vic\u00e1lvaro\",\"description\":\"Otro sitio m\u00e1s de Sitios diario.madrid.es\",\"publisher\":{\"@id\":\"https:\/\/diario.madrid.es\/vicalvaro\/#organization\"},\"potentialAction\":[{\"@type\":\"SearchAction\",\"target\":{\"@type\":\"EntryPoint\",\"urlTemplate\":\"https:\/\/diario.madrid.es\/vicalvaro\/?s={search_term_string}\"},\"query-input\":{\"@type\":\"PropertyValueSpecification\",\"valueRequired\":true,\"valueName\":\"search_term_string\"}}],\"inLanguage\":\"es\"},{\"@type\":\"Organization\",\"@id\":\"https:\/\/diario.madrid.es\/vicalvaro\/#organization\",\"name\":\"Vic\u00e1lvaro\",\"url\":\"https:\/\/diario.madrid.es\/vicalvaro\/\",\"logo\":{\"@type\":\"ImageObject\",\"inLanguage\":\"es\",\"@id\":\"https:\/\/diario.madrid.es\/vicalvaro\/#\/schema\/logo\/image\/\",\"url\":\"https:\/\/diario.madrid.es\/vicalvaro\/wp-content\/uploads\/sites\/35\/2025\/02\/Escudo-Ayuntamiento-Madrid-1.png\",\"contentUrl\":\"https:\/\/diario.madrid.es\/vicalvaro\/wp-content\/uploads\/sites\/35\/2025\/02\/Escudo-Ayuntamiento-Madrid-1.png\",\"width\":1200,\"height\":675,\"caption\":\"Vic\u00e1lvaro\"},\"image\":{\"@id\":\"https:\/\/diario.madrid.es\/vicalvaro\/#\/schema\/logo\/image\/\"},\"sameAs\":[\"https:\/\/x.com\/jmdvicalvaro\"]},{\"@type\":\"Person\",\"@id\":\"https:\/\/diario.madrid.es\/vicalvaro\/#\/schema\/person\/742142e871cb134f7480044b62d416db\",\"name\":\"sacristan\",\"image\":{\"@type\":\"ImageObject\",\"inLanguage\":\"es\",\"@id\":\"https:\/\/diario.madrid.es\/vicalvaro\/#\/schema\/person\/image\/\",\"url\":\"https:\/\/secure.gravatar.com\/avatar\/b18ce99a094dc74dc4f0a208d689e2b8ed4a4b5e83d06ae947fc51b7e7cc9053?s=96&d=mm&r=g\",\"contentUrl\":\"https:\/\/secure.gravatar.com\/avatar\/b18ce99a094dc74dc4f0a208d689e2b8ed4a4b5e83d06ae947fc51b7e7cc9053?s=96&d=mm&r=g\",\"caption\":\"sacristan\"}}]}<\/script>\n<!-- \/ Yoast SEO Premium plugin. -->","yoast_head_json":{"title":"T\u00edteres, m\u00fasica y fotograf\u00eda para disfrutar en Vic\u00e1lvaro (5-6 sept)","description":"Disfruta de los t\u00edteres, de la m\u00fasica en directo y de la fotograf\u00eda este fin de semana en Vic\u00e1lvaro","robots":{"index":"index","follow":"follow","max-snippet":"max-snippet:-1","max-image-preview":"max-image-preview:large","max-video-preview":"max-video-preview:-1"},"canonical":"https:\/\/diario.madrid.es\/vicalvaro\/2026\/09\/03\/titeres-musica-en-directo-y-fotografia-para-disfrutar-en-vicalvaro-5-y-6-de-septiembre\/","og_locale":"es_ES","og_type":"article","og_title":"T\u00edteres, m\u00fasica en directo y fotograf\u00eda para disfrutar en Vic\u00e1lvaro (5 y 6 de septiembre)","og_description":"Disfruta de los t\u00edteres, de la m\u00fasica en directo y de la fotograf\u00eda este fin de semana en Vic\u00e1lvaro","og_url":"https:\/\/diario.madrid.es\/vicalvaro\/2026\/09\/03\/titeres-musica-en-directo-y-fotografia-para-disfrutar-en-vicalvaro-5-y-6-de-septiembre\/","og_site_name":"Vic\u00e1lvaro","article_published_time":"2026-09-03T08:31:25+00:00","og_image":[{"width":638,"height":727,"url":"https:\/\/diario.madrid.es\/vicalvaro\/wp-content\/uploads\/sites\/35\/2026\/09\/CartelActivVerano.jpg","type":"image\/jpeg"}],"author":"sacristan","twitter_card":"summary_large_image","twitter_creator":"@jmdvicalvaro","twitter_site":"@jmdvicalvaro","twitter_misc":{"Escrito por":"sacristan","Tiempo de lectura":"3 minutos"},"schema":{"@context":"https:\/\/schema.org","@graph":[{"@type":"Article","@id":"https:\/\/diario.madrid.es\/vicalvaro\/2026\/09\/03\/titeres-musica-en-directo-y-fotografia-para-disfrutar-en-vicalvaro-5-y-6-de-septiembre\/#article","isPartOf":{"@id":"https:\/\/diario.madrid.es\/vicalvaro\/2026\/09\/03\/titeres-musica-en-directo-y-fotografia-para-disfrutar-en-vicalvaro-5-y-6-de-septiembre\/"},"author":{"name":"sacristan","@id":"https:\/\/diario.madrid.es\/vicalvaro\/#\/schema\/person\/742142e871cb134f7480044b62d416db"},"headline":"T\u00edteres, m\u00fasica en directo y fotograf\u00eda para disfrutar en Vic\u00e1lvaro (5 y 6 de septiembre)","datePublished":"2026-09-03T08:31:25+00:00","mainEntityOfPage":{"@id":"https:\/\/diario.madrid.es\/vicalvaro\/2026\/09\/03\/titeres-musica-en-directo-y-fotografia-para-disfrutar-en-vicalvaro-5-y-6-de-septiembre\/"},"wordCount":492,"publisher":{"@id":"https:\/\/diario.madrid.es\/vicalvaro\/#organization"},"image":{"@id":"https:\/\/diario.madrid.es\/vicalvaro\/2026\/09\/03\/titeres-musica-en-directo-y-fotografia-para-disfrutar-en-vicalvaro-5-y-6-de-septiembre\/#primaryimage"},"thumbnailUrl":"https:\/\/diario.madrid.es\/vicalvaro\/wp-content\/uploads\/sites\/35\/2026\/09\/CartelActivVerano.jpg","keywords":["agenda cultural"],"articleSection":["Cultura"],"inLanguage":"es"},{"@type":"WebPage","@id":"https:\/\/diario.madrid.es\/vicalvaro\/2026\/09\/03\/titeres-musica-en-directo-y-fotografia-para-disfrutar-en-vicalvaro-5-y-6-de-septiembre\/","url":"https:\/\/diario.madrid.es\/vicalvaro\/2026\/09\/03\/titeres-musica-en-directo-y-fotografia-para-disfrutar-en-vicalvaro-5-y-6-de-septiembre\/","name":"T\u00edteres, m\u00fasica y fotograf\u00eda para disfrutar en Vic\u00e1lvaro (5-6 sept)","isPartOf":{"@id":"https:\/\/diario.madrid.es\/vicalvaro\/#website"},"primaryImageOfPage":{"@id":"https:\/\/diario.madrid.es\/vicalvaro\/2026\/09\/03\/titeres-musica-en-directo-y-fotografia-para-disfrutar-en-vicalvaro-5-y-6-de-septiembre\/#primaryimage"},"image":{"@id":"https:\/\/diario.madrid.es\/vicalvaro\/2026\/09\/03\/titeres-musica-en-directo-y-fotografia-para-disfrutar-en-vicalvaro-5-y-6-de-septiembre\/#primaryimage"},"thumbnailUrl":"https:\/\/diario.madrid.es\/vicalvaro\/wp-content\/uploads\/sites\/35\/2026\/09\/CartelActivVerano.jpg","datePublished":"2026-09-03T08:31:25+00:00","description":"Disfruta de los t\u00edteres, de la m\u00fasica en directo y de la fotograf\u00eda este fin de semana en Vic\u00e1lvaro","breadcrumb":{"@id":"https:\/\/diario.madrid.es\/vicalvaro\/2026\/09\/03\/titeres-musica-en-directo-y-fotografia-para-disfrutar-en-vicalvaro-5-y-6-de-septiembre\/#breadcrumb"},"inLanguage":"es","potentialAction":[{"@type":"ReadAction","target":["https:\/\/diario.madrid.es\/vicalvaro\/2026\/09\/03\/titeres-musica-en-directo-y-fotografia-para-disfrutar-en-vicalvaro-5-y-6-de-septiembre\/"]}]},{"@type":"ImageObject","inLanguage":"es","@id":"https:\/\/diario.madrid.es\/vicalvaro\/2026\/09\/03\/titeres-musica-en-directo-y-fotografia-para-disfrutar-en-vicalvaro-5-y-6-de-septiembre\/#primaryimage","url":"https:\/\/diario.madrid.es\/vicalvaro\/wp-content\/uploads\/sites\/35\/2026\/09\/CartelActivVerano.jpg","contentUrl":"https:\/\/diario.madrid.es\/vicalvaro\/wp-content\/uploads\/sites\/35\/2026\/09\/CartelActivVerano.jpg","width":638,"height":727,"caption":"Cartel Verano en Vic\u00e1lvaro"},{"@type":"BreadcrumbList","@id":"https:\/\/diario.madrid.es\/vicalvaro\/2026\/09\/03\/titeres-musica-en-directo-y-fotografia-para-disfrutar-en-vicalvaro-5-y-6-de-septiembre\/#breadcrumb","itemListElement":[{"@type":"ListItem","position":1,"name":"Portada","item":"https:\/\/diario.madrid.es\/vicalvaro\/"},{"@type":"ListItem","position":2,"name":"T\u00edteres, m\u00fasica en directo y fotograf\u00eda para disfrutar en Vic\u00e1lvaro (5 y 6 de septiembre)"}]},{"@type":"WebSite","@id":"https:\/\/diario.madrid.es\/vicalvaro\/#website","url":"https:\/\/diario.madrid.es\/vicalvaro\/","name":"Diario Madrid - Vic\u00e1lvaro","description":"Otro sitio m\u00e1s de Sitios diario.madrid.es","publisher":{"@id":"https:\/\/diario.madrid.es\/vicalvaro\/#organization"},"potentialAction":[{"@type":"SearchAction","target":{"@type":"EntryPoint","urlTemplate":"https:\/\/diario.madrid.es\/vicalvaro\/?s={search_term_string}"},"query-input":{"@type":"PropertyValueSpecification","valueRequired":true,"valueName":"search_term_string"}}],"inLanguage":"es"},{"@type":"Organization","@id":"https:\/\/diario.madrid.es\/vicalvaro\/#organization","name":"Vic\u00e1lvaro","url":"https:\/\/diario.madrid.es\/vicalvaro\/","logo":{"@type":"ImageObject","inLanguage":"es","@id":"https:\/\/diario.madrid.es\/vicalvaro\/#\/schema\/logo\/image\/","url":"https:\/\/diario.madrid.es\/vicalvaro\/wp-content\/uploads\/sites\/35\/2025\/02\/Escudo-Ayuntamiento-Madrid-1.png","contentUrl":"https:\/\/diario.madrid.es\/vicalvaro\/wp-content\/uploads\/sites\/35\/2025\/02\/Escudo-Ayuntamiento-Madrid-1.png","width":1200,"height":675,"caption":"Vic\u00e1lvaro"},"image":{"@id":"https:\/\/diario.madrid.es\/vicalvaro\/#\/schema\/logo\/image\/"},"sameAs":["https:\/\/x.com\/jmdvicalvaro"]},{"@type":"Person","@id":"https:\/\/diario.madrid.es\/vicalvaro\/#\/schema\/person\/742142e871cb134f7480044b62d416db","name":"sacristan","image":{"@type":"ImageObject","inLanguage":"es","@id":"https:\/\/diario.madrid.es\/vicalvaro\/#\/schema\/person\/image\/","url":"https:\/\/secure.gravatar.com\/avatar\/b18ce99a094dc74dc4f0a208d689e2b8ed4a4b5e83d06ae947fc51b7e7cc9053?s=96&d=mm&r=g","contentUrl":"https:\/\/secure.gravatar.com\/avatar\/b18ce99a094dc74dc4f0a208d689e2b8ed4a4b5e83d06ae947fc51b7e7cc9053?s=96&d=mm&r=g","caption":"sacristan"}}]}},"_links":{"self":[{"href":"https:\/\/diario.madrid.es\/vicalvaro\/wp-json\/wp\/v2\/posts\/6053","targetHints":{"allow":["GET"]}}],"collection":[{"href":"https:\/\/diario.madrid.es\/vicalvaro\/wp-json\/wp\/v2\/posts"}],"about":[{"href":"https:\/\/diario.madrid.es\/vicalvaro\/wp-json\/wp\/v2\/types\/post"}],"author":[{"embeddable":true,"href":"https:\/\/diario.madrid.es\/vicalvaro\/wp-json\/wp\/v2\/users\/140"}],"replies":[{"embeddable":true,"href":"https:\/\/diario.madrid.es\/vicalvaro\/wp-json\/wp\/v2\/comments?post=6053"}],"version-history":[{"count":2,"href":"https:\/\/diario.madrid.es\/vicalvaro\/wp-json\/wp\/v2\/posts\/6053\/revisions"}],"predecessor-version":[{"id":6057,"href":"https:\/\/diario.madrid.es\/vicalvaro\/wp-json\/wp\/v2\/posts\/6053\/revisions\/6057"}],"wp:featuredmedia":[{"embeddable":true,"href":"https:\/\/diario.madrid.es\/vicalvaro\/wp-json\/wp\/v2\/media\/6054"}],"wp:attachment":[{"href":"https:\/\/diario.madrid.es\/vicalvaro\/wp-json\/wp\/v2\/media?parent=6053"}],"wp:term":[{"taxonomy":"category","embeddable":true,"href":"https:\/\/diario.madrid.es\/vicalvaro\/wp-json\/wp\/v2\/categories?post=6053"},{"taxonomy":"post_tag","embeddable":true,"href":"https:\/\/diario.madrid.es\/vicalvaro\/wp-json\/wp\/v2\/tags?post=6053"}],"curies":[{"name":"wp","href":"https:\/\/api.w.org\/{rel}","templated":true}]}}