{"id":6050,"date":"2026-08-27T09:42:04","date_gmt":"2026-08-27T09:42:04","guid":{"rendered":"https:\/\/diario.madrid.es\/vicalvaro\/?p=6050"},"modified":"2026-08-27T09:42:04","modified_gmt":"2026-08-27T09:42:04","slug":"mandalas-y-cine-al-aire-libre-para-despedir-agosto-en-vicalvaro-28-30-agosto","status":"publish","type":"post","link":"https:\/\/diario.madrid.es\/vicalvaro\/2026\/08\/27\/mandalas-y-cine-al-aire-libre-para-despedir-agosto-en-vicalvaro-28-30-agosto\/","title":{"rendered":"Mandalas y cine al aire libre para despedir agosto en Vic\u00e1lvaro (28-30 agosto)"},"content":{"rendered":"<p>Este fin de semana, Vic\u00e1lvaro invita a disfrutar de la cultura y el ocio con propuestas para todas las edades. La programaci\u00f3n incluye un taller creativo de mandalas para fomentar la relajaci\u00f3n y la expresi\u00f3n art\u00edstica, as\u00ed como dos sesiones de cine al aire libre con las pel\u00edculas <em>Los Futbol\u00edsimos 2. El misterio del tesoro pirata<\/em> y <em>Del Rev\u00e9s 2<\/em>, ideales para compartir en familia. Consulta la agenda cultural del distrito y aprovecha los \u00faltimos d\u00edas de agosto con actividades gratuitas para todos los p\u00fablicos.<\/p>\n<p>&nbsp;<\/p>\n<h2><strong>VIERNES 28<\/strong><\/h2>\n<p><a href=\"https:\/\/www.madrid.es\/portales\/munimadrid\/es\/Inicio\/Actualidad\/Actividades-y-eventos\/Dibujamos-y-pintamos-mandalas\/?vgnextfmt=default&amp;vgnextoid=c2d4b060dcd91910VgnVCM2000001f4a900aRCRD&amp;vgnextchannel=ca9671ee4a9eb410VgnVCM100000171f5a0aRCRD\"><strong><span style=\"color: #3366ff\">Dibujamos y pintamos mandalas<\/span><\/strong><\/a><strong> (taller)<\/strong><\/p>\n<p><strong>De 10:00 a 12:00 horas<\/strong><\/p>\n<p><strong>Espacio de Igualdad Gloria Fuertes. Calle de Calahorra, 11 B<\/strong><\/p>\n<p>Todas conocemos los mandalas, pero \u00bfSabes realmente lo que son? En este taller crear\u00e1s mandalas desde cero, hechos con tus manos, tu creatividad y disfrutar\u00e1s de sus beneficios.<\/p>\n<p><a href=\"https:\/\/www.madrid.es\/portales\/munimadrid\/es\/Inicio\/Actualidad\/Actividades-y-eventos\/Los-futbolisimos-2-El-misterio-del-tesoro-pirata\/?vgnextfmt=default&amp;vgnextoid=e12ac1a7dbc1f910VgnVCM100000891ecb1aRCRD&amp;vgnextchannel=ca9671ee4a9eb410VgnVCM100000171f5a0aRCRD\"><strong><span style=\"color: #3366ff\">Los Futbol\u00edsimos 2. El misterio del tesoro pirata<\/span><\/strong><\/a><strong> (cine)<\/strong><\/p>\n<p><strong>22:00 horas<\/strong><\/p>\n<p><strong>Instalaci\u00f3n Deportiva Municipal B\u00e1sica Ca\u00f1averal II.\u00a0 Calle del Di\u00e1logo, 11<\/strong><\/p>\n<p>Pel\u00edcula dirigida por Miguel \u00c1ngel Lamata e interpretada por Nicol\u00e1s Rodicio, Joaqu\u00edn Reyes y Carmen Ruiz. Pakete y sus inseparables amigos afrontan su reto m\u00e1s importante cuando una estafa pone en peligro el futuro de su equipo y de todo el pueblo. Para recuperarlo deber\u00e1n competir en un decisivo campeonato mientras se ven envueltos en una emocionante aventura repleta de misterios, robos y situaciones inesperadas. Una divertida historia familiar que combina humor, amistad, trabajo en equipo y valores deportivos, ideal para disfrutar con p\u00fablico de todas las edades. Recomendada para todos los p\u00fablicos.<\/p>\n<figure id=\"attachment_6048\" aria-describedby=\"caption-attachment-6048\" style=\"width: 662px\" class=\"wp-caption aligncenter\"><img decoding=\"async\" class=\"size-full wp-image-6048\" src=\"https:\/\/diario.madrid.es\/vicalvaro\/wp-content\/uploads\/sites\/35\/2026\/08\/In-side-out2.jpg\" alt=\"Personajes de la pel\u00edcula In side out 2\" width=\"662\" height=\"278\" srcset=\"https:\/\/diario.madrid.es\/vicalvaro\/wp-content\/uploads\/sites\/35\/2026\/08\/In-side-out2.jpg 662w, https:\/\/diario.madrid.es\/vicalvaro\/wp-content\/uploads\/sites\/35\/2026\/08\/In-side-out2-300x126.jpg 300w, https:\/\/diario.madrid.es\/vicalvaro\/wp-content\/uploads\/sites\/35\/2026\/08\/In-side-out2-500x210.jpg 500w\" sizes=\"(max-width: 662px) 100vw, 662px\" \/><figcaption id=\"caption-attachment-6048\" class=\"wp-caption-text\">In side out 2. Imagen de recurso<\/figcaption><\/figure>\n<p><a href=\"https:\/\/www.madrid.es\/portales\/munimadrid\/es\/Inicio\/Actualidad\/Actividades-y-eventos\/Del-reves-2\/?vgnextfmt=default&amp;vgnextoid=fae393a4bac1f910VgnVCM100000891ecb1aRCRD&amp;vgnextchannel=ca9671ee4a9eb410VgnVCM100000171f5a0aRCRD\"><strong><span style=\"color: #3366ff\">Del Rev\u00e9s 2<\/span> <\/strong><\/a><strong>(cine) <\/strong><\/p>\n<p><strong>22:00 horas<\/strong><\/p>\n<p><strong>Auditorio al aire libre Recinto Ferial de Vic\u00e1lvaro. Paseo del Polideportivo, 142<\/strong><\/p>\n<p>Dirigida por Kelsey Mann | Animaci\u00f3n | EE. UU., 2024 | 96 min. | Apta para todos los p\u00fablicos. En esta segunda entrega, a las ya conocidas Alegr\u00eda, Tristeza, Ira, Miedo y Asco se suman nuevas compa\u00f1eras como Ansiedad, Envidia, Verg\u00fcenza y Aburrimiento, que revolucionar\u00e1n el mundo interior de Riley, que afronta una nueva etapa de su vida al entrar en la adolescencia, y con ella, llegan cambios inesperados tambi\u00e9n en el cuartel general de sus emociones. Una divertida y emocionante aventura para toda la familia que invita a reflexionar sobre el crecimiento personal, la gesti\u00f3n de las emociones y los desaf\u00edos propios de la adolescencia.<\/p>\n<p>Puedes consultar toda la programaci\u00f3n y m\u00e1s detalles de la agenda cultural de Vic\u00e1lvaro del 28 al 30 de agosto\u00a0<span style=\"color: #3366ff\"><a style=\"color: #3366ff\" href=\"https:\/\/www.madrid.es\/portales\/munimadrid\/es\/Inicio\/El-Ayuntamiento\/Vicalvaro?vgnextfmt=default&amp;vgnextchannel=f4c1ca5d5fb96010VgnVCM100000dc0ca8c0RCRD\">aqu\u00ed<\/a><\/span>.<\/p>\n","protected":false},"excerpt":{"rendered":"<p>Este fin de semana, Vic\u00e1lvaro invita a disfrutar de la cultura y el ocio con propuestas para todas las edades. La programaci\u00f3n incluye un taller creativo de mandalas para fomentar la relajaci\u00f3n y la expresi\u00f3n art\u00edstica, as\u00ed como dos sesiones de cine al aire libre con las pel\u00edculas Los Futbol\u00edsimos 2. El misterio del tesoro pirata y Del Rev\u00e9s 2, ideales para compartir en familia. Consulta la agenda cultural del distrito y aprovecha los \u00faltimos d\u00edas de agosto con actividades gratuitas para todos los p\u00fablicos.<\/p>\n","protected":false},"author":140,"featured_media":6051,"comment_status":"closed","ping_status":"closed","sticky":false,"template":"","format":"standard","meta":{"footnotes":""},"categories":[116],"tags":[254],"class_list":["post-6050","post","type-post","status-publish","format-standard","has-post-thumbnail","hentry","category-cultura","tag-agenda-cultural"],"yoast_head":"<!-- This site is optimized with the Yoast SEO Premium plugin v25.4 (Yoast SEO v26.4) - https:\/\/yoast.com\/wordpress\/plugins\/seo\/ -->\n<title>Mandalas y cine al aire libre para despedir agosto en Vic\u00e1lvaro (28-30 agosto)<\/title>\n<meta name=\"description\" content=\"Mandalas y cine al aire libre para despedir el mes de agosto en Vic\u00e1lvaro (del 28 al 30 de agosto)\" \/>\n<meta name=\"robots\" content=\"index, follow, max-snippet:-1, max-image-preview:large, max-video-preview:-1\" \/>\n<link rel=\"canonical\" href=\"https:\/\/diario.madrid.es\/vicalvaro\/2026\/08\/27\/mandalas-y-cine-al-aire-libre-para-despedir-agosto-en-vicalvaro-28-30-agosto\/\" \/>\n<meta property=\"og:locale\" content=\"es_ES\" \/>\n<meta property=\"og:type\" content=\"article\" \/>\n<meta property=\"og:title\" content=\"Mandalas y cine al aire libre para despedir agosto en Vic\u00e1lvaro (28-30 agosto)\" \/>\n<meta property=\"og:description\" content=\"Mandalas y cine al aire libre para despedir el mes de agosto en Vic\u00e1lvaro (del 28 al 30 de agosto)\" \/>\n<meta property=\"og:url\" content=\"https:\/\/diario.madrid.es\/vicalvaro\/2026\/08\/27\/mandalas-y-cine-al-aire-libre-para-despedir-agosto-en-vicalvaro-28-30-agosto\/\" \/>\n<meta property=\"og:site_name\" content=\"Vic\u00e1lvaro\" \/>\n<meta property=\"article:published_time\" content=\"2026-08-27T09:42:04+00:00\" \/>\n<meta property=\"og:image\" content=\"https:\/\/diario.madrid.es\/vicalvaro\/wp-content\/uploads\/sites\/35\/2026\/08\/los-futbolisimos-2-secreto-pirata.jpg\" \/>\n\t<meta property=\"og:image:width\" content=\"656\" \/>\n\t<meta property=\"og:image:height\" content=\"786\" \/>\n\t<meta property=\"og:image:type\" content=\"image\/jpeg\" \/>\n<meta name=\"author\" content=\"sacristan\" \/>\n<meta name=\"twitter:card\" content=\"summary_large_image\" \/>\n<meta name=\"twitter:creator\" content=\"@jmdvicalvaro\" \/>\n<meta name=\"twitter:site\" content=\"@jmdvicalvaro\" \/>\n<meta name=\"twitter:label1\" content=\"Escrito por\" \/>\n\t<meta name=\"twitter:data1\" content=\"sacristan\" \/>\n\t<meta name=\"twitter:label2\" content=\"Tiempo de lectura\" \/>\n\t<meta name=\"twitter:data2\" content=\"3 minutos\" \/>\n<script type=\"application\/ld+json\" class=\"yoast-schema-graph\">{\"@context\":\"https:\/\/schema.org\",\"@graph\":[{\"@type\":\"Article\",\"@id\":\"https:\/\/diario.madrid.es\/vicalvaro\/2026\/08\/27\/mandalas-y-cine-al-aire-libre-para-despedir-agosto-en-vicalvaro-28-30-agosto\/#article\",\"isPartOf\":{\"@id\":\"https:\/\/diario.madrid.es\/vicalvaro\/2026\/08\/27\/mandalas-y-cine-al-aire-libre-para-despedir-agosto-en-vicalvaro-28-30-agosto\/\"},\"author\":{\"name\":\"sacristan\",\"@id\":\"https:\/\/diario.madrid.es\/vicalvaro\/#\/schema\/person\/742142e871cb134f7480044b62d416db\"},\"headline\":\"Mandalas y cine al aire libre para despedir agosto en Vic\u00e1lvaro (28-30 agosto)\",\"datePublished\":\"2026-08-27T09:42:04+00:00\",\"mainEntityOfPage\":{\"@id\":\"https:\/\/diario.madrid.es\/vicalvaro\/2026\/08\/27\/mandalas-y-cine-al-aire-libre-para-despedir-agosto-en-vicalvaro-28-30-agosto\/\"},\"wordCount\":440,\"publisher\":{\"@id\":\"https:\/\/diario.madrid.es\/vicalvaro\/#organization\"},\"image\":{\"@id\":\"https:\/\/diario.madrid.es\/vicalvaro\/2026\/08\/27\/mandalas-y-cine-al-aire-libre-para-despedir-agosto-en-vicalvaro-28-30-agosto\/#primaryimage\"},\"thumbnailUrl\":\"https:\/\/diario.madrid.es\/vicalvaro\/wp-content\/uploads\/sites\/35\/2026\/08\/los-futbolisimos-2-secreto-pirata.jpg\",\"keywords\":[\"agenda cultural\"],\"articleSection\":[\"Cultura\"],\"inLanguage\":\"es\"},{\"@type\":\"WebPage\",\"@id\":\"https:\/\/diario.madrid.es\/vicalvaro\/2026\/08\/27\/mandalas-y-cine-al-aire-libre-para-despedir-agosto-en-vicalvaro-28-30-agosto\/\",\"url\":\"https:\/\/diario.madrid.es\/vicalvaro\/2026\/08\/27\/mandalas-y-cine-al-aire-libre-para-despedir-agosto-en-vicalvaro-28-30-agosto\/\",\"name\":\"Mandalas y cine al aire libre para despedir agosto en Vic\u00e1lvaro (28-30 agosto)\",\"isPartOf\":{\"@id\":\"https:\/\/diario.madrid.es\/vicalvaro\/#website\"},\"primaryImageOfPage\":{\"@id\":\"https:\/\/diario.madrid.es\/vicalvaro\/2026\/08\/27\/mandalas-y-cine-al-aire-libre-para-despedir-agosto-en-vicalvaro-28-30-agosto\/#primaryimage\"},\"image\":{\"@id\":\"https:\/\/diario.madrid.es\/vicalvaro\/2026\/08\/27\/mandalas-y-cine-al-aire-libre-para-despedir-agosto-en-vicalvaro-28-30-agosto\/#primaryimage\"},\"thumbnailUrl\":\"https:\/\/diario.madrid.es\/vicalvaro\/wp-content\/uploads\/sites\/35\/2026\/08\/los-futbolisimos-2-secreto-pirata.jpg\",\"datePublished\":\"2026-08-27T09:42:04+00:00\",\"description\":\"Mandalas y cine al aire libre para despedir el mes de agosto en Vic\u00e1lvaro (del 28 al 30 de agosto)\",\"breadcrumb\":{\"@id\":\"https:\/\/diario.madrid.es\/vicalvaro\/2026\/08\/27\/mandalas-y-cine-al-aire-libre-para-despedir-agosto-en-vicalvaro-28-30-agosto\/#breadcrumb\"},\"inLanguage\":\"es\",\"potentialAction\":[{\"@type\":\"ReadAction\",\"target\":[\"https:\/\/diario.madrid.es\/vicalvaro\/2026\/08\/27\/mandalas-y-cine-al-aire-libre-para-despedir-agosto-en-vicalvaro-28-30-agosto\/\"]}]},{\"@type\":\"ImageObject\",\"inLanguage\":\"es\",\"@id\":\"https:\/\/diario.madrid.es\/vicalvaro\/2026\/08\/27\/mandalas-y-cine-al-aire-libre-para-despedir-agosto-en-vicalvaro-28-30-agosto\/#primaryimage\",\"url\":\"https:\/\/diario.madrid.es\/vicalvaro\/wp-content\/uploads\/sites\/35\/2026\/08\/los-futbolisimos-2-secreto-pirata.jpg\",\"contentUrl\":\"https:\/\/diario.madrid.es\/vicalvaro\/wp-content\/uploads\/sites\/35\/2026\/08\/los-futbolisimos-2-secreto-pirata.jpg\",\"width\":656,\"height\":786,\"caption\":\"Cartel de la pel\u00edcula Los futbol\u00edsimos 2 secreto pirata\"},{\"@type\":\"BreadcrumbList\",\"@id\":\"https:\/\/diario.madrid.es\/vicalvaro\/2026\/08\/27\/mandalas-y-cine-al-aire-libre-para-despedir-agosto-en-vicalvaro-28-30-agosto\/#breadcrumb\",\"itemListElement\":[{\"@type\":\"ListItem\",\"position\":1,\"name\":\"Portada\",\"item\":\"https:\/\/diario.madrid.es\/vicalvaro\/\"},{\"@type\":\"ListItem\",\"position\":2,\"name\":\"Mandalas y cine al aire libre para despedir agosto en Vic\u00e1lvaro (28-30 agosto)\"}]},{\"@type\":\"WebSite\",\"@id\":\"https:\/\/diario.madrid.es\/vicalvaro\/#website\",\"url\":\"https:\/\/diario.madrid.es\/vicalvaro\/\",\"name\":\"Diario Madrid - Vic\u00e1lvaro\",\"description\":\"Otro sitio m\u00e1s de Sitios diario.madrid.es\",\"publisher\":{\"@id\":\"https:\/\/diario.madrid.es\/vicalvaro\/#organization\"},\"potentialAction\":[{\"@type\":\"SearchAction\",\"target\":{\"@type\":\"EntryPoint\",\"urlTemplate\":\"https:\/\/diario.madrid.es\/vicalvaro\/?s={search_term_string}\"},\"query-input\":{\"@type\":\"PropertyValueSpecification\",\"valueRequired\":true,\"valueName\":\"search_term_string\"}}],\"inLanguage\":\"es\"},{\"@type\":\"Organization\",\"@id\":\"https:\/\/diario.madrid.es\/vicalvaro\/#organization\",\"name\":\"Vic\u00e1lvaro\",\"url\":\"https:\/\/diario.madrid.es\/vicalvaro\/\",\"logo\":{\"@type\":\"ImageObject\",\"inLanguage\":\"es\",\"@id\":\"https:\/\/diario.madrid.es\/vicalvaro\/#\/schema\/logo\/image\/\",\"url\":\"https:\/\/diario.madrid.es\/vicalvaro\/wp-content\/uploads\/sites\/35\/2025\/02\/Escudo-Ayuntamiento-Madrid-1.png\",\"contentUrl\":\"https:\/\/diario.madrid.es\/vicalvaro\/wp-content\/uploads\/sites\/35\/2025\/02\/Escudo-Ayuntamiento-Madrid-1.png\",\"width\":1200,\"height\":675,\"caption\":\"Vic\u00e1lvaro\"},\"image\":{\"@id\":\"https:\/\/diario.madrid.es\/vicalvaro\/#\/schema\/logo\/image\/\"},\"sameAs\":[\"https:\/\/x.com\/jmdvicalvaro\"]},{\"@type\":\"Person\",\"@id\":\"https:\/\/diario.madrid.es\/vicalvaro\/#\/schema\/person\/742142e871cb134f7480044b62d416db\",\"name\":\"sacristan\",\"image\":{\"@type\":\"ImageObject\",\"inLanguage\":\"es\",\"@id\":\"https:\/\/diario.madrid.es\/vicalvaro\/#\/schema\/person\/image\/\",\"url\":\"https:\/\/secure.gravatar.com\/avatar\/b18ce99a094dc74dc4f0a208d689e2b8ed4a4b5e83d06ae947fc51b7e7cc9053?s=96&d=mm&r=g\",\"contentUrl\":\"https:\/\/secure.gravatar.com\/avatar\/b18ce99a094dc74dc4f0a208d689e2b8ed4a4b5e83d06ae947fc51b7e7cc9053?s=96&d=mm&r=g\",\"caption\":\"sacristan\"}}]}<\/script>\n<!-- \/ Yoast SEO Premium plugin. -->","yoast_head_json":{"title":"Mandalas y cine al aire libre para despedir agosto en Vic\u00e1lvaro (28-30 agosto)","description":"Mandalas y cine al aire libre para despedir el mes de agosto en Vic\u00e1lvaro (del 28 al 30 de agosto)","robots":{"index":"index","follow":"follow","max-snippet":"max-snippet:-1","max-image-preview":"max-image-preview:large","max-video-preview":"max-video-preview:-1"},"canonical":"https:\/\/diario.madrid.es\/vicalvaro\/2026\/08\/27\/mandalas-y-cine-al-aire-libre-para-despedir-agosto-en-vicalvaro-28-30-agosto\/","og_locale":"es_ES","og_type":"article","og_title":"Mandalas y cine al aire libre para despedir agosto en Vic\u00e1lvaro (28-30 agosto)","og_description":"Mandalas y cine al aire libre para despedir el mes de agosto en Vic\u00e1lvaro (del 28 al 30 de agosto)","og_url":"https:\/\/diario.madrid.es\/vicalvaro\/2026\/08\/27\/mandalas-y-cine-al-aire-libre-para-despedir-agosto-en-vicalvaro-28-30-agosto\/","og_site_name":"Vic\u00e1lvaro","article_published_time":"2026-08-27T09:42:04+00:00","og_image":[{"width":656,"height":786,"url":"https:\/\/diario.madrid.es\/vicalvaro\/wp-content\/uploads\/sites\/35\/2026\/08\/los-futbolisimos-2-secreto-pirata.jpg","type":"image\/jpeg"}],"author":"sacristan","twitter_card":"summary_large_image","twitter_creator":"@jmdvicalvaro","twitter_site":"@jmdvicalvaro","twitter_misc":{"Escrito por":"sacristan","Tiempo de lectura":"3 minutos"},"schema":{"@context":"https:\/\/schema.org","@graph":[{"@type":"Article","@id":"https:\/\/diario.madrid.es\/vicalvaro\/2026\/08\/27\/mandalas-y-cine-al-aire-libre-para-despedir-agosto-en-vicalvaro-28-30-agosto\/#article","isPartOf":{"@id":"https:\/\/diario.madrid.es\/vicalvaro\/2026\/08\/27\/mandalas-y-cine-al-aire-libre-para-despedir-agosto-en-vicalvaro-28-30-agosto\/"},"author":{"name":"sacristan","@id":"https:\/\/diario.madrid.es\/vicalvaro\/#\/schema\/person\/742142e871cb134f7480044b62d416db"},"headline":"Mandalas y cine al aire libre para despedir agosto en Vic\u00e1lvaro (28-30 agosto)","datePublished":"2026-08-27T09:42:04+00:00","mainEntityOfPage":{"@id":"https:\/\/diario.madrid.es\/vicalvaro\/2026\/08\/27\/mandalas-y-cine-al-aire-libre-para-despedir-agosto-en-vicalvaro-28-30-agosto\/"},"wordCount":440,"publisher":{"@id":"https:\/\/diario.madrid.es\/vicalvaro\/#organization"},"image":{"@id":"https:\/\/diario.madrid.es\/vicalvaro\/2026\/08\/27\/mandalas-y-cine-al-aire-libre-para-despedir-agosto-en-vicalvaro-28-30-agosto\/#primaryimage"},"thumbnailUrl":"https:\/\/diario.madrid.es\/vicalvaro\/wp-content\/uploads\/sites\/35\/2026\/08\/los-futbolisimos-2-secreto-pirata.jpg","keywords":["agenda cultural"],"articleSection":["Cultura"],"inLanguage":"es"},{"@type":"WebPage","@id":"https:\/\/diario.madrid.es\/vicalvaro\/2026\/08\/27\/mandalas-y-cine-al-aire-libre-para-despedir-agosto-en-vicalvaro-28-30-agosto\/","url":"https:\/\/diario.madrid.es\/vicalvaro\/2026\/08\/27\/mandalas-y-cine-al-aire-libre-para-despedir-agosto-en-vicalvaro-28-30-agosto\/","name":"Mandalas y cine al aire libre para despedir agosto en Vic\u00e1lvaro (28-30 agosto)","isPartOf":{"@id":"https:\/\/diario.madrid.es\/vicalvaro\/#website"},"primaryImageOfPage":{"@id":"https:\/\/diario.madrid.es\/vicalvaro\/2026\/08\/27\/mandalas-y-cine-al-aire-libre-para-despedir-agosto-en-vicalvaro-28-30-agosto\/#primaryimage"},"image":{"@id":"https:\/\/diario.madrid.es\/vicalvaro\/2026\/08\/27\/mandalas-y-cine-al-aire-libre-para-despedir-agosto-en-vicalvaro-28-30-agosto\/#primaryimage"},"thumbnailUrl":"https:\/\/diario.madrid.es\/vicalvaro\/wp-content\/uploads\/sites\/35\/2026\/08\/los-futbolisimos-2-secreto-pirata.jpg","datePublished":"2026-08-27T09:42:04+00:00","description":"Mandalas y cine al aire libre para despedir el mes de agosto en Vic\u00e1lvaro (del 28 al 30 de agosto)","breadcrumb":{"@id":"https:\/\/diario.madrid.es\/vicalvaro\/2026\/08\/27\/mandalas-y-cine-al-aire-libre-para-despedir-agosto-en-vicalvaro-28-30-agosto\/#breadcrumb"},"inLanguage":"es","potentialAction":[{"@type":"ReadAction","target":["https:\/\/diario.madrid.es\/vicalvaro\/2026\/08\/27\/mandalas-y-cine-al-aire-libre-para-despedir-agosto-en-vicalvaro-28-30-agosto\/"]}]},{"@type":"ImageObject","inLanguage":"es","@id":"https:\/\/diario.madrid.es\/vicalvaro\/2026\/08\/27\/mandalas-y-cine-al-aire-libre-para-despedir-agosto-en-vicalvaro-28-30-agosto\/#primaryimage","url":"https:\/\/diario.madrid.es\/vicalvaro\/wp-content\/uploads\/sites\/35\/2026\/08\/los-futbolisimos-2-secreto-pirata.jpg","contentUrl":"https:\/\/diario.madrid.es\/vicalvaro\/wp-content\/uploads\/sites\/35\/2026\/08\/los-futbolisimos-2-secreto-pirata.jpg","width":656,"height":786,"caption":"Cartel de la pel\u00edcula Los futbol\u00edsimos 2 secreto pirata"},{"@type":"BreadcrumbList","@id":"https:\/\/diario.madrid.es\/vicalvaro\/2026\/08\/27\/mandalas-y-cine-al-aire-libre-para-despedir-agosto-en-vicalvaro-28-30-agosto\/#breadcrumb","itemListElement":[{"@type":"ListItem","position":1,"name":"Portada","item":"https:\/\/diario.madrid.es\/vicalvaro\/"},{"@type":"ListItem","position":2,"name":"Mandalas y cine al aire libre para despedir agosto en Vic\u00e1lvaro (28-30 agosto)"}]},{"@type":"WebSite","@id":"https:\/\/diario.madrid.es\/vicalvaro\/#website","url":"https:\/\/diario.madrid.es\/vicalvaro\/","name":"Diario Madrid - Vic\u00e1lvaro","description":"Otro sitio m\u00e1s de Sitios diario.madrid.es","publisher":{"@id":"https:\/\/diario.madrid.es\/vicalvaro\/#organization"},"potentialAction":[{"@type":"SearchAction","target":{"@type":"EntryPoint","urlTemplate":"https:\/\/diario.madrid.es\/vicalvaro\/?s={search_term_string}"},"query-input":{"@type":"PropertyValueSpecification","valueRequired":true,"valueName":"search_term_string"}}],"inLanguage":"es"},{"@type":"Organization","@id":"https:\/\/diario.madrid.es\/vicalvaro\/#organization","name":"Vic\u00e1lvaro","url":"https:\/\/diario.madrid.es\/vicalvaro\/","logo":{"@type":"ImageObject","inLanguage":"es","@id":"https:\/\/diario.madrid.es\/vicalvaro\/#\/schema\/logo\/image\/","url":"https:\/\/diario.madrid.es\/vicalvaro\/wp-content\/uploads\/sites\/35\/2025\/02\/Escudo-Ayuntamiento-Madrid-1.png","contentUrl":"https:\/\/diario.madrid.es\/vicalvaro\/wp-content\/uploads\/sites\/35\/2025\/02\/Escudo-Ayuntamiento-Madrid-1.png","width":1200,"height":675,"caption":"Vic\u00e1lvaro"},"image":{"@id":"https:\/\/diario.madrid.es\/vicalvaro\/#\/schema\/logo\/image\/"},"sameAs":["https:\/\/x.com\/jmdvicalvaro"]},{"@type":"Person","@id":"https:\/\/diario.madrid.es\/vicalvaro\/#\/schema\/person\/742142e871cb134f7480044b62d416db","name":"sacristan","image":{"@type":"ImageObject","inLanguage":"es","@id":"https:\/\/diario.madrid.es\/vicalvaro\/#\/schema\/person\/image\/","url":"https:\/\/secure.gravatar.com\/avatar\/b18ce99a094dc74dc4f0a208d689e2b8ed4a4b5e83d06ae947fc51b7e7cc9053?s=96&d=mm&r=g","contentUrl":"https:\/\/secure.gravatar.com\/avatar\/b18ce99a094dc74dc4f0a208d689e2b8ed4a4b5e83d06ae947fc51b7e7cc9053?s=96&d=mm&r=g","caption":"sacristan"}}]}},"_links":{"self":[{"href":"https:\/\/diario.madrid.es\/vicalvaro\/wp-json\/wp\/v2\/posts\/6050","targetHints":{"allow":["GET"]}}],"collection":[{"href":"https:\/\/diario.madrid.es\/vicalvaro\/wp-json\/wp\/v2\/posts"}],"about":[{"href":"https:\/\/diario.madrid.es\/vicalvaro\/wp-json\/wp\/v2\/types\/post"}],"author":[{"embeddable":true,"href":"https:\/\/diario.madrid.es\/vicalvaro\/wp-json\/wp\/v2\/users\/140"}],"replies":[{"embeddable":true,"href":"https:\/\/diario.madrid.es\/vicalvaro\/wp-json\/wp\/v2\/comments?post=6050"}],"version-history":[{"count":1,"href":"https:\/\/diario.madrid.es\/vicalvaro\/wp-json\/wp\/v2\/posts\/6050\/revisions"}],"predecessor-version":[{"id":6052,"href":"https:\/\/diario.madrid.es\/vicalvaro\/wp-json\/wp\/v2\/posts\/6050\/revisions\/6052"}],"wp:featuredmedia":[{"embeddable":true,"href":"https:\/\/diario.madrid.es\/vicalvaro\/wp-json\/wp\/v2\/media\/6051"}],"wp:attachment":[{"href":"https:\/\/diario.madrid.es\/vicalvaro\/wp-json\/wp\/v2\/media?parent=6050"}],"wp:term":[{"taxonomy":"category","embeddable":true,"href":"https:\/\/diario.madrid.es\/vicalvaro\/wp-json\/wp\/v2\/categories?post=6050"},{"taxonomy":"post_tag","embeddable":true,"href":"https:\/\/diario.madrid.es\/vicalvaro\/wp-json\/wp\/v2\/tags?post=6050"}],"curies":[{"name":"wp","href":"https:\/\/api.w.org\/{rel}","templated":true}]}}