{"id":4410,"date":"2026-09-02T08:58:32","date_gmt":"2026-09-02T08:58:32","guid":{"rendered":"https:\/\/diario.madrid.es\/tetuan\/?p=4410"},"modified":"2026-09-02T09:01:05","modified_gmt":"2026-09-02T09:01:05","slug":"abiertas-las-inscripciones-para-la-xviii-carrera-popular-de-tetuan","status":"publish","type":"post","link":"https:\/\/diario.madrid.es\/tetuan\/2026\/09\/02\/abiertas-las-inscripciones-para-la-xviii-carrera-popular-de-tetuan\/","title":{"rendered":"Abiertas las inscripciones para la XVIII Carrera Popular de Tetu\u00e1n"},"content":{"rendered":"<p>Tetu\u00e1n celebrar\u00e1 la XVIII edici\u00f3n de su Carrera Popular el domingo, 27 de septiembre, desde las 9:00 horas. Con salida y meta en la calle de Bravo Murillo, 357, frente a la Junta Municipal de Tetu\u00e1n, la competici\u00f3n transcurrir\u00e1 entre la plaza de Castilla y la glorieta de Cuatro Caminos, incluyendo un tramo por la calle de Marqu\u00e9s de Viana, con 10 K en total, recorrido para mayores de 18 a\u00f1os. Adem\u00e1s, tambi\u00e9n habr\u00e1 cinco carreras de categor\u00edas menores: prebenjam\u00edn, benjam\u00edn, alev\u00edn, infantil, cadete y juvenil, que comenzar\u00e1n a las 11:00 horas.<\/p>\n<p>Las respectivas entregas de trofeos, de mayores y peque\u00f1os, se realizar\u00e1n a las 10:30 y las 12:00 horas. El plazo para inscribirse en la carrera popular, de car\u00e1cter gratuito, ya est\u00e1 abierto en la <a href=\"https:\/\/youevent.es\/sport\/Tabla_FichaEventoDeportivo.asp?id_competicion=8865\">web de la carrera<\/a>.<\/p>\n<figure id=\"attachment_4412\" aria-describedby=\"caption-attachment-4412\" style=\"width: 640px\" class=\"wp-caption aligncenter\"><img decoding=\"async\" class=\"wp-image-4412 size-large\" src=\"https:\/\/diario.madrid.es\/tetuan\/wp-content\/uploads\/sites\/18\/2026\/09\/Cartel-XVIII-Carrera-Popular-de-Tetuan-724x1024.jpg\" alt=\"Cartel XVIII Carrera Popular de Tetu\u00e1n\" width=\"640\" height=\"905\" srcset=\"https:\/\/diario.madrid.es\/tetuan\/wp-content\/uploads\/sites\/18\/2026\/09\/Cartel-XVIII-Carrera-Popular-de-Tetuan-724x1024.jpg 724w, https:\/\/diario.madrid.es\/tetuan\/wp-content\/uploads\/sites\/18\/2026\/09\/Cartel-XVIII-Carrera-Popular-de-Tetuan-212x300.jpg 212w, https:\/\/diario.madrid.es\/tetuan\/wp-content\/uploads\/sites\/18\/2026\/09\/Cartel-XVIII-Carrera-Popular-de-Tetuan-768x1086.jpg 768w, https:\/\/diario.madrid.es\/tetuan\/wp-content\/uploads\/sites\/18\/2026\/09\/Cartel-XVIII-Carrera-Popular-de-Tetuan-1086x1536.jpg 1086w, https:\/\/diario.madrid.es\/tetuan\/wp-content\/uploads\/sites\/18\/2026\/09\/Cartel-XVIII-Carrera-Popular-de-Tetuan-1000x1414.jpg 1000w, https:\/\/diario.madrid.es\/tetuan\/wp-content\/uploads\/sites\/18\/2026\/09\/Cartel-XVIII-Carrera-Popular-de-Tetuan-500x707.jpg 500w, https:\/\/diario.madrid.es\/tetuan\/wp-content\/uploads\/sites\/18\/2026\/09\/Cartel-XVIII-Carrera-Popular-de-Tetuan-191x270.jpg 191w, https:\/\/diario.madrid.es\/tetuan\/wp-content\/uploads\/sites\/18\/2026\/09\/Cartel-XVIII-Carrera-Popular-de-Tetuan.jpg 1414w\" sizes=\"(max-width: 640px) 100vw, 640px\" \/><figcaption id=\"caption-attachment-4412\" class=\"wp-caption-text\">Cartel XVIII Carrera Popular de Tetu\u00e1n<\/figcaption><\/figure>\n","protected":false},"excerpt":{"rendered":"<p>Tetu\u00e1n celebrar\u00e1 la XVIII edici\u00f3n de su Carrera Popular el domingo, 27 de septiembre, desde las 9:00 horas. Con salida y meta en la calle de Bravo Murillo, 357, frente a la Junta Municipal de Tetu\u00e1n, la competici\u00f3n transcurrir\u00e1 entre la plaza de Castilla y la glorieta de Cuatro Caminos, incluyendo un tramo por la calle de Marqu\u00e9s de Viana, con 10 K en total, recorrido para mayores de 18 a\u00f1os.<\/p>\n","protected":false},"author":229,"featured_media":4414,"comment_status":"closed","ping_status":"closed","sticky":false,"template":"","format":"standard","meta":{"footnotes":""},"categories":[26,2],"tags":[],"class_list":["post-4410","post","type-post","status-publish","format-standard","has-post-thumbnail","hentry","category-deporte","category-tetuan"],"yoast_head":"<!-- This site is optimized with the Yoast SEO Premium plugin v25.4 (Yoast SEO v26.4) - https:\/\/yoast.com\/wordpress\/plugins\/seo\/ -->\n<title>Abiertas las inscripciones para la XVIII Carrera Popular de Tetu\u00e1n Abiertas las inscripciones para la XVIII Carrera Popular de Tetu\u00e1n<\/title>\n<meta name=\"description\" content=\"Tetu\u00e1n celebrar\u00e1 la XVIII edici\u00f3n de su Carrera Popular el domingo, 27 de septiembre, desde las 9:00 horas. Con salida y meta en la calle de Bravo Murillo, 357, frente a la Junta Municipal de Tetu\u00e1n, la competici\u00f3n transcurrir\u00e1 entre la plaza de Castilla y la glorieta de Cuatro Caminos, incluyendo un tramo por la calle de Marqu\u00e9s de Viana, con 10 K en total, recorrido para mayores de 18 a\u00f1os. Tetu\u00e1n celebrar\u00e1 la XVIII edici\u00f3n de su Carrera Popular el domingo, 27 de septiembre, desde las 9:00 horas. Con salida y meta en la calle de Bravo Murillo, 357, frente a la Junta Municipal de Tetu\u00e1n, la competici\u00f3n transcurrir\u00e1 entre la plaza de Castilla y la glorieta de Cuatro Caminos, incluyendo un tramo por la calle de Marqu\u00e9s de Viana, con 10 K en total, recorrido para mayores de 18 a\u00f1os.\" \/>\n<meta name=\"robots\" content=\"index, follow, max-snippet:-1, max-image-preview:large, max-video-preview:-1\" \/>\n<link rel=\"canonical\" href=\"https:\/\/diario.madrid.es\/tetuan\/2026\/09\/02\/abiertas-las-inscripciones-para-la-xviii-carrera-popular-de-tetuan\/\" \/>\n<meta property=\"og:locale\" content=\"es_ES\" \/>\n<meta property=\"og:type\" content=\"article\" \/>\n<meta property=\"og:title\" content=\"Abiertas las inscripciones para la XVIII Carrera Popular de Tetu\u00e1n\" \/>\n<meta property=\"og:description\" content=\"Tetu\u00e1n celebrar\u00e1 la XVIII edici\u00f3n de su Carrera Popular el domingo, 27 de septiembre, desde las 9:00 horas. Con salida y meta en la calle de Bravo Murillo, 357, frente a la Junta Municipal de Tetu\u00e1n, la competici\u00f3n transcurrir\u00e1 entre la plaza de Castilla y la glorieta de Cuatro Caminos, incluyendo un tramo por la calle de Marqu\u00e9s de Viana, con 10 K en total, recorrido para mayores de 18 a\u00f1os. Tetu\u00e1n celebrar\u00e1 la XVIII edici\u00f3n de su Carrera Popular el domingo, 27 de septiembre, desde las 9:00 horas. Con salida y meta en la calle de Bravo Murillo, 357, frente a la Junta Municipal de Tetu\u00e1n, la competici\u00f3n transcurrir\u00e1 entre la plaza de Castilla y la glorieta de Cuatro Caminos, incluyendo un tramo por la calle de Marqu\u00e9s de Viana, con 10 K en total, recorrido para mayores de 18 a\u00f1os.\" \/>\n<meta property=\"og:url\" content=\"https:\/\/diario.madrid.es\/tetuan\/2026\/09\/02\/abiertas-las-inscripciones-para-la-xviii-carrera-popular-de-tetuan\/\" \/>\n<meta property=\"og:site_name\" content=\"Tetu\u00e1n\" \/>\n<meta property=\"article:publisher\" content=\"https:\/\/www.facebook.com\/JMDTetuan\" \/>\n<meta property=\"article:published_time\" content=\"2026-09-02T08:58:32+00:00\" \/>\n<meta property=\"article:modified_time\" content=\"2026-09-02T09:01:05+00:00\" \/>\n<meta property=\"og:image\" content=\"https:\/\/diario.madrid.es\/tetuan\/wp-content\/uploads\/sites\/18\/2026\/09\/Captura-de-pantalla-2026-09-02-105346.jpg\" \/>\n\t<meta property=\"og:image:width\" content=\"622\" \/>\n\t<meta property=\"og:image:height\" content=\"468\" \/>\n\t<meta property=\"og:image:type\" content=\"image\/jpeg\" \/>\n<meta name=\"author\" content=\"belmarfa\" \/>\n<meta name=\"twitter:card\" content=\"summary_large_image\" \/>\n<meta name=\"twitter:creator\" content=\"@JMDTetuan\" \/>\n<meta name=\"twitter:site\" content=\"@JMDTetuan\" \/>\n<meta name=\"twitter:label1\" content=\"Escrito por\" \/>\n\t<meta name=\"twitter:data1\" content=\"belmarfa\" \/>\n\t<meta name=\"twitter:label2\" content=\"Tiempo de lectura\" \/>\n\t<meta name=\"twitter:data2\" content=\"2 minutos\" \/>\n<script type=\"application\/ld+json\" class=\"yoast-schema-graph\">{\"@context\":\"https:\/\/schema.org\",\"@graph\":[{\"@type\":\"Article\",\"@id\":\"https:\/\/diario.madrid.es\/tetuan\/2026\/09\/02\/abiertas-las-inscripciones-para-la-xviii-carrera-popular-de-tetuan\/#article\",\"isPartOf\":{\"@id\":\"https:\/\/diario.madrid.es\/tetuan\/2026\/09\/02\/abiertas-las-inscripciones-para-la-xviii-carrera-popular-de-tetuan\/\"},\"author\":{\"name\":\"belmarfa\",\"@id\":\"https:\/\/diario.madrid.es\/tetuan\/#\/schema\/person\/3b1a5ea1a4993d20c660ce11e9ee6a28\"},\"headline\":\"Abiertas las inscripciones para la XVIII Carrera Popular de Tetu\u00e1n\",\"datePublished\":\"2026-09-02T08:58:32+00:00\",\"dateModified\":\"2026-09-02T09:01:05+00:00\",\"mainEntityOfPage\":{\"@id\":\"https:\/\/diario.madrid.es\/tetuan\/2026\/09\/02\/abiertas-las-inscripciones-para-la-xviii-carrera-popular-de-tetuan\/\"},\"wordCount\":163,\"publisher\":{\"@id\":\"https:\/\/diario.madrid.es\/tetuan\/#organization\"},\"image\":{\"@id\":\"https:\/\/diario.madrid.es\/tetuan\/2026\/09\/02\/abiertas-las-inscripciones-para-la-xviii-carrera-popular-de-tetuan\/#primaryimage\"},\"thumbnailUrl\":\"https:\/\/diario.madrid.es\/tetuan\/wp-content\/uploads\/sites\/18\/2026\/09\/Captura-de-pantalla-2026-09-02-105346.jpg\",\"articleSection\":[\"deporte\",\"Tetu\u00e1n\"],\"inLanguage\":\"es\"},{\"@type\":\"WebPage\",\"@id\":\"https:\/\/diario.madrid.es\/tetuan\/2026\/09\/02\/abiertas-las-inscripciones-para-la-xviii-carrera-popular-de-tetuan\/\",\"url\":\"https:\/\/diario.madrid.es\/tetuan\/2026\/09\/02\/abiertas-las-inscripciones-para-la-xviii-carrera-popular-de-tetuan\/\",\"name\":\"Abiertas las inscripciones para la XVIII Carrera Popular de Tetu\u00e1n Abiertas las inscripciones para la XVIII Carrera Popular de Tetu\u00e1n\",\"isPartOf\":{\"@id\":\"https:\/\/diario.madrid.es\/tetuan\/#website\"},\"primaryImageOfPage\":{\"@id\":\"https:\/\/diario.madrid.es\/tetuan\/2026\/09\/02\/abiertas-las-inscripciones-para-la-xviii-carrera-popular-de-tetuan\/#primaryimage\"},\"image\":{\"@id\":\"https:\/\/diario.madrid.es\/tetuan\/2026\/09\/02\/abiertas-las-inscripciones-para-la-xviii-carrera-popular-de-tetuan\/#primaryimage\"},\"thumbnailUrl\":\"https:\/\/diario.madrid.es\/tetuan\/wp-content\/uploads\/sites\/18\/2026\/09\/Captura-de-pantalla-2026-09-02-105346.jpg\",\"datePublished\":\"2026-09-02T08:58:32+00:00\",\"dateModified\":\"2026-09-02T09:01:05+00:00\",\"description\":\"Tetu\u00e1n celebrar\u00e1 la XVIII edici\u00f3n de su Carrera Popular el domingo, 27 de septiembre, desde las 9:00 horas. Con salida y meta en la calle de Bravo Murillo, 357, frente a la Junta Municipal de Tetu\u00e1n, la competici\u00f3n transcurrir\u00e1 entre la plaza de Castilla y la glorieta de Cuatro Caminos, incluyendo un tramo por la calle de Marqu\u00e9s de Viana, con 10 K en total, recorrido para mayores de 18 a\u00f1os. Tetu\u00e1n celebrar\u00e1 la XVIII edici\u00f3n de su Carrera Popular el domingo, 27 de septiembre, desde las 9:00 horas. Con salida y meta en la calle de Bravo Murillo, 357, frente a la Junta Municipal de Tetu\u00e1n, la competici\u00f3n transcurrir\u00e1 entre la plaza de Castilla y la glorieta de Cuatro Caminos, incluyendo un tramo por la calle de Marqu\u00e9s de Viana, con 10 K en total, recorrido para mayores de 18 a\u00f1os.\",\"breadcrumb\":{\"@id\":\"https:\/\/diario.madrid.es\/tetuan\/2026\/09\/02\/abiertas-las-inscripciones-para-la-xviii-carrera-popular-de-tetuan\/#breadcrumb\"},\"inLanguage\":\"es\",\"potentialAction\":[{\"@type\":\"ReadAction\",\"target\":[\"https:\/\/diario.madrid.es\/tetuan\/2026\/09\/02\/abiertas-las-inscripciones-para-la-xviii-carrera-popular-de-tetuan\/\"]}]},{\"@type\":\"ImageObject\",\"inLanguage\":\"es\",\"@id\":\"https:\/\/diario.madrid.es\/tetuan\/2026\/09\/02\/abiertas-las-inscripciones-para-la-xviii-carrera-popular-de-tetuan\/#primaryimage\",\"url\":\"https:\/\/diario.madrid.es\/tetuan\/wp-content\/uploads\/sites\/18\/2026\/09\/Captura-de-pantalla-2026-09-02-105346.jpg\",\"contentUrl\":\"https:\/\/diario.madrid.es\/tetuan\/wp-content\/uploads\/sites\/18\/2026\/09\/Captura-de-pantalla-2026-09-02-105346.jpg\",\"width\":622,\"height\":468,\"caption\":\"Cartel XVIII Carrera Popular de Tetu\u00e1n\"},{\"@type\":\"BreadcrumbList\",\"@id\":\"https:\/\/diario.madrid.es\/tetuan\/2026\/09\/02\/abiertas-las-inscripciones-para-la-xviii-carrera-popular-de-tetuan\/#breadcrumb\",\"itemListElement\":[{\"@type\":\"ListItem\",\"position\":1,\"name\":\"Portada\",\"item\":\"https:\/\/diario.madrid.es\/tetuan\/\"},{\"@type\":\"ListItem\",\"position\":2,\"name\":\"Abiertas las inscripciones para la XVIII Carrera Popular de Tetu\u00e1n\"}]},{\"@type\":\"WebSite\",\"@id\":\"https:\/\/diario.madrid.es\/tetuan\/#website\",\"url\":\"https:\/\/diario.madrid.es\/tetuan\/\",\"name\":\"Diario Madrid - Tetu\u00e1n\",\"description\":\"Toda la informaci\u00f3n sobre Tetu\u00e1n\",\"publisher\":{\"@id\":\"https:\/\/diario.madrid.es\/tetuan\/#organization\"},\"potentialAction\":[{\"@type\":\"SearchAction\",\"target\":{\"@type\":\"EntryPoint\",\"urlTemplate\":\"https:\/\/diario.madrid.es\/tetuan\/?s={search_term_string}\"},\"query-input\":{\"@type\":\"PropertyValueSpecification\",\"valueRequired\":true,\"valueName\":\"search_term_string\"}}],\"inLanguage\":\"es\"},{\"@type\":\"Organization\",\"@id\":\"https:\/\/diario.madrid.es\/tetuan\/#organization\",\"name\":\"Diario Madrid - Tetu\u00e1n\",\"url\":\"https:\/\/diario.madrid.es\/tetuan\/\",\"logo\":{\"@type\":\"ImageObject\",\"inLanguage\":\"es\",\"@id\":\"https:\/\/diario.madrid.es\/tetuan\/#\/schema\/logo\/image\/\",\"url\":\"https:\/\/diario.madrid.es\/tetuan\/wp-content\/uploads\/sites\/18\/2025\/02\/Escudo-Ayuntamiento-Madrid.png\",\"contentUrl\":\"https:\/\/diario.madrid.es\/tetuan\/wp-content\/uploads\/sites\/18\/2025\/02\/Escudo-Ayuntamiento-Madrid.png\",\"width\":1200,\"height\":675,\"caption\":\"Diario Madrid - Tetu\u00e1n\"},\"image\":{\"@id\":\"https:\/\/diario.madrid.es\/tetuan\/#\/schema\/logo\/image\/\"},\"sameAs\":[\"https:\/\/www.facebook.com\/JMDTetuan\",\"https:\/\/x.com\/JMDTetuan\"]},{\"@type\":\"Person\",\"@id\":\"https:\/\/diario.madrid.es\/tetuan\/#\/schema\/person\/3b1a5ea1a4993d20c660ce11e9ee6a28\",\"name\":\"belmarfa\",\"image\":{\"@type\":\"ImageObject\",\"inLanguage\":\"es\",\"@id\":\"https:\/\/diario.madrid.es\/tetuan\/#\/schema\/person\/image\/\",\"url\":\"https:\/\/secure.gravatar.com\/avatar\/91083ad44f97b1681608b6b486b1487ee76f6b41b08794ea997145e2e4a09586?s=96&d=mm&r=g\",\"contentUrl\":\"https:\/\/secure.gravatar.com\/avatar\/91083ad44f97b1681608b6b486b1487ee76f6b41b08794ea997145e2e4a09586?s=96&d=mm&r=g\",\"caption\":\"belmarfa\"}}]}<\/script>\n<!-- \/ Yoast SEO Premium plugin. -->","yoast_head_json":{"title":"Abiertas las inscripciones para la XVIII Carrera Popular de Tetu\u00e1n Abiertas las inscripciones para la XVIII Carrera Popular de Tetu\u00e1n","description":"Tetu\u00e1n celebrar\u00e1 la XVIII edici\u00f3n de su Carrera Popular el domingo, 27 de septiembre, desde las 9:00 horas. Con salida y meta en la calle de Bravo Murillo, 357, frente a la Junta Municipal de Tetu\u00e1n, la competici\u00f3n transcurrir\u00e1 entre la plaza de Castilla y la glorieta de Cuatro Caminos, incluyendo un tramo por la calle de Marqu\u00e9s de Viana, con 10 K en total, recorrido para mayores de 18 a\u00f1os. Tetu\u00e1n celebrar\u00e1 la XVIII edici\u00f3n de su Carrera Popular el domingo, 27 de septiembre, desde las 9:00 horas. Con salida y meta en la calle de Bravo Murillo, 357, frente a la Junta Municipal de Tetu\u00e1n, la competici\u00f3n transcurrir\u00e1 entre la plaza de Castilla y la glorieta de Cuatro Caminos, incluyendo un tramo por la calle de Marqu\u00e9s de Viana, con 10 K en total, recorrido para mayores de 18 a\u00f1os.","robots":{"index":"index","follow":"follow","max-snippet":"max-snippet:-1","max-image-preview":"max-image-preview:large","max-video-preview":"max-video-preview:-1"},"canonical":"https:\/\/diario.madrid.es\/tetuan\/2026\/09\/02\/abiertas-las-inscripciones-para-la-xviii-carrera-popular-de-tetuan\/","og_locale":"es_ES","og_type":"article","og_title":"Abiertas las inscripciones para la XVIII Carrera Popular de Tetu\u00e1n","og_description":"Tetu\u00e1n celebrar\u00e1 la XVIII edici\u00f3n de su Carrera Popular el domingo, 27 de septiembre, desde las 9:00 horas. Con salida y meta en la calle de Bravo Murillo, 357, frente a la Junta Municipal de Tetu\u00e1n, la competici\u00f3n transcurrir\u00e1 entre la plaza de Castilla y la glorieta de Cuatro Caminos, incluyendo un tramo por la calle de Marqu\u00e9s de Viana, con 10 K en total, recorrido para mayores de 18 a\u00f1os. Tetu\u00e1n celebrar\u00e1 la XVIII edici\u00f3n de su Carrera Popular el domingo, 27 de septiembre, desde las 9:00 horas. Con salida y meta en la calle de Bravo Murillo, 357, frente a la Junta Municipal de Tetu\u00e1n, la competici\u00f3n transcurrir\u00e1 entre la plaza de Castilla y la glorieta de Cuatro Caminos, incluyendo un tramo por la calle de Marqu\u00e9s de Viana, con 10 K en total, recorrido para mayores de 18 a\u00f1os.","og_url":"https:\/\/diario.madrid.es\/tetuan\/2026\/09\/02\/abiertas-las-inscripciones-para-la-xviii-carrera-popular-de-tetuan\/","og_site_name":"Tetu\u00e1n","article_publisher":"https:\/\/www.facebook.com\/JMDTetuan","article_published_time":"2026-09-02T08:58:32+00:00","article_modified_time":"2026-09-02T09:01:05+00:00","og_image":[{"width":622,"height":468,"url":"https:\/\/diario.madrid.es\/tetuan\/wp-content\/uploads\/sites\/18\/2026\/09\/Captura-de-pantalla-2026-09-02-105346.jpg","type":"image\/jpeg"}],"author":"belmarfa","twitter_card":"summary_large_image","twitter_creator":"@JMDTetuan","twitter_site":"@JMDTetuan","twitter_misc":{"Escrito por":"belmarfa","Tiempo de lectura":"2 minutos"},"schema":{"@context":"https:\/\/schema.org","@graph":[{"@type":"Article","@id":"https:\/\/diario.madrid.es\/tetuan\/2026\/09\/02\/abiertas-las-inscripciones-para-la-xviii-carrera-popular-de-tetuan\/#article","isPartOf":{"@id":"https:\/\/diario.madrid.es\/tetuan\/2026\/09\/02\/abiertas-las-inscripciones-para-la-xviii-carrera-popular-de-tetuan\/"},"author":{"name":"belmarfa","@id":"https:\/\/diario.madrid.es\/tetuan\/#\/schema\/person\/3b1a5ea1a4993d20c660ce11e9ee6a28"},"headline":"Abiertas las inscripciones para la XVIII Carrera Popular de Tetu\u00e1n","datePublished":"2026-09-02T08:58:32+00:00","dateModified":"2026-09-02T09:01:05+00:00","mainEntityOfPage":{"@id":"https:\/\/diario.madrid.es\/tetuan\/2026\/09\/02\/abiertas-las-inscripciones-para-la-xviii-carrera-popular-de-tetuan\/"},"wordCount":163,"publisher":{"@id":"https:\/\/diario.madrid.es\/tetuan\/#organization"},"image":{"@id":"https:\/\/diario.madrid.es\/tetuan\/2026\/09\/02\/abiertas-las-inscripciones-para-la-xviii-carrera-popular-de-tetuan\/#primaryimage"},"thumbnailUrl":"https:\/\/diario.madrid.es\/tetuan\/wp-content\/uploads\/sites\/18\/2026\/09\/Captura-de-pantalla-2026-09-02-105346.jpg","articleSection":["deporte","Tetu\u00e1n"],"inLanguage":"es"},{"@type":"WebPage","@id":"https:\/\/diario.madrid.es\/tetuan\/2026\/09\/02\/abiertas-las-inscripciones-para-la-xviii-carrera-popular-de-tetuan\/","url":"https:\/\/diario.madrid.es\/tetuan\/2026\/09\/02\/abiertas-las-inscripciones-para-la-xviii-carrera-popular-de-tetuan\/","name":"Abiertas las inscripciones para la XVIII Carrera Popular de Tetu\u00e1n Abiertas las inscripciones para la XVIII Carrera Popular de Tetu\u00e1n","isPartOf":{"@id":"https:\/\/diario.madrid.es\/tetuan\/#website"},"primaryImageOfPage":{"@id":"https:\/\/diario.madrid.es\/tetuan\/2026\/09\/02\/abiertas-las-inscripciones-para-la-xviii-carrera-popular-de-tetuan\/#primaryimage"},"image":{"@id":"https:\/\/diario.madrid.es\/tetuan\/2026\/09\/02\/abiertas-las-inscripciones-para-la-xviii-carrera-popular-de-tetuan\/#primaryimage"},"thumbnailUrl":"https:\/\/diario.madrid.es\/tetuan\/wp-content\/uploads\/sites\/18\/2026\/09\/Captura-de-pantalla-2026-09-02-105346.jpg","datePublished":"2026-09-02T08:58:32+00:00","dateModified":"2026-09-02T09:01:05+00:00","description":"Tetu\u00e1n celebrar\u00e1 la XVIII edici\u00f3n de su Carrera Popular el domingo, 27 de septiembre, desde las 9:00 horas. Con salida y meta en la calle de Bravo Murillo, 357, frente a la Junta Municipal de Tetu\u00e1n, la competici\u00f3n transcurrir\u00e1 entre la plaza de Castilla y la glorieta de Cuatro Caminos, incluyendo un tramo por la calle de Marqu\u00e9s de Viana, con 10 K en total, recorrido para mayores de 18 a\u00f1os. Tetu\u00e1n celebrar\u00e1 la XVIII edici\u00f3n de su Carrera Popular el domingo, 27 de septiembre, desde las 9:00 horas. Con salida y meta en la calle de Bravo Murillo, 357, frente a la Junta Municipal de Tetu\u00e1n, la competici\u00f3n transcurrir\u00e1 entre la plaza de Castilla y la glorieta de Cuatro Caminos, incluyendo un tramo por la calle de Marqu\u00e9s de Viana, con 10 K en total, recorrido para mayores de 18 a\u00f1os.","breadcrumb":{"@id":"https:\/\/diario.madrid.es\/tetuan\/2026\/09\/02\/abiertas-las-inscripciones-para-la-xviii-carrera-popular-de-tetuan\/#breadcrumb"},"inLanguage":"es","potentialAction":[{"@type":"ReadAction","target":["https:\/\/diario.madrid.es\/tetuan\/2026\/09\/02\/abiertas-las-inscripciones-para-la-xviii-carrera-popular-de-tetuan\/"]}]},{"@type":"ImageObject","inLanguage":"es","@id":"https:\/\/diario.madrid.es\/tetuan\/2026\/09\/02\/abiertas-las-inscripciones-para-la-xviii-carrera-popular-de-tetuan\/#primaryimage","url":"https:\/\/diario.madrid.es\/tetuan\/wp-content\/uploads\/sites\/18\/2026\/09\/Captura-de-pantalla-2026-09-02-105346.jpg","contentUrl":"https:\/\/diario.madrid.es\/tetuan\/wp-content\/uploads\/sites\/18\/2026\/09\/Captura-de-pantalla-2026-09-02-105346.jpg","width":622,"height":468,"caption":"Cartel XVIII Carrera Popular de Tetu\u00e1n"},{"@type":"BreadcrumbList","@id":"https:\/\/diario.madrid.es\/tetuan\/2026\/09\/02\/abiertas-las-inscripciones-para-la-xviii-carrera-popular-de-tetuan\/#breadcrumb","itemListElement":[{"@type":"ListItem","position":1,"name":"Portada","item":"https:\/\/diario.madrid.es\/tetuan\/"},{"@type":"ListItem","position":2,"name":"Abiertas las inscripciones para la XVIII Carrera Popular de Tetu\u00e1n"}]},{"@type":"WebSite","@id":"https:\/\/diario.madrid.es\/tetuan\/#website","url":"https:\/\/diario.madrid.es\/tetuan\/","name":"Diario Madrid - Tetu\u00e1n","description":"Toda la informaci\u00f3n sobre Tetu\u00e1n","publisher":{"@id":"https:\/\/diario.madrid.es\/tetuan\/#organization"},"potentialAction":[{"@type":"SearchAction","target":{"@type":"EntryPoint","urlTemplate":"https:\/\/diario.madrid.es\/tetuan\/?s={search_term_string}"},"query-input":{"@type":"PropertyValueSpecification","valueRequired":true,"valueName":"search_term_string"}}],"inLanguage":"es"},{"@type":"Organization","@id":"https:\/\/diario.madrid.es\/tetuan\/#organization","name":"Diario Madrid - Tetu\u00e1n","url":"https:\/\/diario.madrid.es\/tetuan\/","logo":{"@type":"ImageObject","inLanguage":"es","@id":"https:\/\/diario.madrid.es\/tetuan\/#\/schema\/logo\/image\/","url":"https:\/\/diario.madrid.es\/tetuan\/wp-content\/uploads\/sites\/18\/2025\/02\/Escudo-Ayuntamiento-Madrid.png","contentUrl":"https:\/\/diario.madrid.es\/tetuan\/wp-content\/uploads\/sites\/18\/2025\/02\/Escudo-Ayuntamiento-Madrid.png","width":1200,"height":675,"caption":"Diario Madrid - Tetu\u00e1n"},"image":{"@id":"https:\/\/diario.madrid.es\/tetuan\/#\/schema\/logo\/image\/"},"sameAs":["https:\/\/www.facebook.com\/JMDTetuan","https:\/\/x.com\/JMDTetuan"]},{"@type":"Person","@id":"https:\/\/diario.madrid.es\/tetuan\/#\/schema\/person\/3b1a5ea1a4993d20c660ce11e9ee6a28","name":"belmarfa","image":{"@type":"ImageObject","inLanguage":"es","@id":"https:\/\/diario.madrid.es\/tetuan\/#\/schema\/person\/image\/","url":"https:\/\/secure.gravatar.com\/avatar\/91083ad44f97b1681608b6b486b1487ee76f6b41b08794ea997145e2e4a09586?s=96&d=mm&r=g","contentUrl":"https:\/\/secure.gravatar.com\/avatar\/91083ad44f97b1681608b6b486b1487ee76f6b41b08794ea997145e2e4a09586?s=96&d=mm&r=g","caption":"belmarfa"}}]}},"_links":{"self":[{"href":"https:\/\/diario.madrid.es\/tetuan\/wp-json\/wp\/v2\/posts\/4410","targetHints":{"allow":["GET"]}}],"collection":[{"href":"https:\/\/diario.madrid.es\/tetuan\/wp-json\/wp\/v2\/posts"}],"about":[{"href":"https:\/\/diario.madrid.es\/tetuan\/wp-json\/wp\/v2\/types\/post"}],"author":[{"embeddable":true,"href":"https:\/\/diario.madrid.es\/tetuan\/wp-json\/wp\/v2\/users\/229"}],"replies":[{"embeddable":true,"href":"https:\/\/diario.madrid.es\/tetuan\/wp-json\/wp\/v2\/comments?post=4410"}],"version-history":[{"count":4,"href":"https:\/\/diario.madrid.es\/tetuan\/wp-json\/wp\/v2\/posts\/4410\/revisions"}],"predecessor-version":[{"id":4417,"href":"https:\/\/diario.madrid.es\/tetuan\/wp-json\/wp\/v2\/posts\/4410\/revisions\/4417"}],"wp:featuredmedia":[{"embeddable":true,"href":"https:\/\/diario.madrid.es\/tetuan\/wp-json\/wp\/v2\/media\/4414"}],"wp:attachment":[{"href":"https:\/\/diario.madrid.es\/tetuan\/wp-json\/wp\/v2\/media?parent=4410"}],"wp:term":[{"taxonomy":"category","embeddable":true,"href":"https:\/\/diario.madrid.es\/tetuan\/wp-json\/wp\/v2\/categories?post=4410"},{"taxonomy":"post_tag","embeddable":true,"href":"https:\/\/diario.madrid.es\/tetuan\/wp-json\/wp\/v2\/tags?post=4410"}],"curies":[{"name":"wp","href":"https:\/\/api.w.org\/{rel}","templated":true}]}}