{"id":6200,"date":"2026-09-04T07:32:31","date_gmt":"2026-09-04T07:32:31","guid":{"rendered":"https:\/\/diario.madrid.es\/retiro\/?p=6200"},"modified":"2026-09-04T07:38:30","modified_gmt":"2026-09-04T07:38:30","slug":"casa-de-vacas-reune-siete-decadas-de-arte-de-antonio-pedrero-en-una-gran-exposicion-antologica","status":"publish","type":"post","link":"https:\/\/diario.madrid.es\/retiro\/2026\/09\/04\/casa-de-vacas-reune-siete-decadas-de-arte-de-antonio-pedrero-en-una-gran-exposicion-antologica\/","title":{"rendered":"Casa de Vacas re\u00fane siete d\u00e9cadas de arte de Antonio Pedrero en una gran exposici\u00f3n antol\u00f3gica"},"content":{"rendered":"<p>El Centro Cultural Casa de Vacas acoge del 4 al 27 de septiembre la exposici\u00f3n <a href=\"https:\/\/www.madrid.es\/portales\/munimadrid\/es\/Inicio\/El-Ayuntamiento\/Retiro\/Programacion-cultural-de-Retiro\/Actividades-en-el-Centro-Cultural-Casa-de-Vacas\/Antonio-Pedrero\/?vgnextfmt=default&amp;vgnextoid=822beadf2652a910VgnVCM200000f921e388RCRD&amp;vgnextchannel=caebedf006a51910VgnVCM1000001d4a900aRCRD\"><em>Antonio Pedrero. Antol\u00f3gica 1952-2026<\/em><\/a>, una amplia retrospectiva que recorre m\u00e1s de siete d\u00e9cadas de trayectoria de \u00a0uno de los artistas m\u00e1s representativos de Zamora y de la pintura castellana contempor\u00e1nea. La muestra re\u00fane cerca de un centenar de obras y podr\u00e1 visitarse con entrada gratuita.<\/p>\n<p>La exposici\u00f3n \u00a0rinde homenaje a Antonio Pedrero (Zamora, 1939), cuya \u00a0obra \u00a0est\u00e1 profundamente vinculada al \u00a0paisaje, la arquitectura, las tradiciones y la vida rural de Castilla y Le\u00f3n. Organizada por la familia del artista y patrocinada por la Diputaci\u00f3n Provincial de Zamora, la muestra \u00a0es fruto de dos a\u00f1os de trabajo y preparaci\u00f3n.<\/p>\n<p>El recorrido re\u00fane dibujos, \u00f3leos, murales y maquetas escult\u00f3ricas que \u00a0permiten descubrir la evoluci\u00f3n del artista desde sus primeras obras acad\u00e9micas hasta sus creaciones m\u00e1s recientes. \u00a0Retratos, autorretratos, escenas de la vida rural y paisajes de Zamora protagonizan una selecci\u00f3n que refleja la mirada personal de Pedrero sobre su tierra y sus gentes.<\/p>\n<p>La provincia \u00a0de Zamora ocupa un lugar destacado en la exposici\u00f3n, con \u00a0obras dedicadas \u00a0a comarcas como Toro, Aliste, Benavente, Sayago, Tierra de Campos y Sanabria, adem\u00e1s de numerosas vistas de la capital. Tambi\u00e9n podr\u00e1n contemplarse algunos de sus grandes murales, entre ellos los dedicados a <em>La Golondrina<\/em>, <em>Ni\u00f1os y cometas<\/em> o el <em>Voto a la Inmaculada de Villalpando<\/em>.<\/p>\n<p>La inauguraci\u00f3n, celebrada el jueves 3 de septiembre, cont\u00f3 con la participaci\u00f3n del escritor y cr\u00edtico de arte Juan Manuel Bonet, que acompa\u00f1\u00f3 al propio Antonio Pedrero durante la presentaci\u00f3n de la muestra.<\/p>\n<div id='gallery-1' class='gallery galleryid-6200 gallery-columns-3 gallery-size-col-4-square'><figure class='gallery-item'>\n\t\t\t<div class='gallery-icon landscape'>\n\t\t\t\t<a href='https:\/\/diario.madrid.es\/retiro\/wp-content\/uploads\/sites\/25\/2026\/09\/Antonio-Pedrero-2.jpeg'><img decoding=\"async\" width=\"500\" height=\"500\" src=\"https:\/\/diario.madrid.es\/retiro\/wp-content\/uploads\/sites\/25\/2026\/09\/Antonio-Pedrero-2-500x500.jpeg\" class=\"attachment-col-4-square size-col-4-square\" alt=\"Obras de Antonio Pedrero\" srcset=\"https:\/\/diario.madrid.es\/retiro\/wp-content\/uploads\/sites\/25\/2026\/09\/Antonio-Pedrero-2-500x500.jpeg 500w, https:\/\/diario.madrid.es\/retiro\/wp-content\/uploads\/sites\/25\/2026\/09\/Antonio-Pedrero-2-150x150.jpeg 150w\" sizes=\"(max-width: 500px) 100vw, 500px\" \/><\/a>\n\t\t\t<\/div><\/figure><figure class='gallery-item'>\n\t\t\t<div class='gallery-icon landscape'>\n\t\t\t\t<a href='https:\/\/diario.madrid.es\/retiro\/wp-content\/uploads\/sites\/25\/2026\/09\/Mural-LA-Golondrina-COLECCION-FUNDOS.jpg'><img decoding=\"async\" width=\"500\" height=\"500\" src=\"https:\/\/diario.madrid.es\/retiro\/wp-content\/uploads\/sites\/25\/2026\/09\/Mural-LA-Golondrina-COLECCION-FUNDOS-500x500.jpg\" class=\"attachment-col-4-square size-col-4-square\" alt=\"\" srcset=\"https:\/\/diario.madrid.es\/retiro\/wp-content\/uploads\/sites\/25\/2026\/09\/Mural-LA-Golondrina-COLECCION-FUNDOS-500x500.jpg 500w, https:\/\/diario.madrid.es\/retiro\/wp-content\/uploads\/sites\/25\/2026\/09\/Mural-LA-Golondrina-COLECCION-FUNDOS-150x150.jpg 150w\" sizes=\"(max-width: 500px) 100vw, 500px\" \/><\/a>\n\t\t\t<\/div><\/figure><figure class='gallery-item'>\n\t\t\t<div class='gallery-icon landscape'>\n\t\t\t\t<a href='https:\/\/diario.madrid.es\/retiro\/wp-content\/uploads\/sites\/25\/2026\/09\/Ninas-al-sol-Fundacion-Andaluza-Rodriguez-Acosta-Granada.jpg'><img decoding=\"async\" width=\"500\" height=\"500\" src=\"https:\/\/diario.madrid.es\/retiro\/wp-content\/uploads\/sites\/25\/2026\/09\/Ninas-al-sol-Fundacion-Andaluza-Rodriguez-Acosta-Granada-500x500.jpg\" class=\"attachment-col-4-square size-col-4-square\" alt=\"\" srcset=\"https:\/\/diario.madrid.es\/retiro\/wp-content\/uploads\/sites\/25\/2026\/09\/Ninas-al-sol-Fundacion-Andaluza-Rodriguez-Acosta-Granada-500x500.jpg 500w, https:\/\/diario.madrid.es\/retiro\/wp-content\/uploads\/sites\/25\/2026\/09\/Ninas-al-sol-Fundacion-Andaluza-Rodriguez-Acosta-Granada-150x150.jpg 150w\" sizes=\"(max-width: 500px) 100vw, 500px\" \/><\/a>\n\t\t\t<\/div><\/figure><figure class='gallery-item'>\n\t\t\t<div class='gallery-icon landscape'>\n\t\t\t\t<a href='https:\/\/diario.madrid.es\/retiro\/wp-content\/uploads\/sites\/25\/2026\/09\/Ninos-con-cometa-y-ciudad-Coleccion-Unicaja.jpg'><img decoding=\"async\" width=\"500\" height=\"500\" src=\"https:\/\/diario.madrid.es\/retiro\/wp-content\/uploads\/sites\/25\/2026\/09\/Ninos-con-cometa-y-ciudad-Coleccion-Unicaja-500x500.jpg\" class=\"attachment-col-4-square size-col-4-square\" alt=\"\" srcset=\"https:\/\/diario.madrid.es\/retiro\/wp-content\/uploads\/sites\/25\/2026\/09\/Ninos-con-cometa-y-ciudad-Coleccion-Unicaja-500x500.jpg 500w, https:\/\/diario.madrid.es\/retiro\/wp-content\/uploads\/sites\/25\/2026\/09\/Ninos-con-cometa-y-ciudad-Coleccion-Unicaja-150x150.jpg 150w\" sizes=\"(max-width: 500px) 100vw, 500px\" \/><\/a>\n\t\t\t<\/div><\/figure><figure class='gallery-item'>\n\t\t\t<div class='gallery-icon landscape'>\n\t\t\t\t<a href='https:\/\/diario.madrid.es\/retiro\/wp-content\/uploads\/sites\/25\/2026\/09\/foto-expo.jpg'><img decoding=\"async\" width=\"500\" height=\"500\" src=\"https:\/\/diario.madrid.es\/retiro\/wp-content\/uploads\/sites\/25\/2026\/09\/foto-expo-500x500.jpg\" class=\"attachment-col-4-square size-col-4-square\" alt=\"\" srcset=\"https:\/\/diario.madrid.es\/retiro\/wp-content\/uploads\/sites\/25\/2026\/09\/foto-expo-500x500.jpg 500w, https:\/\/diario.madrid.es\/retiro\/wp-content\/uploads\/sites\/25\/2026\/09\/foto-expo-150x150.jpg 150w\" sizes=\"(max-width: 500px) 100vw, 500px\" \/><\/a>\n\t\t\t<\/div><\/figure><figure class='gallery-item'>\n\t\t\t<div class='gallery-icon landscape'>\n\t\t\t\t<a href='https:\/\/diario.madrid.es\/retiro\/wp-content\/uploads\/sites\/25\/2026\/09\/Antonio-Pedrero-y-Lopez-de-la-Parte.jpg'><img decoding=\"async\" width=\"500\" height=\"500\" src=\"https:\/\/diario.madrid.es\/retiro\/wp-content\/uploads\/sites\/25\/2026\/09\/Antonio-Pedrero-y-Lopez-de-la-Parte-500x500.jpg\" class=\"attachment-col-4-square size-col-4-square\" alt=\"Antonio Pedrero delante de un cuadro suyo\" srcset=\"https:\/\/diario.madrid.es\/retiro\/wp-content\/uploads\/sites\/25\/2026\/09\/Antonio-Pedrero-y-Lopez-de-la-Parte-500x500.jpg 500w, https:\/\/diario.madrid.es\/retiro\/wp-content\/uploads\/sites\/25\/2026\/09\/Antonio-Pedrero-y-Lopez-de-la-Parte-150x150.jpg 150w\" sizes=\"(max-width: 500px) 100vw, 500px\" \/><\/a>\n\t\t\t<\/div><\/figure>\n\t\t<\/div>\n\n<h2><strong>Antonio Pedrero, una vida dedicada al arte y a Zamora<\/strong><\/h2>\n<p>Antonio Pedrero Y\u00e9boles (Zamora, 1939) es una de las figuras m\u00e1s \u00a0destacadas del arte zamorano de la segunda mitad del siglo XX y comienzos del XXI. Formado en la Escuela de Arte San Ildefonso de Zamora y en la Escuela Superior de Bellas Artes de San Fernando de Madrid, desarroll\u00f3 una \u00a0extensa trayectoria como pintor, escultor y docente en las Escuelas de Artes y Oficios de Zamora y Salamanca.<\/p>\n<p>Zamora ha sido durante d\u00e9cadas su principal fuente de inspiraci\u00f3n. Sus paisajes, su historia, sus tradiciones y sus gentes ocupan un lugar central en una obra en la que destaca especialmente su tratamiento de la luz, con una particular presencia de los paisajes de Sanabria. Aunque tambi\u00e9n ha desarrollado una importante trayectoria escult\u00f3rica, Pedrero es especialmente reconocido por su faceta como pintor. En \u00a0escultura destacan tanto sus obras figurativas como sus monumentos urbanos \u00a0e im\u00e1genes \u00a0vinculadas a la Semana Santa de Zamora.<\/p>\n<p>Entre sus trabajos m\u00e1s emblem\u00e1ticos figura <em><strong>La Golondrina<\/strong><\/em> (1960), un mural realizado cuando \u00a0el artista ten\u00eda apenas 21 a\u00f1os y en el que retrat\u00f3 a distintos personajes de la vida social y cultural de la Zamora de los a\u00f1os cincuenta y sesenta. \u00a0Tambi\u00e9n destaca el mural <em><strong>Cerco de Zamora<\/strong><\/em>, realizado por encargo del Gobierno Civil y conservado \u00a0actualmente en la Subdelegaci\u00f3n del Gobierno.<\/p>\n<p>En \u00a0el \u00e1mbito escult\u00f3rico, \u00a0entre sus obras m\u00e1s conocidas se encuentran \u00a0<em><strong>Merl\u00fa<\/strong><\/em>, monumento de bronce instalado en la Plaza Mayor de Zamora en 1996 y convertido en uno de los s\u00edmbolos de la Semana Santa zamorana, y el <em><strong>Nazareno<\/strong><\/em>, talla en madera policromada realizada en 1999 para la Cofrad\u00eda de Jes\u00fas Nazareno. \/<\/p>\n<p><img decoding=\"async\" class=\"alignnone size-full wp-image-6203\" src=\"https:\/\/diario.madrid.es\/retiro\/wp-content\/uploads\/sites\/25\/2026\/09\/cartel-expo.jpg\" alt=\"exposici\u00f3n Antonio Pedrero. Antol\u00f3gica 1952-2026,\" width=\"1600\" height=\"800\" srcset=\"https:\/\/diario.madrid.es\/retiro\/wp-content\/uploads\/sites\/25\/2026\/09\/cartel-expo.jpg 1600w, https:\/\/diario.madrid.es\/retiro\/wp-content\/uploads\/sites\/25\/2026\/09\/cartel-expo-300x150.jpg 300w, https:\/\/diario.madrid.es\/retiro\/wp-content\/uploads\/sites\/25\/2026\/09\/cartel-expo-1024x512.jpg 1024w, https:\/\/diario.madrid.es\/retiro\/wp-content\/uploads\/sites\/25\/2026\/09\/cartel-expo-768x384.jpg 768w, https:\/\/diario.madrid.es\/retiro\/wp-content\/uploads\/sites\/25\/2026\/09\/cartel-expo-1536x768.jpg 1536w, https:\/\/diario.madrid.es\/retiro\/wp-content\/uploads\/sites\/25\/2026\/09\/cartel-expo-1500x750.jpg 1500w, https:\/\/diario.madrid.es\/retiro\/wp-content\/uploads\/sites\/25\/2026\/09\/cartel-expo-1000x500.jpg 1000w, https:\/\/diario.madrid.es\/retiro\/wp-content\/uploads\/sites\/25\/2026\/09\/cartel-expo-500x250.jpg 500w\" sizes=\"(max-width: 1600px) 100vw, 1600px\" \/><\/p>\n<p><strong>Informaci\u00f3n de inter\u00e9s: <\/strong><\/p>\n<p><em>\ud83c\udfa8<\/em><em> Antonio Pedrero. Antol\u00f3gica 1952-2026<br \/>\n<\/em>\ud83d\udcc5 Del 4 al 27 de septiembre<br \/>\n\ud83d\udccd Centro Cultural Casa de Vacas. Paseo de Colombia, 1. Parque de El Retiro<br \/>\n\ud83d\udd59 De lunes a domingo, de 10:00 a 21:00 horas<br \/>\n\ud83c\udf9f\ufe0f Entrada gratuita<\/p>\n","protected":false},"excerpt":{"rendered":"<p>El Centro Cultural Casa de Vacas acoge del 3 al 27 de septiembre la exposici\u00f3n Antonio Pedrero. Antol\u00f3gica 1952-2026, una amplia retrospectiva que recorre m\u00e1s de siete d\u00e9cadas de trayectoria de \u00a0uno de los artistas m\u00e1s representativos de Zamora y de la pintura castellana contempor\u00e1nea. La muestra re\u00fane cerca de un centenar de obras y podr\u00e1 visitarse con entrada gratuita.<\/p>\n","protected":false},"author":140,"featured_media":6201,"comment_status":"closed","ping_status":"closed","sticky":false,"template":"","format":"standard","meta":{"footnotes":""},"categories":[56],"tags":[207,29],"class_list":["post-6200","post","type-post","status-publish","format-standard","has-post-thumbnail","hentry","category-cultura","tag-casa-de-vacas","tag-exposicion"],"yoast_head":"<!-- This site is optimized with the Yoast SEO Premium plugin v25.4 (Yoast SEO v26.4) - https:\/\/yoast.com\/wordpress\/plugins\/seo\/ -->\n<title>Casa de Vacas rinde homenaje al pintor zamorano Antonio Pedrero<\/title>\n<meta name=\"description\" content=\"Casa de Vacas re\u00fane siete d\u00e9cadas de arte de Antonio Pedrero en una gran exposici\u00f3n con un centenar de obras.\" \/>\n<meta name=\"robots\" content=\"index, follow, max-snippet:-1, max-image-preview:large, max-video-preview:-1\" \/>\n<link rel=\"canonical\" href=\"https:\/\/diario.madrid.es\/retiro\/2026\/09\/04\/casa-de-vacas-reune-siete-decadas-de-arte-de-antonio-pedrero-en-una-gran-exposicion-antologica\/\" \/>\n<meta property=\"og:locale\" content=\"es_ES\" \/>\n<meta property=\"og:type\" content=\"article\" \/>\n<meta property=\"og:title\" content=\"Casa de Vacas re\u00fane siete d\u00e9cadas de arte de Antonio Pedrero en una gran exposici\u00f3n antol\u00f3gica\" \/>\n<meta property=\"og:description\" content=\"Casa de Vacas re\u00fane siete d\u00e9cadas de arte de Antonio Pedrero en una gran exposici\u00f3n con un centenar de obras.\" \/>\n<meta property=\"og:url\" content=\"https:\/\/diario.madrid.es\/retiro\/2026\/09\/04\/casa-de-vacas-reune-siete-decadas-de-arte-de-antonio-pedrero-en-una-gran-exposicion-antologica\/\" \/>\n<meta property=\"og:site_name\" content=\"Retiro\" \/>\n<meta property=\"article:publisher\" content=\"https:\/\/www.facebook.com\/JMDRetiro\" \/>\n<meta property=\"article:published_time\" content=\"2026-09-04T07:32:31+00:00\" \/>\n<meta property=\"article:modified_time\" content=\"2026-09-04T07:38:30+00:00\" \/>\n<meta property=\"og:image\" content=\"https:\/\/diario.madrid.es\/retiro\/wp-content\/uploads\/sites\/25\/2026\/09\/Antonio-Pedrero-1-e1788506573237.jpg\" \/>\n\t<meta property=\"og:image:width\" content=\"740\" \/>\n\t<meta property=\"og:image:height\" content=\"560\" \/>\n\t<meta property=\"og:image:type\" content=\"image\/jpeg\" \/>\n<meta name=\"author\" content=\"sacristan\" \/>\n<meta name=\"twitter:card\" content=\"summary_large_image\" \/>\n<meta name=\"twitter:creator\" content=\"@JMDretiro\" \/>\n<meta name=\"twitter:site\" content=\"@JMDretiro\" \/>\n<meta name=\"twitter:label1\" content=\"Escrito por\" \/>\n\t<meta name=\"twitter:data1\" content=\"sacristan\" \/>\n\t<meta name=\"twitter:label2\" content=\"Tiempo de lectura\" \/>\n\t<meta name=\"twitter:data2\" content=\"4 minutos\" \/>\n<script type=\"application\/ld+json\" class=\"yoast-schema-graph\">{\"@context\":\"https:\/\/schema.org\",\"@graph\":[{\"@type\":\"Article\",\"@id\":\"https:\/\/diario.madrid.es\/retiro\/2026\/09\/04\/casa-de-vacas-reune-siete-decadas-de-arte-de-antonio-pedrero-en-una-gran-exposicion-antologica\/#article\",\"isPartOf\":{\"@id\":\"https:\/\/diario.madrid.es\/retiro\/2026\/09\/04\/casa-de-vacas-reune-siete-decadas-de-arte-de-antonio-pedrero-en-una-gran-exposicion-antologica\/\"},\"author\":{\"name\":\"sacristan\",\"@id\":\"https:\/\/diario.madrid.es\/retiro\/#\/schema\/person\/742142e871cb134f7480044b62d416db\"},\"headline\":\"Casa de Vacas re\u00fane siete d\u00e9cadas de arte de Antonio Pedrero en una gran exposici\u00f3n antol\u00f3gica\",\"datePublished\":\"2026-09-04T07:32:31+00:00\",\"dateModified\":\"2026-09-04T07:38:30+00:00\",\"mainEntityOfPage\":{\"@id\":\"https:\/\/diario.madrid.es\/retiro\/2026\/09\/04\/casa-de-vacas-reune-siete-decadas-de-arte-de-antonio-pedrero-en-una-gran-exposicion-antologica\/\"},\"wordCount\":633,\"publisher\":{\"@id\":\"https:\/\/diario.madrid.es\/retiro\/#organization\"},\"image\":{\"@id\":\"https:\/\/diario.madrid.es\/retiro\/2026\/09\/04\/casa-de-vacas-reune-siete-decadas-de-arte-de-antonio-pedrero-en-una-gran-exposicion-antologica\/#primaryimage\"},\"thumbnailUrl\":\"https:\/\/diario.madrid.es\/retiro\/wp-content\/uploads\/sites\/25\/2026\/09\/Antonio-Pedrero-1-e1788506573237.jpg\",\"keywords\":[\"Casa de Vacas\",\"exposici\u00f3n\"],\"articleSection\":[\"Cultura\"],\"inLanguage\":\"es\"},{\"@type\":\"WebPage\",\"@id\":\"https:\/\/diario.madrid.es\/retiro\/2026\/09\/04\/casa-de-vacas-reune-siete-decadas-de-arte-de-antonio-pedrero-en-una-gran-exposicion-antologica\/\",\"url\":\"https:\/\/diario.madrid.es\/retiro\/2026\/09\/04\/casa-de-vacas-reune-siete-decadas-de-arte-de-antonio-pedrero-en-una-gran-exposicion-antologica\/\",\"name\":\"Casa de Vacas rinde homenaje al pintor zamorano Antonio Pedrero\",\"isPartOf\":{\"@id\":\"https:\/\/diario.madrid.es\/retiro\/#website\"},\"primaryImageOfPage\":{\"@id\":\"https:\/\/diario.madrid.es\/retiro\/2026\/09\/04\/casa-de-vacas-reune-siete-decadas-de-arte-de-antonio-pedrero-en-una-gran-exposicion-antologica\/#primaryimage\"},\"image\":{\"@id\":\"https:\/\/diario.madrid.es\/retiro\/2026\/09\/04\/casa-de-vacas-reune-siete-decadas-de-arte-de-antonio-pedrero-en-una-gran-exposicion-antologica\/#primaryimage\"},\"thumbnailUrl\":\"https:\/\/diario.madrid.es\/retiro\/wp-content\/uploads\/sites\/25\/2026\/09\/Antonio-Pedrero-1-e1788506573237.jpg\",\"datePublished\":\"2026-09-04T07:32:31+00:00\",\"dateModified\":\"2026-09-04T07:38:30+00:00\",\"description\":\"Casa de Vacas re\u00fane siete d\u00e9cadas de arte de Antonio Pedrero en una gran exposici\u00f3n con un centenar de obras.\",\"breadcrumb\":{\"@id\":\"https:\/\/diario.madrid.es\/retiro\/2026\/09\/04\/casa-de-vacas-reune-siete-decadas-de-arte-de-antonio-pedrero-en-una-gran-exposicion-antologica\/#breadcrumb\"},\"inLanguage\":\"es\",\"potentialAction\":[{\"@type\":\"ReadAction\",\"target\":[\"https:\/\/diario.madrid.es\/retiro\/2026\/09\/04\/casa-de-vacas-reune-siete-decadas-de-arte-de-antonio-pedrero-en-una-gran-exposicion-antologica\/\"]}]},{\"@type\":\"ImageObject\",\"inLanguage\":\"es\",\"@id\":\"https:\/\/diario.madrid.es\/retiro\/2026\/09\/04\/casa-de-vacas-reune-siete-decadas-de-arte-de-antonio-pedrero-en-una-gran-exposicion-antologica\/#primaryimage\",\"url\":\"https:\/\/diario.madrid.es\/retiro\/wp-content\/uploads\/sites\/25\/2026\/09\/Antonio-Pedrero-1-e1788506573237.jpg\",\"contentUrl\":\"https:\/\/diario.madrid.es\/retiro\/wp-content\/uploads\/sites\/25\/2026\/09\/Antonio-Pedrero-1-e1788506573237.jpg\",\"width\":740,\"height\":560,\"caption\":\"Antonio Pedrero pintando\"},{\"@type\":\"BreadcrumbList\",\"@id\":\"https:\/\/diario.madrid.es\/retiro\/2026\/09\/04\/casa-de-vacas-reune-siete-decadas-de-arte-de-antonio-pedrero-en-una-gran-exposicion-antologica\/#breadcrumb\",\"itemListElement\":[{\"@type\":\"ListItem\",\"position\":1,\"name\":\"Portada\",\"item\":\"https:\/\/diario.madrid.es\/retiro\/\"},{\"@type\":\"ListItem\",\"position\":2,\"name\":\"Casa de Vacas re\u00fane siete d\u00e9cadas de arte de Antonio Pedrero en una gran exposici\u00f3n antol\u00f3gica\"}]},{\"@type\":\"WebSite\",\"@id\":\"https:\/\/diario.madrid.es\/retiro\/#website\",\"url\":\"https:\/\/diario.madrid.es\/retiro\/\",\"name\":\"Diario Madrid - Retiro\",\"description\":\"Toda la informaci\u00f3n sobre el distrito de Retiro\",\"publisher\":{\"@id\":\"https:\/\/diario.madrid.es\/retiro\/#organization\"},\"potentialAction\":[{\"@type\":\"SearchAction\",\"target\":{\"@type\":\"EntryPoint\",\"urlTemplate\":\"https:\/\/diario.madrid.es\/retiro\/?s={search_term_string}\"},\"query-input\":{\"@type\":\"PropertyValueSpecification\",\"valueRequired\":true,\"valueName\":\"search_term_string\"}}],\"inLanguage\":\"es\"},{\"@type\":\"Organization\",\"@id\":\"https:\/\/diario.madrid.es\/retiro\/#organization\",\"name\":\"Diario Madrid - Retiro\",\"url\":\"https:\/\/diario.madrid.es\/retiro\/\",\"logo\":{\"@type\":\"ImageObject\",\"inLanguage\":\"es\",\"@id\":\"https:\/\/diario.madrid.es\/retiro\/#\/schema\/logo\/image\/\",\"url\":\"https:\/\/diario.madrid.es\/retiro\/wp-content\/uploads\/sites\/25\/2025\/02\/Escudo-Ayuntamiento-Madrid.png\",\"contentUrl\":\"https:\/\/diario.madrid.es\/retiro\/wp-content\/uploads\/sites\/25\/2025\/02\/Escudo-Ayuntamiento-Madrid.png\",\"width\":1200,\"height\":675,\"caption\":\"Diario Madrid - Retiro\"},\"image\":{\"@id\":\"https:\/\/diario.madrid.es\/retiro\/#\/schema\/logo\/image\/\"},\"sameAs\":[\"https:\/\/www.facebook.com\/JMDRetiro\",\"https:\/\/x.com\/JMDretiro\"]},{\"@type\":\"Person\",\"@id\":\"https:\/\/diario.madrid.es\/retiro\/#\/schema\/person\/742142e871cb134f7480044b62d416db\",\"name\":\"sacristan\",\"image\":{\"@type\":\"ImageObject\",\"inLanguage\":\"es\",\"@id\":\"https:\/\/diario.madrid.es\/retiro\/#\/schema\/person\/image\/\",\"url\":\"https:\/\/secure.gravatar.com\/avatar\/b18ce99a094dc74dc4f0a208d689e2b8ed4a4b5e83d06ae947fc51b7e7cc9053?s=96&d=mm&r=g\",\"contentUrl\":\"https:\/\/secure.gravatar.com\/avatar\/b18ce99a094dc74dc4f0a208d689e2b8ed4a4b5e83d06ae947fc51b7e7cc9053?s=96&d=mm&r=g\",\"caption\":\"sacristan\"}}]}<\/script>\n<!-- \/ Yoast SEO Premium plugin. -->","yoast_head_json":{"title":"Casa de Vacas rinde homenaje al pintor zamorano Antonio Pedrero","description":"Casa de Vacas re\u00fane siete d\u00e9cadas de arte de Antonio Pedrero en una gran exposici\u00f3n con un centenar de obras.","robots":{"index":"index","follow":"follow","max-snippet":"max-snippet:-1","max-image-preview":"max-image-preview:large","max-video-preview":"max-video-preview:-1"},"canonical":"https:\/\/diario.madrid.es\/retiro\/2026\/09\/04\/casa-de-vacas-reune-siete-decadas-de-arte-de-antonio-pedrero-en-una-gran-exposicion-antologica\/","og_locale":"es_ES","og_type":"article","og_title":"Casa de Vacas re\u00fane siete d\u00e9cadas de arte de Antonio Pedrero en una gran exposici\u00f3n antol\u00f3gica","og_description":"Casa de Vacas re\u00fane siete d\u00e9cadas de arte de Antonio Pedrero en una gran exposici\u00f3n con un centenar de obras.","og_url":"https:\/\/diario.madrid.es\/retiro\/2026\/09\/04\/casa-de-vacas-reune-siete-decadas-de-arte-de-antonio-pedrero-en-una-gran-exposicion-antologica\/","og_site_name":"Retiro","article_publisher":"https:\/\/www.facebook.com\/JMDRetiro","article_published_time":"2026-09-04T07:32:31+00:00","article_modified_time":"2026-09-04T07:38:30+00:00","og_image":[{"width":740,"height":560,"url":"https:\/\/diario.madrid.es\/retiro\/wp-content\/uploads\/sites\/25\/2026\/09\/Antonio-Pedrero-1-e1788506573237.jpg","type":"image\/jpeg"}],"author":"sacristan","twitter_card":"summary_large_image","twitter_creator":"@JMDretiro","twitter_site":"@JMDretiro","twitter_misc":{"Escrito por":"sacristan","Tiempo de lectura":"4 minutos"},"schema":{"@context":"https:\/\/schema.org","@graph":[{"@type":"Article","@id":"https:\/\/diario.madrid.es\/retiro\/2026\/09\/04\/casa-de-vacas-reune-siete-decadas-de-arte-de-antonio-pedrero-en-una-gran-exposicion-antologica\/#article","isPartOf":{"@id":"https:\/\/diario.madrid.es\/retiro\/2026\/09\/04\/casa-de-vacas-reune-siete-decadas-de-arte-de-antonio-pedrero-en-una-gran-exposicion-antologica\/"},"author":{"name":"sacristan","@id":"https:\/\/diario.madrid.es\/retiro\/#\/schema\/person\/742142e871cb134f7480044b62d416db"},"headline":"Casa de Vacas re\u00fane siete d\u00e9cadas de arte de Antonio Pedrero en una gran exposici\u00f3n antol\u00f3gica","datePublished":"2026-09-04T07:32:31+00:00","dateModified":"2026-09-04T07:38:30+00:00","mainEntityOfPage":{"@id":"https:\/\/diario.madrid.es\/retiro\/2026\/09\/04\/casa-de-vacas-reune-siete-decadas-de-arte-de-antonio-pedrero-en-una-gran-exposicion-antologica\/"},"wordCount":633,"publisher":{"@id":"https:\/\/diario.madrid.es\/retiro\/#organization"},"image":{"@id":"https:\/\/diario.madrid.es\/retiro\/2026\/09\/04\/casa-de-vacas-reune-siete-decadas-de-arte-de-antonio-pedrero-en-una-gran-exposicion-antologica\/#primaryimage"},"thumbnailUrl":"https:\/\/diario.madrid.es\/retiro\/wp-content\/uploads\/sites\/25\/2026\/09\/Antonio-Pedrero-1-e1788506573237.jpg","keywords":["Casa de Vacas","exposici\u00f3n"],"articleSection":["Cultura"],"inLanguage":"es"},{"@type":"WebPage","@id":"https:\/\/diario.madrid.es\/retiro\/2026\/09\/04\/casa-de-vacas-reune-siete-decadas-de-arte-de-antonio-pedrero-en-una-gran-exposicion-antologica\/","url":"https:\/\/diario.madrid.es\/retiro\/2026\/09\/04\/casa-de-vacas-reune-siete-decadas-de-arte-de-antonio-pedrero-en-una-gran-exposicion-antologica\/","name":"Casa de Vacas rinde homenaje al pintor zamorano Antonio Pedrero","isPartOf":{"@id":"https:\/\/diario.madrid.es\/retiro\/#website"},"primaryImageOfPage":{"@id":"https:\/\/diario.madrid.es\/retiro\/2026\/09\/04\/casa-de-vacas-reune-siete-decadas-de-arte-de-antonio-pedrero-en-una-gran-exposicion-antologica\/#primaryimage"},"image":{"@id":"https:\/\/diario.madrid.es\/retiro\/2026\/09\/04\/casa-de-vacas-reune-siete-decadas-de-arte-de-antonio-pedrero-en-una-gran-exposicion-antologica\/#primaryimage"},"thumbnailUrl":"https:\/\/diario.madrid.es\/retiro\/wp-content\/uploads\/sites\/25\/2026\/09\/Antonio-Pedrero-1-e1788506573237.jpg","datePublished":"2026-09-04T07:32:31+00:00","dateModified":"2026-09-04T07:38:30+00:00","description":"Casa de Vacas re\u00fane siete d\u00e9cadas de arte de Antonio Pedrero en una gran exposici\u00f3n con un centenar de obras.","breadcrumb":{"@id":"https:\/\/diario.madrid.es\/retiro\/2026\/09\/04\/casa-de-vacas-reune-siete-decadas-de-arte-de-antonio-pedrero-en-una-gran-exposicion-antologica\/#breadcrumb"},"inLanguage":"es","potentialAction":[{"@type":"ReadAction","target":["https:\/\/diario.madrid.es\/retiro\/2026\/09\/04\/casa-de-vacas-reune-siete-decadas-de-arte-de-antonio-pedrero-en-una-gran-exposicion-antologica\/"]}]},{"@type":"ImageObject","inLanguage":"es","@id":"https:\/\/diario.madrid.es\/retiro\/2026\/09\/04\/casa-de-vacas-reune-siete-decadas-de-arte-de-antonio-pedrero-en-una-gran-exposicion-antologica\/#primaryimage","url":"https:\/\/diario.madrid.es\/retiro\/wp-content\/uploads\/sites\/25\/2026\/09\/Antonio-Pedrero-1-e1788506573237.jpg","contentUrl":"https:\/\/diario.madrid.es\/retiro\/wp-content\/uploads\/sites\/25\/2026\/09\/Antonio-Pedrero-1-e1788506573237.jpg","width":740,"height":560,"caption":"Antonio Pedrero pintando"},{"@type":"BreadcrumbList","@id":"https:\/\/diario.madrid.es\/retiro\/2026\/09\/04\/casa-de-vacas-reune-siete-decadas-de-arte-de-antonio-pedrero-en-una-gran-exposicion-antologica\/#breadcrumb","itemListElement":[{"@type":"ListItem","position":1,"name":"Portada","item":"https:\/\/diario.madrid.es\/retiro\/"},{"@type":"ListItem","position":2,"name":"Casa de Vacas re\u00fane siete d\u00e9cadas de arte de Antonio Pedrero en una gran exposici\u00f3n antol\u00f3gica"}]},{"@type":"WebSite","@id":"https:\/\/diario.madrid.es\/retiro\/#website","url":"https:\/\/diario.madrid.es\/retiro\/","name":"Diario Madrid - Retiro","description":"Toda la informaci\u00f3n sobre el distrito de Retiro","publisher":{"@id":"https:\/\/diario.madrid.es\/retiro\/#organization"},"potentialAction":[{"@type":"SearchAction","target":{"@type":"EntryPoint","urlTemplate":"https:\/\/diario.madrid.es\/retiro\/?s={search_term_string}"},"query-input":{"@type":"PropertyValueSpecification","valueRequired":true,"valueName":"search_term_string"}}],"inLanguage":"es"},{"@type":"Organization","@id":"https:\/\/diario.madrid.es\/retiro\/#organization","name":"Diario Madrid - Retiro","url":"https:\/\/diario.madrid.es\/retiro\/","logo":{"@type":"ImageObject","inLanguage":"es","@id":"https:\/\/diario.madrid.es\/retiro\/#\/schema\/logo\/image\/","url":"https:\/\/diario.madrid.es\/retiro\/wp-content\/uploads\/sites\/25\/2025\/02\/Escudo-Ayuntamiento-Madrid.png","contentUrl":"https:\/\/diario.madrid.es\/retiro\/wp-content\/uploads\/sites\/25\/2025\/02\/Escudo-Ayuntamiento-Madrid.png","width":1200,"height":675,"caption":"Diario Madrid - Retiro"},"image":{"@id":"https:\/\/diario.madrid.es\/retiro\/#\/schema\/logo\/image\/"},"sameAs":["https:\/\/www.facebook.com\/JMDRetiro","https:\/\/x.com\/JMDretiro"]},{"@type":"Person","@id":"https:\/\/diario.madrid.es\/retiro\/#\/schema\/person\/742142e871cb134f7480044b62d416db","name":"sacristan","image":{"@type":"ImageObject","inLanguage":"es","@id":"https:\/\/diario.madrid.es\/retiro\/#\/schema\/person\/image\/","url":"https:\/\/secure.gravatar.com\/avatar\/b18ce99a094dc74dc4f0a208d689e2b8ed4a4b5e83d06ae947fc51b7e7cc9053?s=96&d=mm&r=g","contentUrl":"https:\/\/secure.gravatar.com\/avatar\/b18ce99a094dc74dc4f0a208d689e2b8ed4a4b5e83d06ae947fc51b7e7cc9053?s=96&d=mm&r=g","caption":"sacristan"}}]}},"_links":{"self":[{"href":"https:\/\/diario.madrid.es\/retiro\/wp-json\/wp\/v2\/posts\/6200","targetHints":{"allow":["GET"]}}],"collection":[{"href":"https:\/\/diario.madrid.es\/retiro\/wp-json\/wp\/v2\/posts"}],"about":[{"href":"https:\/\/diario.madrid.es\/retiro\/wp-json\/wp\/v2\/types\/post"}],"author":[{"embeddable":true,"href":"https:\/\/diario.madrid.es\/retiro\/wp-json\/wp\/v2\/users\/140"}],"replies":[{"embeddable":true,"href":"https:\/\/diario.madrid.es\/retiro\/wp-json\/wp\/v2\/comments?post=6200"}],"version-history":[{"count":5,"href":"https:\/\/diario.madrid.es\/retiro\/wp-json\/wp\/v2\/posts\/6200\/revisions"}],"predecessor-version":[{"id":6213,"href":"https:\/\/diario.madrid.es\/retiro\/wp-json\/wp\/v2\/posts\/6200\/revisions\/6213"}],"wp:featuredmedia":[{"embeddable":true,"href":"https:\/\/diario.madrid.es\/retiro\/wp-json\/wp\/v2\/media\/6201"}],"wp:attachment":[{"href":"https:\/\/diario.madrid.es\/retiro\/wp-json\/wp\/v2\/media?parent=6200"}],"wp:term":[{"taxonomy":"category","embeddable":true,"href":"https:\/\/diario.madrid.es\/retiro\/wp-json\/wp\/v2\/categories?post=6200"},{"taxonomy":"post_tag","embeddable":true,"href":"https:\/\/diario.madrid.es\/retiro\/wp-json\/wp\/v2\/tags?post=6200"}],"curies":[{"name":"wp","href":"https:\/\/api.w.org\/{rel}","templated":true}]}}