{"id":2419,"date":"2026-08-31T11:28:44","date_gmt":"2026-08-31T11:28:44","guid":{"rendered":"https:\/\/diario.madrid.es\/moncloa-aravaca\/?p=2419"},"modified":"2026-08-31T11:28:44","modified_gmt":"2026-08-31T11:28:44","slug":"aravaca-celebra-a-su-patrona-con-musica-tradicion-y-cultura","status":"publish","type":"post","link":"https:\/\/diario.madrid.es\/moncloa-aravaca\/2026\/08\/31\/aravaca-celebra-a-su-patrona-con-musica-tradicion-y-cultura\/","title":{"rendered":"Aravaca celebra a su patrona con m\u00fasica, tradici\u00f3n y cultura"},"content":{"rendered":"<p>El \u00faltimo d\u00eda de agosto marca el inicio de las fiestas de Aravaca, dedicadas a Nuestra Se\u00f1ora del Camino, patrona de este barrio de Moncloa-Aravaca. Coincidiendo con el inicio de semana se celebra la tradicional procesi\u00f3n con la imagen de la Virgen hasta la iglesia de la Asunci\u00f3n de Nuestra Se\u00f1ora, uno de los actos m\u00e1s emblem\u00e1ticos de unas fiestas que combinan devoci\u00f3n, actividades culturales y conciertos.<\/p>\n<p>El programa se desarrolla en diferentes espacios del casco hist\u00f3rico y tiene como principal punto de encuentro el Recinto Ferial de la calle R\u00edo Nela. All\u00ed se concentran las casetas de las entidades culturales y sociales, y donde se puede disfrutar del ambiente festivo.<\/p>\n<p>La m\u00fasica, el chocolate con churros antes de los encierros, las charangas, los juegos tradicionales e infantiles llenan las calles durante varios d\u00edas, ofreciendo una variada agenda de actividades que se prolonga hasta el 9 de septiembre. Entre los momentos m\u00e1s esperados destaca la inauguraci\u00f3n oficial de las fiestas, a la que seguir\u00e1 el concierto de rock de Los Limones. Otras actuaciones estelares ser\u00e1n ofrecidas por el grupo Avenida o Siempre As\u00ed, los artistas Mickey Pav\u00f3n y Lady Cherry, despidiendo las fiestas con el grupo de baile Wave Dance y la orquesta The Music Show.<\/p>\n<h2><span style=\"color: #000000\"><strong>Lunes, 31 de agosto<\/strong><\/span><\/h2>\n<ul>\n<li><span style=\"color: #0000ff\"><strong>\u00a0<\/strong><strong>Ermita de Nuestra Se\u00f1ora del Buen Camino<\/strong><\/span><\/li>\n<\/ul>\n<p style=\"padding-left: 40px\"><strong>Procesi\u00f3n de la Imagen de nuestra Patrona<br \/>\n<\/strong>Bajada desde su ermita hasta la Iglesia de la Asunci\u00f3n de Nuestra Se\u00f1ora, acompa\u00f1ada de una Banda de m\u00fasica.<br \/>\n<em>19:00 h<\/em><\/p>\n<h2><strong>Martes, 1 de septiembre<\/strong><\/h2>\n<ul>\n<li><strong><span style=\"color: #0000ff\">Centro Cultural Juan Genov\u00e9s<\/span><br \/>\n<\/strong>Entrega de obras para el 3\u00ba concurso de dibujo infantil.<br \/>\nOrganiza: pe\u00f1a Los Limoneros.<br \/>\n<em>10:00 &#8211; 13:00 h<\/em><\/li>\n<\/ul>\n<h2><strong>Jueves, 3 de septiembre<\/strong><\/h2>\n<ul>\n<li><span style=\"color: #0000ff\"><strong>Recinto Ferial R\u00edo Nela<\/strong><\/span><\/li>\n<\/ul>\n<p style=\"padding-left: 40px\"><strong>Hora sin Ruidos<br \/>\n<\/strong><em>16:00 &#8211; 17:00 h<br \/>\n<\/em><strong>Preg\u00f3n<br \/>\n<\/strong>A cargo de la direcci\u00f3n del Colegio Mar\u00eda Reina y la asociaci\u00f3n Valponasca.<br \/>\n<em>21:00 &#8211; 21:30 h<br \/>\n<\/em><strong>Los Limones<br \/>\n<\/strong>Concierto<br \/>\n<em>21:30 &#8211; 23:30 h<\/em><\/p>\n<h2><strong>Viernes, 4 de septiembre<\/strong><\/h2>\n<ul>\n<li><span style=\"color: #0000ff\"><strong>\u00a0<\/strong><strong>Casco hist\u00f3rico de Aravaca<\/strong><\/span><\/li>\n<\/ul>\n<p style=\"padding-left: 40px\"><strong>Charanga Txarangutanes<br \/>\n<\/strong><em>Recorrido:<\/em> Pza. Corona Boreal, avda. de la Galaxia, calle de la Golondrina, calle de las Rosas de Aravaca y calle de Humera, hasta acabar en el recinto ferial en la calle del R\u00edo Nela.<br \/>\n<em>Organiza:<\/em> pe\u00f1a Altozano<br \/>\n<em>19:00-20:00 h<\/em><\/p>\n<ul>\n<li><span style=\"color: #0000ff\"><strong>Recinto Ferial R\u00edo Nela<\/strong><\/span><\/li>\n<\/ul>\n<p style=\"padding-left: 40px\"><strong>Hora sin Ruidos<br \/>\n<\/strong><em>16:00 &#8211; 17:00 h<\/em><br \/>\n<strong>Actuaci\u00f3n estelar de Avenida<br \/>\n<\/strong>Concierto.<br \/>\n<em>22:00 &#8211; 23:30 h<br \/>\n<\/em><strong>Mickey Pav\u00f3n<br \/>\n<\/strong>Concierto<br \/>\n<em>23:45 &#8211; 01:00 h<\/em><\/p>\n<h2><strong>S\u00e1bado, 5 de septiembre<\/strong><\/h2>\n<ul>\n<li><span style=\"color: #0000ff\"><strong>Casco hist\u00f3rico de Aravaca<\/strong><\/span><\/li>\n<\/ul>\n<p style=\"padding-left: 40px\"><strong>Desayuno popular<br \/>\n<\/strong>Degustaci\u00f3n de un chocolate con churros antes de comenzar el encierro.<br \/>\n<em>10:00 h<br \/>\n<\/em><strong>Toro carret\u00f3n<br \/>\n<\/strong>Acompa\u00f1ado de la charanga Txarangutanes.<br \/>\n<em>Recorrido:<\/em> Inicio en plaza de Nuestra Se\u00f1ora del Buen Camino, continuando por las calles de Fuente de Aravaca, Baja de la Iglesia, Olivo, Florencio Rodr\u00edguez, Berenisa, Tejadillo, Boyero y finalizando en la plaza de Nuestra Se\u00f1ora del Buen Camino.<br \/>\n<em>Organiza:<\/em> pe\u00f1a Altozano<br \/>\n<em>11:00 h<\/em><\/p>\n<ul>\n<li><span style=\"color: #0000ff\"><strong>Recinto Ferial R\u00edo Nela<\/strong><\/span><\/li>\n<\/ul>\n<p style=\"padding-left: 40px\"><strong>Hora sin Ruidos<br \/>\n<\/strong><em>16:00 &#8211; 17:00 h<br \/>\n<\/em><strong>Actuaci\u00f3n estelar de Siempre As\u00ed<br \/>\n<\/strong>Concierto<br \/>\n<em>22:00 &#8211; 23:30 h<\/em><\/p>\n<p style=\"padding-left: 40px\"><strong>Lady Cherry<br \/>\n<\/strong>Concierto<br \/>\n<em>23:45 &#8211; 02:00 h<\/em><\/p>\n<h2><strong>Domingo, 6 de septiembre<\/strong><\/h2>\n<ul>\n<li><span style=\"color: #0000ff\"><strong>Casco hist\u00f3rico de Aravaca<\/strong><\/span><\/li>\n<\/ul>\n<p style=\"padding-left: 40px\"><strong>Desayuno popular<br \/>\n<\/strong>Degustaci\u00f3n de un chocolate con churros antes de comenzar el encierro.<br \/>\n<em>10:00 h<br \/>\n<\/em><strong>Toro carret\u00f3n<br \/>\n<\/strong>Acompa\u00f1ado de la charanga Txarangutanes.<br \/>\n<em>Recorrido:<\/em> Inicio en plaza de Nuestra Se\u00f1ora del Buen Camino, continuando por las calles de Fuente de Aravaca, Baja de la Iglesia, Olivo, Florencio Rodr\u00edguez, Berenisa, Tejadillo, Boyero y finalizando en la plaza de Nuestra Se\u00f1ora del Buen Camino.<br \/>\n<em>Organiza:<\/em> pe\u00f1a Altozano<br \/>\n<em>11:00 h<\/em><\/p>\n<ul>\n<li><span style=\"color: #0000ff\"><strong>Parque junto a la Parroquia de la Asunci\u00f3n de Nuestra Se\u00f1ora<\/strong><\/span><\/li>\n<\/ul>\n<p style=\"padding-left: 40px\"><strong>Juegos Tradicionales<\/strong><br \/>\n<em>Organiza:<\/em> pe\u00f1a Las Siete Cabras<br \/>\n<em>18:00 h<\/em><\/p>\n<ul>\n<li><span style=\"color: #0000ff\"><strong>Plaza de la Corona Boreal<\/strong><\/span><\/li>\n<\/ul>\n<p style=\"padding-left: 40px\"><strong>Hinchable para p\u00fablico infantil<br \/>\n<\/strong><em>10:00 &#8211; 14:00 h<br \/>\n<\/em><strong>Entrega de la 4\u00aa edici\u00f3n de los reconocimientos<br \/>\n<\/strong>Se entregan a personas, entidades y comercios por su labor como referente en el barrio de Aravaca.<br \/>\n<em>Organiza:<\/em> pe\u00f1a Los Limoneros.<br \/>\n<em>13:00 h<br \/>\n<\/em><strong>Entrega de premios del 3\u00ba concurso de dibujo infantil<br \/>\n<\/strong><em>Organiza:<\/em> pe\u00f1a Los Limoneros<br \/>\n<em>13:30 &#8211; 14:00 h<br \/>\n<\/em><strong>Reparto de Paella<br \/>\n<\/strong><em>14:00 h<\/em><\/p>\n<ul>\n<li><span style=\"color: #0000ff\"><strong>Centro Cultural Juan Genov\u00e9s<\/strong><\/span><\/li>\n<\/ul>\n<p style=\"padding-left: 40px\"><strong>Presentaci\u00f3n de un documental<br \/>\n<\/strong>En conmemoraci\u00f3n del X aniversario Club Baloncesto Aravaca Basket.<br \/>\n<em>17:30 h<\/em><\/p>\n<ul>\n<li><span style=\"color: #0000ff\"><strong>Recinto Ferial R\u00edo Nela<\/strong><\/span><\/li>\n<\/ul>\n<p style=\"padding-left: 40px\">\u00a0<strong>Hora sin Ruidos<br \/>\n<\/strong><em>16:00 &#8211; 17:00 h<br \/>\n<\/em><strong>Wave Dance<br \/>\n<\/strong>Grupo de baile<br \/>\n<em>21:00 &#8211; 22:00 h<br \/>\n<\/em><strong>The Music Show<br \/>\n<\/strong>Orquesta<br \/>\n22:00 &#8211; 00:00 h<br \/>\n<strong>Fuegos artificiales<br \/>\n<\/strong><em>00:00 h<\/em><\/p>\n<h2><strong>Martes, 8 de septiembre<\/strong><\/h2>\n<ul>\n<li><span style=\"color: #0000ff\"><strong>Atrio de la iglesia de la Asunci\u00f3n de Nuestra Se\u00f1ora<\/strong><\/span><\/li>\n<\/ul>\n<p style=\"padding-left: 40px\"><strong>Misa solemne<\/strong><br \/>\nEn honor de Nuestra Se\u00f1ora del Buen Camino, con actuaci\u00f3n de un coro.<br \/>\n<em>20:00 h<br \/>\n<\/em><strong>Procesi\u00f3n solemne de la Imagen de nuestra Patrona<br \/>\n<\/strong>Acompa\u00f1ada de banda de m\u00fasica.<br \/>\n<em>Recorrido:<\/em> desde la Iglesia de la Asunci\u00f3n de Nuestra Se\u00f1ora a la Ermita de Nuestra Se\u00f1ora del Buen Camino.\u00a0Una vez llegada la imagen de la Virgen en procesi\u00f3n, se realizar\u00e1 la quema de un \u00e1rbol pirot\u00e9cnico en la puerta de la Ermita.<br \/>\n<em>21:00 h<\/em><\/p>\n<h2>Mi\u00e9rcoles, 9 de septiembre<\/h2>\n<p style=\"padding-left: 40px\"><strong>D\u00eda de la infanticia en Aravaca<\/strong><\/p>\n","protected":false},"excerpt":{"rendered":"<p>El \u00faltimo d\u00eda de agosto marca el inicio de las fiestas de Aravaca, dedicadas a Nuestra Se\u00f1ora del Camino, patrona de este barrio de Moncloa-Aravaca. Coincidiendo con el inicio de semana se celebra la tradicional procesi\u00f3n con la imagen de la Virgen hasta la iglesia de la Asunci\u00f3n de Nuestra Se\u00f1ora, uno de los actos m\u00e1s emblem\u00e1ticos de unas fiestas que combinan devoci\u00f3n, actividades culturales y conciertos.<\/p>\n","protected":false},"author":108,"featured_media":2425,"comment_status":"closed","ping_status":"closed","sticky":false,"template":"","format":"standard","meta":{"footnotes":""},"categories":[25,18],"tags":[205],"class_list":["post-2419","post","type-post","status-publish","format-standard","has-post-thumbnail","hentry","category-cultura","category-fiestas","tag-fiestas-patronales"],"yoast_head":"<!-- This site is optimized with the Yoast SEO Premium plugin v25.4 (Yoast SEO v26.4) - https:\/\/yoast.com\/wordpress\/plugins\/seo\/ -->\n<title>Aravaca celebra a su patrona con m\u00fasica, tradici\u00f3n y cultura<\/title>\n<meta name=\"description\" content=\"El 31 de agosto marca el inicio de las fiestas de Aravaca, dedicadas a Nuestra Se\u00f1ora del Camino, patrona de este barrio de Moncloa-Aravaca.\" \/>\n<meta name=\"robots\" content=\"index, follow, max-snippet:-1, max-image-preview:large, max-video-preview:-1\" \/>\n<link rel=\"canonical\" href=\"https:\/\/diario.madrid.es\/moncloa-aravaca\/2026\/08\/31\/aravaca-celebra-a-su-patrona-con-musica-tradicion-y-cultura\/\" \/>\n<meta property=\"og:locale\" content=\"es_ES\" \/>\n<meta property=\"og:type\" content=\"article\" \/>\n<meta property=\"og:title\" content=\"Aravaca celebra a su patrona con m\u00fasica, tradici\u00f3n y cultura\" \/>\n<meta property=\"og:description\" content=\"El 31 de agosto marca el inicio de las fiestas de Aravaca, dedicadas a Nuestra Se\u00f1ora del Camino, patrona de este barrio de Moncloa-Aravaca.\" \/>\n<meta property=\"og:url\" content=\"https:\/\/diario.madrid.es\/moncloa-aravaca\/2026\/08\/31\/aravaca-celebra-a-su-patrona-con-musica-tradicion-y-cultura\/\" \/>\n<meta property=\"og:site_name\" content=\"Moncloa Aravaca\" \/>\n<meta property=\"article:publisher\" content=\"https:\/\/www.facebook.com\/profile.php?id=100068510259625\" \/>\n<meta property=\"article:published_time\" content=\"2026-08-31T11:28:44+00:00\" \/>\n<meta property=\"og:image\" content=\"https:\/\/diario.madrid.es\/moncloa-aravaca\/wp-content\/uploads\/sites\/28\/2026\/08\/Fiestas-de-Aravaca.jpg\" \/>\n\t<meta property=\"og:image:width\" content=\"740\" \/>\n\t<meta property=\"og:image:height\" content=\"470\" \/>\n\t<meta property=\"og:image:type\" content=\"image\/jpeg\" \/>\n<meta name=\"author\" content=\"jmdvallecas\" \/>\n<meta name=\"twitter:card\" content=\"summary_large_image\" \/>\n<meta name=\"twitter:creator\" content=\"@MoncloaAravaca\" \/>\n<meta name=\"twitter:site\" content=\"@MoncloaAravaca\" \/>\n<meta name=\"twitter:label1\" content=\"Escrito por\" \/>\n\t<meta name=\"twitter:data1\" content=\"jmdvallecas\" \/>\n\t<meta name=\"twitter:label2\" content=\"Tiempo de lectura\" \/>\n\t<meta name=\"twitter:data2\" content=\"4 minutos\" \/>\n<script type=\"application\/ld+json\" class=\"yoast-schema-graph\">{\"@context\":\"https:\/\/schema.org\",\"@graph\":[{\"@type\":\"Article\",\"@id\":\"https:\/\/diario.madrid.es\/moncloa-aravaca\/2026\/08\/31\/aravaca-celebra-a-su-patrona-con-musica-tradicion-y-cultura\/#article\",\"isPartOf\":{\"@id\":\"https:\/\/diario.madrid.es\/moncloa-aravaca\/2026\/08\/31\/aravaca-celebra-a-su-patrona-con-musica-tradicion-y-cultura\/\"},\"author\":{\"name\":\"jmdvallecas\",\"@id\":\"https:\/\/diario.madrid.es\/moncloa-aravaca\/#\/schema\/person\/98cc68c8394edd5c2513bda20b04b53b\"},\"headline\":\"Aravaca celebra a su patrona con m\u00fasica, tradici\u00f3n y cultura\",\"datePublished\":\"2026-08-31T11:28:44+00:00\",\"mainEntityOfPage\":{\"@id\":\"https:\/\/diario.madrid.es\/moncloa-aravaca\/2026\/08\/31\/aravaca-celebra-a-su-patrona-con-musica-tradicion-y-cultura\/\"},\"wordCount\":836,\"publisher\":{\"@id\":\"https:\/\/diario.madrid.es\/moncloa-aravaca\/#organization\"},\"image\":{\"@id\":\"https:\/\/diario.madrid.es\/moncloa-aravaca\/2026\/08\/31\/aravaca-celebra-a-su-patrona-con-musica-tradicion-y-cultura\/#primaryimage\"},\"thumbnailUrl\":\"https:\/\/diario.madrid.es\/moncloa-aravaca\/wp-content\/uploads\/sites\/28\/2026\/08\/Fiestas-de-Aravaca.jpg\",\"keywords\":[\"fiestas patronales\"],\"articleSection\":[\"Cultura\",\"fiestas\"],\"inLanguage\":\"es\"},{\"@type\":\"WebPage\",\"@id\":\"https:\/\/diario.madrid.es\/moncloa-aravaca\/2026\/08\/31\/aravaca-celebra-a-su-patrona-con-musica-tradicion-y-cultura\/\",\"url\":\"https:\/\/diario.madrid.es\/moncloa-aravaca\/2026\/08\/31\/aravaca-celebra-a-su-patrona-con-musica-tradicion-y-cultura\/\",\"name\":\"Aravaca celebra a su patrona con m\u00fasica, tradici\u00f3n y cultura\",\"isPartOf\":{\"@id\":\"https:\/\/diario.madrid.es\/moncloa-aravaca\/#website\"},\"primaryImageOfPage\":{\"@id\":\"https:\/\/diario.madrid.es\/moncloa-aravaca\/2026\/08\/31\/aravaca-celebra-a-su-patrona-con-musica-tradicion-y-cultura\/#primaryimage\"},\"image\":{\"@id\":\"https:\/\/diario.madrid.es\/moncloa-aravaca\/2026\/08\/31\/aravaca-celebra-a-su-patrona-con-musica-tradicion-y-cultura\/#primaryimage\"},\"thumbnailUrl\":\"https:\/\/diario.madrid.es\/moncloa-aravaca\/wp-content\/uploads\/sites\/28\/2026\/08\/Fiestas-de-Aravaca.jpg\",\"datePublished\":\"2026-08-31T11:28:44+00:00\",\"description\":\"El 31 de agosto marca el inicio de las fiestas de Aravaca, dedicadas a Nuestra Se\u00f1ora del Camino, patrona de este barrio de Moncloa-Aravaca.\",\"breadcrumb\":{\"@id\":\"https:\/\/diario.madrid.es\/moncloa-aravaca\/2026\/08\/31\/aravaca-celebra-a-su-patrona-con-musica-tradicion-y-cultura\/#breadcrumb\"},\"inLanguage\":\"es\",\"potentialAction\":[{\"@type\":\"ReadAction\",\"target\":[\"https:\/\/diario.madrid.es\/moncloa-aravaca\/2026\/08\/31\/aravaca-celebra-a-su-patrona-con-musica-tradicion-y-cultura\/\"]}]},{\"@type\":\"ImageObject\",\"inLanguage\":\"es\",\"@id\":\"https:\/\/diario.madrid.es\/moncloa-aravaca\/2026\/08\/31\/aravaca-celebra-a-su-patrona-con-musica-tradicion-y-cultura\/#primaryimage\",\"url\":\"https:\/\/diario.madrid.es\/moncloa-aravaca\/wp-content\/uploads\/sites\/28\/2026\/08\/Fiestas-de-Aravaca.jpg\",\"contentUrl\":\"https:\/\/diario.madrid.es\/moncloa-aravaca\/wp-content\/uploads\/sites\/28\/2026\/08\/Fiestas-de-Aravaca.jpg\",\"width\":740,\"height\":470,\"caption\":\"Ilustraci\u00f3n simulando la procesi\u00f3n de la Virgen en las fiestas de Aravaca\"},{\"@type\":\"BreadcrumbList\",\"@id\":\"https:\/\/diario.madrid.es\/moncloa-aravaca\/2026\/08\/31\/aravaca-celebra-a-su-patrona-con-musica-tradicion-y-cultura\/#breadcrumb\",\"itemListElement\":[{\"@type\":\"ListItem\",\"position\":1,\"name\":\"Portada\",\"item\":\"https:\/\/diario.madrid.es\/moncloa-aravaca\/\"},{\"@type\":\"ListItem\",\"position\":2,\"name\":\"Aravaca celebra a su patrona con m\u00fasica, tradici\u00f3n y cultura\"}]},{\"@type\":\"WebSite\",\"@id\":\"https:\/\/diario.madrid.es\/moncloa-aravaca\/#website\",\"url\":\"https:\/\/diario.madrid.es\/moncloa-aravaca\/\",\"name\":\"Diario Madrid | Moncloa - Aravaca\",\"description\":\"Toda la informaci\u00f3n de Moncloa-Aravaca\",\"publisher\":{\"@id\":\"https:\/\/diario.madrid.es\/moncloa-aravaca\/#organization\"},\"potentialAction\":[{\"@type\":\"SearchAction\",\"target\":{\"@type\":\"EntryPoint\",\"urlTemplate\":\"https:\/\/diario.madrid.es\/moncloa-aravaca\/?s={search_term_string}\"},\"query-input\":{\"@type\":\"PropertyValueSpecification\",\"valueRequired\":true,\"valueName\":\"search_term_string\"}}],\"inLanguage\":\"es\"},{\"@type\":\"Organization\",\"@id\":\"https:\/\/diario.madrid.es\/moncloa-aravaca\/#organization\",\"name\":\"Diario Madrid | Moncloa - Aravaca\",\"url\":\"https:\/\/diario.madrid.es\/moncloa-aravaca\/\",\"logo\":{\"@type\":\"ImageObject\",\"inLanguage\":\"es\",\"@id\":\"https:\/\/diario.madrid.es\/moncloa-aravaca\/#\/schema\/logo\/image\/\",\"url\":\"https:\/\/diario.madrid.es\/moncloa-aravaca\/wp-content\/uploads\/sites\/28\/2025\/02\/Escudo-Ayuntamiento-Madrid.png\",\"contentUrl\":\"https:\/\/diario.madrid.es\/moncloa-aravaca\/wp-content\/uploads\/sites\/28\/2025\/02\/Escudo-Ayuntamiento-Madrid.png\",\"width\":1200,\"height\":675,\"caption\":\"Diario Madrid | Moncloa - Aravaca\"},\"image\":{\"@id\":\"https:\/\/diario.madrid.es\/moncloa-aravaca\/#\/schema\/logo\/image\/\"},\"sameAs\":[\"https:\/\/www.facebook.com\/profile.php?id=100068510259625\",\"https:\/\/x.com\/MoncloaAravaca\"]},{\"@type\":\"Person\",\"@id\":\"https:\/\/diario.madrid.es\/moncloa-aravaca\/#\/schema\/person\/98cc68c8394edd5c2513bda20b04b53b\",\"name\":\"jmdvallecas\",\"image\":{\"@type\":\"ImageObject\",\"inLanguage\":\"es\",\"@id\":\"https:\/\/diario.madrid.es\/moncloa-aravaca\/#\/schema\/person\/image\/\",\"url\":\"https:\/\/secure.gravatar.com\/avatar\/0837096921940449453450776db9bd8d2e6e3cecdc741a060ed0d59c635f93da?s=96&d=mm&r=g\",\"contentUrl\":\"https:\/\/secure.gravatar.com\/avatar\/0837096921940449453450776db9bd8d2e6e3cecdc741a060ed0d59c635f93da?s=96&d=mm&r=g\",\"caption\":\"jmdvallecas\"}}]}<\/script>\n<!-- \/ Yoast SEO Premium plugin. -->","yoast_head_json":{"title":"Aravaca celebra a su patrona con m\u00fasica, tradici\u00f3n y cultura","description":"El 31 de agosto marca el inicio de las fiestas de Aravaca, dedicadas a Nuestra Se\u00f1ora del Camino, patrona de este barrio de Moncloa-Aravaca.","robots":{"index":"index","follow":"follow","max-snippet":"max-snippet:-1","max-image-preview":"max-image-preview:large","max-video-preview":"max-video-preview:-1"},"canonical":"https:\/\/diario.madrid.es\/moncloa-aravaca\/2026\/08\/31\/aravaca-celebra-a-su-patrona-con-musica-tradicion-y-cultura\/","og_locale":"es_ES","og_type":"article","og_title":"Aravaca celebra a su patrona con m\u00fasica, tradici\u00f3n y cultura","og_description":"El 31 de agosto marca el inicio de las fiestas de Aravaca, dedicadas a Nuestra Se\u00f1ora del Camino, patrona de este barrio de Moncloa-Aravaca.","og_url":"https:\/\/diario.madrid.es\/moncloa-aravaca\/2026\/08\/31\/aravaca-celebra-a-su-patrona-con-musica-tradicion-y-cultura\/","og_site_name":"Moncloa Aravaca","article_publisher":"https:\/\/www.facebook.com\/profile.php?id=100068510259625","article_published_time":"2026-08-31T11:28:44+00:00","og_image":[{"width":740,"height":470,"url":"https:\/\/diario.madrid.es\/moncloa-aravaca\/wp-content\/uploads\/sites\/28\/2026\/08\/Fiestas-de-Aravaca.jpg","type":"image\/jpeg"}],"author":"jmdvallecas","twitter_card":"summary_large_image","twitter_creator":"@MoncloaAravaca","twitter_site":"@MoncloaAravaca","twitter_misc":{"Escrito por":"jmdvallecas","Tiempo de lectura":"4 minutos"},"schema":{"@context":"https:\/\/schema.org","@graph":[{"@type":"Article","@id":"https:\/\/diario.madrid.es\/moncloa-aravaca\/2026\/08\/31\/aravaca-celebra-a-su-patrona-con-musica-tradicion-y-cultura\/#article","isPartOf":{"@id":"https:\/\/diario.madrid.es\/moncloa-aravaca\/2026\/08\/31\/aravaca-celebra-a-su-patrona-con-musica-tradicion-y-cultura\/"},"author":{"name":"jmdvallecas","@id":"https:\/\/diario.madrid.es\/moncloa-aravaca\/#\/schema\/person\/98cc68c8394edd5c2513bda20b04b53b"},"headline":"Aravaca celebra a su patrona con m\u00fasica, tradici\u00f3n y cultura","datePublished":"2026-08-31T11:28:44+00:00","mainEntityOfPage":{"@id":"https:\/\/diario.madrid.es\/moncloa-aravaca\/2026\/08\/31\/aravaca-celebra-a-su-patrona-con-musica-tradicion-y-cultura\/"},"wordCount":836,"publisher":{"@id":"https:\/\/diario.madrid.es\/moncloa-aravaca\/#organization"},"image":{"@id":"https:\/\/diario.madrid.es\/moncloa-aravaca\/2026\/08\/31\/aravaca-celebra-a-su-patrona-con-musica-tradicion-y-cultura\/#primaryimage"},"thumbnailUrl":"https:\/\/diario.madrid.es\/moncloa-aravaca\/wp-content\/uploads\/sites\/28\/2026\/08\/Fiestas-de-Aravaca.jpg","keywords":["fiestas patronales"],"articleSection":["Cultura","fiestas"],"inLanguage":"es"},{"@type":"WebPage","@id":"https:\/\/diario.madrid.es\/moncloa-aravaca\/2026\/08\/31\/aravaca-celebra-a-su-patrona-con-musica-tradicion-y-cultura\/","url":"https:\/\/diario.madrid.es\/moncloa-aravaca\/2026\/08\/31\/aravaca-celebra-a-su-patrona-con-musica-tradicion-y-cultura\/","name":"Aravaca celebra a su patrona con m\u00fasica, tradici\u00f3n y cultura","isPartOf":{"@id":"https:\/\/diario.madrid.es\/moncloa-aravaca\/#website"},"primaryImageOfPage":{"@id":"https:\/\/diario.madrid.es\/moncloa-aravaca\/2026\/08\/31\/aravaca-celebra-a-su-patrona-con-musica-tradicion-y-cultura\/#primaryimage"},"image":{"@id":"https:\/\/diario.madrid.es\/moncloa-aravaca\/2026\/08\/31\/aravaca-celebra-a-su-patrona-con-musica-tradicion-y-cultura\/#primaryimage"},"thumbnailUrl":"https:\/\/diario.madrid.es\/moncloa-aravaca\/wp-content\/uploads\/sites\/28\/2026\/08\/Fiestas-de-Aravaca.jpg","datePublished":"2026-08-31T11:28:44+00:00","description":"El 31 de agosto marca el inicio de las fiestas de Aravaca, dedicadas a Nuestra Se\u00f1ora del Camino, patrona de este barrio de Moncloa-Aravaca.","breadcrumb":{"@id":"https:\/\/diario.madrid.es\/moncloa-aravaca\/2026\/08\/31\/aravaca-celebra-a-su-patrona-con-musica-tradicion-y-cultura\/#breadcrumb"},"inLanguage":"es","potentialAction":[{"@type":"ReadAction","target":["https:\/\/diario.madrid.es\/moncloa-aravaca\/2026\/08\/31\/aravaca-celebra-a-su-patrona-con-musica-tradicion-y-cultura\/"]}]},{"@type":"ImageObject","inLanguage":"es","@id":"https:\/\/diario.madrid.es\/moncloa-aravaca\/2026\/08\/31\/aravaca-celebra-a-su-patrona-con-musica-tradicion-y-cultura\/#primaryimage","url":"https:\/\/diario.madrid.es\/moncloa-aravaca\/wp-content\/uploads\/sites\/28\/2026\/08\/Fiestas-de-Aravaca.jpg","contentUrl":"https:\/\/diario.madrid.es\/moncloa-aravaca\/wp-content\/uploads\/sites\/28\/2026\/08\/Fiestas-de-Aravaca.jpg","width":740,"height":470,"caption":"Ilustraci\u00f3n simulando la procesi\u00f3n de la Virgen en las fiestas de Aravaca"},{"@type":"BreadcrumbList","@id":"https:\/\/diario.madrid.es\/moncloa-aravaca\/2026\/08\/31\/aravaca-celebra-a-su-patrona-con-musica-tradicion-y-cultura\/#breadcrumb","itemListElement":[{"@type":"ListItem","position":1,"name":"Portada","item":"https:\/\/diario.madrid.es\/moncloa-aravaca\/"},{"@type":"ListItem","position":2,"name":"Aravaca celebra a su patrona con m\u00fasica, tradici\u00f3n y cultura"}]},{"@type":"WebSite","@id":"https:\/\/diario.madrid.es\/moncloa-aravaca\/#website","url":"https:\/\/diario.madrid.es\/moncloa-aravaca\/","name":"Diario Madrid | Moncloa - Aravaca","description":"Toda la informaci\u00f3n de Moncloa-Aravaca","publisher":{"@id":"https:\/\/diario.madrid.es\/moncloa-aravaca\/#organization"},"potentialAction":[{"@type":"SearchAction","target":{"@type":"EntryPoint","urlTemplate":"https:\/\/diario.madrid.es\/moncloa-aravaca\/?s={search_term_string}"},"query-input":{"@type":"PropertyValueSpecification","valueRequired":true,"valueName":"search_term_string"}}],"inLanguage":"es"},{"@type":"Organization","@id":"https:\/\/diario.madrid.es\/moncloa-aravaca\/#organization","name":"Diario Madrid | Moncloa - Aravaca","url":"https:\/\/diario.madrid.es\/moncloa-aravaca\/","logo":{"@type":"ImageObject","inLanguage":"es","@id":"https:\/\/diario.madrid.es\/moncloa-aravaca\/#\/schema\/logo\/image\/","url":"https:\/\/diario.madrid.es\/moncloa-aravaca\/wp-content\/uploads\/sites\/28\/2025\/02\/Escudo-Ayuntamiento-Madrid.png","contentUrl":"https:\/\/diario.madrid.es\/moncloa-aravaca\/wp-content\/uploads\/sites\/28\/2025\/02\/Escudo-Ayuntamiento-Madrid.png","width":1200,"height":675,"caption":"Diario Madrid | Moncloa - Aravaca"},"image":{"@id":"https:\/\/diario.madrid.es\/moncloa-aravaca\/#\/schema\/logo\/image\/"},"sameAs":["https:\/\/www.facebook.com\/profile.php?id=100068510259625","https:\/\/x.com\/MoncloaAravaca"]},{"@type":"Person","@id":"https:\/\/diario.madrid.es\/moncloa-aravaca\/#\/schema\/person\/98cc68c8394edd5c2513bda20b04b53b","name":"jmdvallecas","image":{"@type":"ImageObject","inLanguage":"es","@id":"https:\/\/diario.madrid.es\/moncloa-aravaca\/#\/schema\/person\/image\/","url":"https:\/\/secure.gravatar.com\/avatar\/0837096921940449453450776db9bd8d2e6e3cecdc741a060ed0d59c635f93da?s=96&d=mm&r=g","contentUrl":"https:\/\/secure.gravatar.com\/avatar\/0837096921940449453450776db9bd8d2e6e3cecdc741a060ed0d59c635f93da?s=96&d=mm&r=g","caption":"jmdvallecas"}}]}},"_links":{"self":[{"href":"https:\/\/diario.madrid.es\/moncloa-aravaca\/wp-json\/wp\/v2\/posts\/2419","targetHints":{"allow":["GET"]}}],"collection":[{"href":"https:\/\/diario.madrid.es\/moncloa-aravaca\/wp-json\/wp\/v2\/posts"}],"about":[{"href":"https:\/\/diario.madrid.es\/moncloa-aravaca\/wp-json\/wp\/v2\/types\/post"}],"author":[{"embeddable":true,"href":"https:\/\/diario.madrid.es\/moncloa-aravaca\/wp-json\/wp\/v2\/users\/108"}],"replies":[{"embeddable":true,"href":"https:\/\/diario.madrid.es\/moncloa-aravaca\/wp-json\/wp\/v2\/comments?post=2419"}],"version-history":[{"count":6,"href":"https:\/\/diario.madrid.es\/moncloa-aravaca\/wp-json\/wp\/v2\/posts\/2419\/revisions"}],"predecessor-version":[{"id":2426,"href":"https:\/\/diario.madrid.es\/moncloa-aravaca\/wp-json\/wp\/v2\/posts\/2419\/revisions\/2426"}],"wp:featuredmedia":[{"embeddable":true,"href":"https:\/\/diario.madrid.es\/moncloa-aravaca\/wp-json\/wp\/v2\/media\/2425"}],"wp:attachment":[{"href":"https:\/\/diario.madrid.es\/moncloa-aravaca\/wp-json\/wp\/v2\/media?parent=2419"}],"wp:term":[{"taxonomy":"category","embeddable":true,"href":"https:\/\/diario.madrid.es\/moncloa-aravaca\/wp-json\/wp\/v2\/categories?post=2419"},{"taxonomy":"post_tag","embeddable":true,"href":"https:\/\/diario.madrid.es\/moncloa-aravaca\/wp-json\/wp\/v2\/tags?post=2419"}],"curies":[{"name":"wp","href":"https:\/\/api.w.org\/{rel}","templated":true}]}}