{"id":7408,"date":"2026-08-28T11:49:19","date_gmt":"2026-08-28T11:49:19","guid":{"rendered":"https:\/\/diario.madrid.es\/huertosescolares\/?p=7408"},"modified":"2026-08-28T11:49:19","modified_gmt":"2026-08-28T11:49:19","slug":"comparte-aprende-e-inspira-vi-encuentro-anual-docente-de-la-rhes","status":"publish","type":"post","link":"https:\/\/diario.madrid.es\/huertosescolares\/2026\/08\/28\/comparte-aprende-e-inspira-vi-encuentro-anual-docente-de-la-rhes\/","title":{"rendered":"COMPARTE, APRENDE E INSPIRA: VI ENCUENTRO ANUAL DOCENTE DE LA RHES"},"content":{"rendered":"<h3 style=\"text-align: center\">Un espacio para intercambiar experiencias educativas, compartir ideas, aprender en talleres pr\u00e1cticos y seguir fortaleciendo la Red. Los d\u00edas <strong>25 y 26 de septiembre<\/strong> en el Centro Cultural Puerta de Toledo. Acreditado con <strong>1 cr\u00e9dito<\/strong> por el ISMIE.<\/h3>\n<p>Durante estas dos jornadas disfrutaremos de una programaci\u00f3n dise\u00f1ada para compartir conocimientos, generar nuevas ideas y seguir impulsando el uso educativo de los huertos escolares.<\/p>\n<p>El encuentro incluye <strong>experiencias de centros de la Red <\/strong>centradas en<strong> favorecer la biodiversidad <\/strong>en los huertos escolares, una ponencia sobre <strong>Especies ex\u00f3ticas, sanidad vegetal y huertos escolares<\/strong>, un taller<strong> pr\u00e1ctico de usos de plantas,<\/strong> <strong>mesas redondas <\/strong>donde compartir ejemplos reales de aplicaci\u00f3n curricular y la <strong>visita a un huerto urbano<\/strong>. Una magn\u00edfica ocasi\u00f3n para resolver dudas, establecer contactos y fortalecer la Red que nos une. \u00a0Puedes descargar la programaci\u00f3n <a href=\"https:\/\/diario.madrid.es\/huertosescolares\/wp-content\/uploads\/sites\/46\/2026\/06\/Programacion_encuentro_RHES_sept_26.pdf\"><strong>AQU\u00cd<\/strong><\/a>.<\/p>\n<p><strong>INSCRICIONES AQU\u00cd:\u00a0\u00a0<\/strong><a href=\"https:\/\/forms.cloud.microsoft\/e\/aEvXfLSkCM\"><strong>Curso 26\/27-Inscripci\u00f3n VI ENCUENTRO ANUAL RHES<\/strong><\/a><\/p>\n<p><strong>SI TODAV\u00cdA NO TE HAS INSCRITO, \u00a1A\u00daN EST\u00c1S A TIEMPO!<\/strong><\/p>\n","protected":false},"excerpt":{"rendered":"<p>Un espacio para intercambiar experiencias educativas, compartir ideas, aprender en talleres pr\u00e1cticos y seguir fortaleciendo la Red. Los d\u00edas 25 y 26 de septiembre en el Centro Cultural Puerta de Toledo. Acreditado con 1 cr\u00e9dito por el ISMIE. Durante estas dos jornadas disfrutaremos de una programaci\u00f3n dise\u00f1ada para compartir conocimientos, generar nuevas ideas y seguir [&hellip;]<\/p>\n","protected":false},"author":198,"featured_media":7410,"comment_status":"closed","ping_status":"closed","sticky":false,"template":"","format":"standard","meta":{"footnotes":""},"categories":[6,2],"tags":[],"class_list":["post-7408","post","type-post","status-publish","format-standard","has-post-thumbnail","hentry","category-la-red","category-noticias"],"yoast_head":"<!-- This site is optimized with the Yoast SEO Premium plugin v25.4 (Yoast SEO v26.4) - https:\/\/yoast.com\/wordpress\/plugins\/seo\/ -->\n<title>COMPARTE, APRENDE E INSPIRA: VI ENCUENTRO ANUAL DOCENTE DE LA RHES - Huertos escolares sostenibles<\/title>\n<meta name=\"robots\" content=\"index, follow, max-snippet:-1, max-image-preview:large, max-video-preview:-1\" \/>\n<link rel=\"canonical\" href=\"https:\/\/diario.madrid.es\/huertosescolares\/2026\/08\/28\/comparte-aprende-e-inspira-vi-encuentro-anual-docente-de-la-rhes\/\" \/>\n<meta property=\"og:locale\" content=\"es_ES\" \/>\n<meta property=\"og:type\" content=\"article\" \/>\n<meta property=\"og:title\" content=\"COMPARTE, APRENDE E INSPIRA: VI ENCUENTRO ANUAL DOCENTE DE LA RHES\" \/>\n<meta property=\"og:description\" content=\"Un espacio para intercambiar experiencias educativas, compartir ideas, aprender en talleres pr\u00e1cticos y seguir fortaleciendo la Red. Los d\u00edas 25 y 26 de septiembre en el Centro Cultural Puerta de Toledo. Acreditado con 1 cr\u00e9dito por el ISMIE. Durante estas dos jornadas disfrutaremos de una programaci\u00f3n dise\u00f1ada para compartir conocimientos, generar nuevas ideas y seguir [&hellip;]\" \/>\n<meta property=\"og:url\" content=\"https:\/\/diario.madrid.es\/huertosescolares\/2026\/08\/28\/comparte-aprende-e-inspira-vi-encuentro-anual-docente-de-la-rhes\/\" \/>\n<meta property=\"og:site_name\" content=\"Huertos escolares sostenibles\" \/>\n<meta property=\"article:published_time\" content=\"2026-08-28T11:49:19+00:00\" \/>\n<meta property=\"og:image\" content=\"https:\/\/diario.madrid.es\/huertosescolares\/wp-content\/uploads\/sites\/46\/2026\/08\/Encuentro_RHES_sept26.jpg\" \/>\n\t<meta property=\"og:image:width\" content=\"1000\" \/>\n\t<meta property=\"og:image:height\" content=\"563\" \/>\n\t<meta property=\"og:image:type\" content=\"image\/jpeg\" \/>\n<meta name=\"author\" content=\"nuriasegura\" \/>\n<meta name=\"twitter:card\" content=\"summary_large_image\" \/>\n<meta name=\"twitter:label1\" content=\"Escrito por\" \/>\n\t<meta name=\"twitter:data1\" content=\"nuriasegura\" \/>\n\t<meta name=\"twitter:label2\" content=\"Tiempo de lectura\" \/>\n\t<meta name=\"twitter:data2\" content=\"1 minuto\" \/>\n<script type=\"application\/ld+json\" class=\"yoast-schema-graph\">{\"@context\":\"https:\/\/schema.org\",\"@graph\":[{\"@type\":\"Article\",\"@id\":\"https:\/\/diario.madrid.es\/huertosescolares\/2026\/08\/28\/comparte-aprende-e-inspira-vi-encuentro-anual-docente-de-la-rhes\/#article\",\"isPartOf\":{\"@id\":\"https:\/\/diario.madrid.es\/huertosescolares\/2026\/08\/28\/comparte-aprende-e-inspira-vi-encuentro-anual-docente-de-la-rhes\/\"},\"author\":{\"name\":\"nuriasegura\",\"@id\":\"https:\/\/diario.madrid.es\/huertosescolares\/#\/schema\/person\/3b0881511b7bcdab383af1a34e537a52\"},\"headline\":\"COMPARTE, APRENDE E INSPIRA: VI ENCUENTRO ANUAL DOCENTE DE LA RHES\",\"datePublished\":\"2026-08-28T11:49:19+00:00\",\"mainEntityOfPage\":{\"@id\":\"https:\/\/diario.madrid.es\/huertosescolares\/2026\/08\/28\/comparte-aprende-e-inspira-vi-encuentro-anual-docente-de-la-rhes\/\"},\"wordCount\":175,\"publisher\":{\"@id\":\"https:\/\/diario.madrid.es\/huertosescolares\/#organization\"},\"image\":{\"@id\":\"https:\/\/diario.madrid.es\/huertosescolares\/2026\/08\/28\/comparte-aprende-e-inspira-vi-encuentro-anual-docente-de-la-rhes\/#primaryimage\"},\"thumbnailUrl\":\"https:\/\/diario.madrid.es\/huertosescolares\/wp-content\/uploads\/sites\/46\/2026\/08\/Encuentro_RHES_sept26.jpg\",\"articleSection\":[\"La Red\",\"Noticias\"],\"inLanguage\":\"es\"},{\"@type\":\"WebPage\",\"@id\":\"https:\/\/diario.madrid.es\/huertosescolares\/2026\/08\/28\/comparte-aprende-e-inspira-vi-encuentro-anual-docente-de-la-rhes\/\",\"url\":\"https:\/\/diario.madrid.es\/huertosescolares\/2026\/08\/28\/comparte-aprende-e-inspira-vi-encuentro-anual-docente-de-la-rhes\/\",\"name\":\"COMPARTE, APRENDE E INSPIRA: VI ENCUENTRO ANUAL DOCENTE DE LA RHES - Huertos escolares sostenibles\",\"isPartOf\":{\"@id\":\"https:\/\/diario.madrid.es\/huertosescolares\/#website\"},\"primaryImageOfPage\":{\"@id\":\"https:\/\/diario.madrid.es\/huertosescolares\/2026\/08\/28\/comparte-aprende-e-inspira-vi-encuentro-anual-docente-de-la-rhes\/#primaryimage\"},\"image\":{\"@id\":\"https:\/\/diario.madrid.es\/huertosescolares\/2026\/08\/28\/comparte-aprende-e-inspira-vi-encuentro-anual-docente-de-la-rhes\/#primaryimage\"},\"thumbnailUrl\":\"https:\/\/diario.madrid.es\/huertosescolares\/wp-content\/uploads\/sites\/46\/2026\/08\/Encuentro_RHES_sept26.jpg\",\"datePublished\":\"2026-08-28T11:49:19+00:00\",\"breadcrumb\":{\"@id\":\"https:\/\/diario.madrid.es\/huertosescolares\/2026\/08\/28\/comparte-aprende-e-inspira-vi-encuentro-anual-docente-de-la-rhes\/#breadcrumb\"},\"inLanguage\":\"es\",\"potentialAction\":[{\"@type\":\"ReadAction\",\"target\":[\"https:\/\/diario.madrid.es\/huertosescolares\/2026\/08\/28\/comparte-aprende-e-inspira-vi-encuentro-anual-docente-de-la-rhes\/\"]}]},{\"@type\":\"ImageObject\",\"inLanguage\":\"es\",\"@id\":\"https:\/\/diario.madrid.es\/huertosescolares\/2026\/08\/28\/comparte-aprende-e-inspira-vi-encuentro-anual-docente-de-la-rhes\/#primaryimage\",\"url\":\"https:\/\/diario.madrid.es\/huertosescolares\/wp-content\/uploads\/sites\/46\/2026\/08\/Encuentro_RHES_sept26.jpg\",\"contentUrl\":\"https:\/\/diario.madrid.es\/huertosescolares\/wp-content\/uploads\/sites\/46\/2026\/08\/Encuentro_RHES_sept26.jpg\",\"width\":1000,\"height\":563,\"caption\":\"Imagen del sexto encuentro de docentes la red de huertos escolares\"},{\"@type\":\"BreadcrumbList\",\"@id\":\"https:\/\/diario.madrid.es\/huertosescolares\/2026\/08\/28\/comparte-aprende-e-inspira-vi-encuentro-anual-docente-de-la-rhes\/#breadcrumb\",\"itemListElement\":[{\"@type\":\"ListItem\",\"position\":1,\"name\":\"Portada\",\"item\":\"https:\/\/diario.madrid.es\/huertosescolares\/\"},{\"@type\":\"ListItem\",\"position\":2,\"name\":\"COMPARTE, APRENDE E INSPIRA: VI ENCUENTRO ANUAL DOCENTE DE LA RHES\"}]},{\"@type\":\"WebSite\",\"@id\":\"https:\/\/diario.madrid.es\/huertosescolares\/#website\",\"url\":\"https:\/\/diario.madrid.es\/huertosescolares\/\",\"name\":\"Huertos escolares sostenibles\",\"description\":\"Iniciativa del Ayuntamiento de Madrid para apoyar el desarrollo de huertos sostenibles en centros escolares\",\"publisher\":{\"@id\":\"https:\/\/diario.madrid.es\/huertosescolares\/#organization\"},\"potentialAction\":[{\"@type\":\"SearchAction\",\"target\":{\"@type\":\"EntryPoint\",\"urlTemplate\":\"https:\/\/diario.madrid.es\/huertosescolares\/?s={search_term_string}\"},\"query-input\":{\"@type\":\"PropertyValueSpecification\",\"valueRequired\":true,\"valueName\":\"search_term_string\"}}],\"inLanguage\":\"es\"},{\"@type\":\"Organization\",\"@id\":\"https:\/\/diario.madrid.es\/huertosescolares\/#organization\",\"name\":\"Huertos escolares sostenibles\",\"url\":\"https:\/\/diario.madrid.es\/huertosescolares\/\",\"logo\":{\"@type\":\"ImageObject\",\"inLanguage\":\"es\",\"@id\":\"https:\/\/diario.madrid.es\/huertosescolares\/#\/schema\/logo\/image\/\",\"url\":\"https:\/\/diario.madrid.es\/huertosescolares\/wp-content\/uploads\/sites\/46\/2018\/02\/huerto_bya.jpg\",\"contentUrl\":\"https:\/\/diario.madrid.es\/huertosescolares\/wp-content\/uploads\/sites\/46\/2018\/02\/huerto_bya.jpg\",\"width\":200,\"height\":193,\"caption\":\"Huertos escolares sostenibles\"},\"image\":{\"@id\":\"https:\/\/diario.madrid.es\/huertosescolares\/#\/schema\/logo\/image\/\"}},{\"@type\":\"Person\",\"@id\":\"https:\/\/diario.madrid.es\/huertosescolares\/#\/schema\/person\/3b0881511b7bcdab383af1a34e537a52\",\"name\":\"nuriasegura\",\"image\":{\"@type\":\"ImageObject\",\"inLanguage\":\"es\",\"@id\":\"https:\/\/diario.madrid.es\/huertosescolares\/#\/schema\/person\/image\/\",\"url\":\"https:\/\/secure.gravatar.com\/avatar\/f4b2f51f6d4aef95da878a72ff559fadb4e35d8b8aa029f6f79a8cbcf764c654?s=96&d=mm&r=g\",\"contentUrl\":\"https:\/\/secure.gravatar.com\/avatar\/f4b2f51f6d4aef95da878a72ff559fadb4e35d8b8aa029f6f79a8cbcf764c654?s=96&d=mm&r=g\",\"caption\":\"nuriasegura\"},\"url\":\"https:\/\/diario.madrid.es\/huertosescolares\/author\/nuria_segura\/\"}]}<\/script>\n<!-- \/ Yoast SEO Premium plugin. -->","yoast_head_json":{"title":"COMPARTE, APRENDE E INSPIRA: VI ENCUENTRO ANUAL DOCENTE DE LA RHES - Huertos escolares sostenibles","robots":{"index":"index","follow":"follow","max-snippet":"max-snippet:-1","max-image-preview":"max-image-preview:large","max-video-preview":"max-video-preview:-1"},"canonical":"https:\/\/diario.madrid.es\/huertosescolares\/2026\/08\/28\/comparte-aprende-e-inspira-vi-encuentro-anual-docente-de-la-rhes\/","og_locale":"es_ES","og_type":"article","og_title":"COMPARTE, APRENDE E INSPIRA: VI ENCUENTRO ANUAL DOCENTE DE LA RHES","og_description":"Un espacio para intercambiar experiencias educativas, compartir ideas, aprender en talleres pr\u00e1cticos y seguir fortaleciendo la Red. Los d\u00edas 25 y 26 de septiembre en el Centro Cultural Puerta de Toledo. Acreditado con 1 cr\u00e9dito por el ISMIE. Durante estas dos jornadas disfrutaremos de una programaci\u00f3n dise\u00f1ada para compartir conocimientos, generar nuevas ideas y seguir [&hellip;]","og_url":"https:\/\/diario.madrid.es\/huertosescolares\/2026\/08\/28\/comparte-aprende-e-inspira-vi-encuentro-anual-docente-de-la-rhes\/","og_site_name":"Huertos escolares sostenibles","article_published_time":"2026-08-28T11:49:19+00:00","og_image":[{"width":1000,"height":563,"url":"https:\/\/diario.madrid.es\/huertosescolares\/wp-content\/uploads\/sites\/46\/2026\/08\/Encuentro_RHES_sept26.jpg","type":"image\/jpeg"}],"author":"nuriasegura","twitter_card":"summary_large_image","twitter_misc":{"Escrito por":"nuriasegura","Tiempo de lectura":"1 minuto"},"schema":{"@context":"https:\/\/schema.org","@graph":[{"@type":"Article","@id":"https:\/\/diario.madrid.es\/huertosescolares\/2026\/08\/28\/comparte-aprende-e-inspira-vi-encuentro-anual-docente-de-la-rhes\/#article","isPartOf":{"@id":"https:\/\/diario.madrid.es\/huertosescolares\/2026\/08\/28\/comparte-aprende-e-inspira-vi-encuentro-anual-docente-de-la-rhes\/"},"author":{"name":"nuriasegura","@id":"https:\/\/diario.madrid.es\/huertosescolares\/#\/schema\/person\/3b0881511b7bcdab383af1a34e537a52"},"headline":"COMPARTE, APRENDE E INSPIRA: VI ENCUENTRO ANUAL DOCENTE DE LA RHES","datePublished":"2026-08-28T11:49:19+00:00","mainEntityOfPage":{"@id":"https:\/\/diario.madrid.es\/huertosescolares\/2026\/08\/28\/comparte-aprende-e-inspira-vi-encuentro-anual-docente-de-la-rhes\/"},"wordCount":175,"publisher":{"@id":"https:\/\/diario.madrid.es\/huertosescolares\/#organization"},"image":{"@id":"https:\/\/diario.madrid.es\/huertosescolares\/2026\/08\/28\/comparte-aprende-e-inspira-vi-encuentro-anual-docente-de-la-rhes\/#primaryimage"},"thumbnailUrl":"https:\/\/diario.madrid.es\/huertosescolares\/wp-content\/uploads\/sites\/46\/2026\/08\/Encuentro_RHES_sept26.jpg","articleSection":["La Red","Noticias"],"inLanguage":"es"},{"@type":"WebPage","@id":"https:\/\/diario.madrid.es\/huertosescolares\/2026\/08\/28\/comparte-aprende-e-inspira-vi-encuentro-anual-docente-de-la-rhes\/","url":"https:\/\/diario.madrid.es\/huertosescolares\/2026\/08\/28\/comparte-aprende-e-inspira-vi-encuentro-anual-docente-de-la-rhes\/","name":"COMPARTE, APRENDE E INSPIRA: VI ENCUENTRO ANUAL DOCENTE DE LA RHES - Huertos escolares sostenibles","isPartOf":{"@id":"https:\/\/diario.madrid.es\/huertosescolares\/#website"},"primaryImageOfPage":{"@id":"https:\/\/diario.madrid.es\/huertosescolares\/2026\/08\/28\/comparte-aprende-e-inspira-vi-encuentro-anual-docente-de-la-rhes\/#primaryimage"},"image":{"@id":"https:\/\/diario.madrid.es\/huertosescolares\/2026\/08\/28\/comparte-aprende-e-inspira-vi-encuentro-anual-docente-de-la-rhes\/#primaryimage"},"thumbnailUrl":"https:\/\/diario.madrid.es\/huertosescolares\/wp-content\/uploads\/sites\/46\/2026\/08\/Encuentro_RHES_sept26.jpg","datePublished":"2026-08-28T11:49:19+00:00","breadcrumb":{"@id":"https:\/\/diario.madrid.es\/huertosescolares\/2026\/08\/28\/comparte-aprende-e-inspira-vi-encuentro-anual-docente-de-la-rhes\/#breadcrumb"},"inLanguage":"es","potentialAction":[{"@type":"ReadAction","target":["https:\/\/diario.madrid.es\/huertosescolares\/2026\/08\/28\/comparte-aprende-e-inspira-vi-encuentro-anual-docente-de-la-rhes\/"]}]},{"@type":"ImageObject","inLanguage":"es","@id":"https:\/\/diario.madrid.es\/huertosescolares\/2026\/08\/28\/comparte-aprende-e-inspira-vi-encuentro-anual-docente-de-la-rhes\/#primaryimage","url":"https:\/\/diario.madrid.es\/huertosescolares\/wp-content\/uploads\/sites\/46\/2026\/08\/Encuentro_RHES_sept26.jpg","contentUrl":"https:\/\/diario.madrid.es\/huertosescolares\/wp-content\/uploads\/sites\/46\/2026\/08\/Encuentro_RHES_sept26.jpg","width":1000,"height":563,"caption":"Imagen del sexto encuentro de docentes la red de huertos escolares"},{"@type":"BreadcrumbList","@id":"https:\/\/diario.madrid.es\/huertosescolares\/2026\/08\/28\/comparte-aprende-e-inspira-vi-encuentro-anual-docente-de-la-rhes\/#breadcrumb","itemListElement":[{"@type":"ListItem","position":1,"name":"Portada","item":"https:\/\/diario.madrid.es\/huertosescolares\/"},{"@type":"ListItem","position":2,"name":"COMPARTE, APRENDE E INSPIRA: VI ENCUENTRO ANUAL DOCENTE DE LA RHES"}]},{"@type":"WebSite","@id":"https:\/\/diario.madrid.es\/huertosescolares\/#website","url":"https:\/\/diario.madrid.es\/huertosescolares\/","name":"Huertos escolares sostenibles","description":"Iniciativa del Ayuntamiento de Madrid para apoyar el desarrollo de huertos sostenibles en centros escolares","publisher":{"@id":"https:\/\/diario.madrid.es\/huertosescolares\/#organization"},"potentialAction":[{"@type":"SearchAction","target":{"@type":"EntryPoint","urlTemplate":"https:\/\/diario.madrid.es\/huertosescolares\/?s={search_term_string}"},"query-input":{"@type":"PropertyValueSpecification","valueRequired":true,"valueName":"search_term_string"}}],"inLanguage":"es"},{"@type":"Organization","@id":"https:\/\/diario.madrid.es\/huertosescolares\/#organization","name":"Huertos escolares sostenibles","url":"https:\/\/diario.madrid.es\/huertosescolares\/","logo":{"@type":"ImageObject","inLanguage":"es","@id":"https:\/\/diario.madrid.es\/huertosescolares\/#\/schema\/logo\/image\/","url":"https:\/\/diario.madrid.es\/huertosescolares\/wp-content\/uploads\/sites\/46\/2018\/02\/huerto_bya.jpg","contentUrl":"https:\/\/diario.madrid.es\/huertosescolares\/wp-content\/uploads\/sites\/46\/2018\/02\/huerto_bya.jpg","width":200,"height":193,"caption":"Huertos escolares sostenibles"},"image":{"@id":"https:\/\/diario.madrid.es\/huertosescolares\/#\/schema\/logo\/image\/"}},{"@type":"Person","@id":"https:\/\/diario.madrid.es\/huertosescolares\/#\/schema\/person\/3b0881511b7bcdab383af1a34e537a52","name":"nuriasegura","image":{"@type":"ImageObject","inLanguage":"es","@id":"https:\/\/diario.madrid.es\/huertosescolares\/#\/schema\/person\/image\/","url":"https:\/\/secure.gravatar.com\/avatar\/f4b2f51f6d4aef95da878a72ff559fadb4e35d8b8aa029f6f79a8cbcf764c654?s=96&d=mm&r=g","contentUrl":"https:\/\/secure.gravatar.com\/avatar\/f4b2f51f6d4aef95da878a72ff559fadb4e35d8b8aa029f6f79a8cbcf764c654?s=96&d=mm&r=g","caption":"nuriasegura"},"url":"https:\/\/diario.madrid.es\/huertosescolares\/author\/nuria_segura\/"}]}},"_links":{"self":[{"href":"https:\/\/diario.madrid.es\/huertosescolares\/wp-json\/wp\/v2\/posts\/7408","targetHints":{"allow":["GET"]}}],"collection":[{"href":"https:\/\/diario.madrid.es\/huertosescolares\/wp-json\/wp\/v2\/posts"}],"about":[{"href":"https:\/\/diario.madrid.es\/huertosescolares\/wp-json\/wp\/v2\/types\/post"}],"author":[{"embeddable":true,"href":"https:\/\/diario.madrid.es\/huertosescolares\/wp-json\/wp\/v2\/users\/198"}],"replies":[{"embeddable":true,"href":"https:\/\/diario.madrid.es\/huertosescolares\/wp-json\/wp\/v2\/comments?post=7408"}],"version-history":[{"count":1,"href":"https:\/\/diario.madrid.es\/huertosescolares\/wp-json\/wp\/v2\/posts\/7408\/revisions"}],"predecessor-version":[{"id":7409,"href":"https:\/\/diario.madrid.es\/huertosescolares\/wp-json\/wp\/v2\/posts\/7408\/revisions\/7409"}],"wp:featuredmedia":[{"embeddable":true,"href":"https:\/\/diario.madrid.es\/huertosescolares\/wp-json\/wp\/v2\/media\/7410"}],"wp:attachment":[{"href":"https:\/\/diario.madrid.es\/huertosescolares\/wp-json\/wp\/v2\/media?parent=7408"}],"wp:term":[{"taxonomy":"category","embeddable":true,"href":"https:\/\/diario.madrid.es\/huertosescolares\/wp-json\/wp\/v2\/categories?post=7408"},{"taxonomy":"post_tag","embeddable":true,"href":"https:\/\/diario.madrid.es\/huertosescolares\/wp-json\/wp\/v2\/tags?post=7408"}],"curies":[{"name":"wp","href":"https:\/\/api.w.org\/{rel}","templated":true}]}}