{"id":7405,"date":"2026-08-28T11:29:50","date_gmt":"2026-08-28T11:29:50","guid":{"rendered":"https:\/\/diario.madrid.es\/huertosescolares\/?p=7405"},"modified":"2026-08-28T11:29:50","modified_gmt":"2026-08-28T11:29:50","slug":"arrancamos-un-nuevo-curso-escolar","status":"publish","type":"post","link":"https:\/\/diario.madrid.es\/huertosescolares\/2026\/08\/28\/arrancamos-un-nuevo-curso-escolar\/","title":{"rendered":"\u00a1Arrancamos un nuevo curso escolar!"},"content":{"rendered":"<h3 style=\"text-align: center\">Desde el equipo de la Res de Huertos Escolares Sostenibles y el Departamento de Educaci\u00f3n Ambiental del Ayuntamiento de Madrid os damos la bienvenida a este nuevo curso escolar. Deseamos que las vacaciones hayan sido reparadoras, desde el equipo volvemos con la mochila cargada de actividades y materiales.<\/h3>\n<p>Septiembre marca el inicio del nuevo cuso escolar, y con \u00e9l, una nueva oportunidad para aprender, cultivar y crecer juntos. Os animamos a participar activamente en las propuestas del programa y a compartir vuestras experiencias, a trav\u00e9s del <strong>Encuentro Docente de la RHES (25 y 26 septiembre certificado con 1 cr\u00e9dito)<\/strong> o del <a href=\"https:\/\/diario.madrid.es\/huertosescolares\/2026\/06\/16\/el-agua-protagonista-del-proximo-concurso-anual\/\">Concurso Anual<\/a> con el <strong>agua <\/strong>como protagonista, m\u00e1s informaci\u00f3n en breve en nuestro blog.<\/p>\n<p>Durante este curso volvemos a ofrecer <strong>formaci\u00f3n certificada<\/strong> por el <strong>ISMIE<\/strong> <strong>con 3,3 cr\u00e9ditos<\/strong>, dise\u00f1ada\u00a0 para facilitar la integraci\u00f3n del huerto escolar en la pr\u00e1ctica docente<em>: <strong>El huerto escolar y su aplicaci\u00f3n curricular<\/strong><\/em><strong>, <\/strong>adaptados a cada una de las etapas educativas (infantil, primaria y secundaria). M\u00e1s informaci\u00f3n y formularios de inscripci\u00f3n pinchado <a href=\"https:\/\/diario.madrid.es\/huertosescolares\/2026\/06\/22\/abrimos-las-inscripciones-para-los-cursos-del-huerto-escolar-con-33-creditos-en-el-retiro-no-te-quedes-sin-plaza\/\">AQU\u00cd<\/a><\/p>\n<p>En breve publicaremos los talleres y charlas de este curso escolar, si eres nueva coordinaci\u00f3n o quieres conocer las novedades de este a\u00f1o te recomendamos realizar el taller de <strong>PRESENTACI\u00d3N DEL PROGRAMA<\/strong>, \u00a0el mi\u00e9rcoles <strong>23<\/strong> o martes <strong>29 <\/strong>de <strong>septiembre<\/strong> en horario de <strong>17 a 18 horas<\/strong>. Donde os contaremos las novedades de este curso y responderemos a vuestras dudas. Inscr\u00edbete <a href=\"https:\/\/forms.cloud.microsoft\/e\/802XNzVbzn\">AQU\u00cd.<\/a><\/p>\n<p><strong>\u00a1OS DESEAMOS UNA BUENA COSECHA DE APRENDIZAJES Y VIVENCIAS ESTE CURSO 26\/27!<\/strong><\/p>\n","protected":false},"excerpt":{"rendered":"<p>Desde el equipo de la Res de Huertos Escolares Sostenibles y el Departamento de Educaci\u00f3n Ambiental del Ayuntamiento de Madrid os damos la bienvenida a este nuevo curso escolar. Deseamos que las vacaciones hayan sido reparadoras, desde el equipo volvemos con la mochila cargada de actividades y materiales. Septiembre marca el inicio del nuevo cuso [&hellip;]<\/p>\n","protected":false},"author":198,"featured_media":7407,"comment_status":"closed","ping_status":"closed","sticky":false,"template":"","format":"standard","meta":{"footnotes":""},"categories":[6,2],"tags":[],"class_list":["post-7405","post","type-post","status-publish","format-standard","has-post-thumbnail","hentry","category-la-red","category-noticias"],"yoast_head":"<!-- This site is optimized with the Yoast SEO Premium plugin v25.4 (Yoast SEO v26.4) - https:\/\/yoast.com\/wordpress\/plugins\/seo\/ -->\n<title>\u00a1Arrancamos un nuevo curso escolar! - Huertos escolares sostenibles<\/title>\n<meta name=\"robots\" content=\"index, follow, max-snippet:-1, max-image-preview:large, max-video-preview:-1\" \/>\n<link rel=\"canonical\" href=\"https:\/\/diario.madrid.es\/huertosescolares\/2026\/08\/28\/arrancamos-un-nuevo-curso-escolar\/\" \/>\n<meta property=\"og:locale\" content=\"es_ES\" \/>\n<meta property=\"og:type\" content=\"article\" \/>\n<meta property=\"og:title\" content=\"\u00a1Arrancamos un nuevo curso escolar!\" \/>\n<meta property=\"og:description\" content=\"Desde el equipo de la Res de Huertos Escolares Sostenibles y el Departamento de Educaci\u00f3n Ambiental del Ayuntamiento de Madrid os damos la bienvenida a este nuevo curso escolar. Deseamos que las vacaciones hayan sido reparadoras, desde el equipo volvemos con la mochila cargada de actividades y materiales. Septiembre marca el inicio del nuevo cuso [&hellip;]\" \/>\n<meta property=\"og:url\" content=\"https:\/\/diario.madrid.es\/huertosescolares\/2026\/08\/28\/arrancamos-un-nuevo-curso-escolar\/\" \/>\n<meta property=\"og:site_name\" content=\"Huertos escolares sostenibles\" \/>\n<meta property=\"article:published_time\" content=\"2026-08-28T11:29:50+00:00\" \/>\n<meta property=\"og:image\" content=\"https:\/\/diario.madrid.es\/huertosescolares\/wp-content\/uploads\/sites\/46\/2026\/08\/Bienvenida_curso_26_27.jpg\" \/>\n\t<meta property=\"og:image:width\" content=\"567\" \/>\n\t<meta property=\"og:image:height\" content=\"289\" \/>\n\t<meta property=\"og:image:type\" content=\"image\/jpeg\" \/>\n<meta name=\"author\" content=\"nuriasegura\" \/>\n<meta name=\"twitter:card\" content=\"summary_large_image\" \/>\n<meta name=\"twitter:label1\" content=\"Escrito por\" \/>\n\t<meta name=\"twitter:data1\" content=\"nuriasegura\" \/>\n\t<meta name=\"twitter:label2\" content=\"Tiempo de lectura\" \/>\n\t<meta name=\"twitter:data2\" content=\"2 minutos\" \/>\n<script type=\"application\/ld+json\" class=\"yoast-schema-graph\">{\"@context\":\"https:\/\/schema.org\",\"@graph\":[{\"@type\":\"Article\",\"@id\":\"https:\/\/diario.madrid.es\/huertosescolares\/2026\/08\/28\/arrancamos-un-nuevo-curso-escolar\/#article\",\"isPartOf\":{\"@id\":\"https:\/\/diario.madrid.es\/huertosescolares\/2026\/08\/28\/arrancamos-un-nuevo-curso-escolar\/\"},\"author\":{\"name\":\"nuriasegura\",\"@id\":\"https:\/\/diario.madrid.es\/huertosescolares\/#\/schema\/person\/3b0881511b7bcdab383af1a34e537a52\"},\"headline\":\"\u00a1Arrancamos un nuevo curso escolar!\",\"datePublished\":\"2026-08-28T11:29:50+00:00\",\"mainEntityOfPage\":{\"@id\":\"https:\/\/diario.madrid.es\/huertosescolares\/2026\/08\/28\/arrancamos-un-nuevo-curso-escolar\/\"},\"wordCount\":257,\"publisher\":{\"@id\":\"https:\/\/diario.madrid.es\/huertosescolares\/#organization\"},\"image\":{\"@id\":\"https:\/\/diario.madrid.es\/huertosescolares\/2026\/08\/28\/arrancamos-un-nuevo-curso-escolar\/#primaryimage\"},\"thumbnailUrl\":\"https:\/\/diario.madrid.es\/huertosescolares\/wp-content\/uploads\/sites\/46\/2026\/08\/Bienvenida_curso_26_27.jpg\",\"articleSection\":[\"La Red\",\"Noticias\"],\"inLanguage\":\"es\"},{\"@type\":\"WebPage\",\"@id\":\"https:\/\/diario.madrid.es\/huertosescolares\/2026\/08\/28\/arrancamos-un-nuevo-curso-escolar\/\",\"url\":\"https:\/\/diario.madrid.es\/huertosescolares\/2026\/08\/28\/arrancamos-un-nuevo-curso-escolar\/\",\"name\":\"\u00a1Arrancamos un nuevo curso escolar! - Huertos escolares sostenibles\",\"isPartOf\":{\"@id\":\"https:\/\/diario.madrid.es\/huertosescolares\/#website\"},\"primaryImageOfPage\":{\"@id\":\"https:\/\/diario.madrid.es\/huertosescolares\/2026\/08\/28\/arrancamos-un-nuevo-curso-escolar\/#primaryimage\"},\"image\":{\"@id\":\"https:\/\/diario.madrid.es\/huertosescolares\/2026\/08\/28\/arrancamos-un-nuevo-curso-escolar\/#primaryimage\"},\"thumbnailUrl\":\"https:\/\/diario.madrid.es\/huertosescolares\/wp-content\/uploads\/sites\/46\/2026\/08\/Bienvenida_curso_26_27.jpg\",\"datePublished\":\"2026-08-28T11:29:50+00:00\",\"breadcrumb\":{\"@id\":\"https:\/\/diario.madrid.es\/huertosescolares\/2026\/08\/28\/arrancamos-un-nuevo-curso-escolar\/#breadcrumb\"},\"inLanguage\":\"es\",\"potentialAction\":[{\"@type\":\"ReadAction\",\"target\":[\"https:\/\/diario.madrid.es\/huertosescolares\/2026\/08\/28\/arrancamos-un-nuevo-curso-escolar\/\"]}]},{\"@type\":\"ImageObject\",\"inLanguage\":\"es\",\"@id\":\"https:\/\/diario.madrid.es\/huertosescolares\/2026\/08\/28\/arrancamos-un-nuevo-curso-escolar\/#primaryimage\",\"url\":\"https:\/\/diario.madrid.es\/huertosescolares\/wp-content\/uploads\/sites\/46\/2026\/08\/Bienvenida_curso_26_27.jpg\",\"contentUrl\":\"https:\/\/diario.madrid.es\/huertosescolares\/wp-content\/uploads\/sites\/46\/2026\/08\/Bienvenida_curso_26_27.jpg\",\"width\":567,\"height\":289,\"caption\":\"Imagen de bienvenida al curso 2026-2027 en la red de huertos escolares sostenibles\"},{\"@type\":\"BreadcrumbList\",\"@id\":\"https:\/\/diario.madrid.es\/huertosescolares\/2026\/08\/28\/arrancamos-un-nuevo-curso-escolar\/#breadcrumb\",\"itemListElement\":[{\"@type\":\"ListItem\",\"position\":1,\"name\":\"Portada\",\"item\":\"https:\/\/diario.madrid.es\/huertosescolares\/\"},{\"@type\":\"ListItem\",\"position\":2,\"name\":\"\u00a1Arrancamos un nuevo curso escolar!\"}]},{\"@type\":\"WebSite\",\"@id\":\"https:\/\/diario.madrid.es\/huertosescolares\/#website\",\"url\":\"https:\/\/diario.madrid.es\/huertosescolares\/\",\"name\":\"Huertos escolares sostenibles\",\"description\":\"Iniciativa del Ayuntamiento de Madrid para apoyar el desarrollo de huertos sostenibles en centros escolares\",\"publisher\":{\"@id\":\"https:\/\/diario.madrid.es\/huertosescolares\/#organization\"},\"potentialAction\":[{\"@type\":\"SearchAction\",\"target\":{\"@type\":\"EntryPoint\",\"urlTemplate\":\"https:\/\/diario.madrid.es\/huertosescolares\/?s={search_term_string}\"},\"query-input\":{\"@type\":\"PropertyValueSpecification\",\"valueRequired\":true,\"valueName\":\"search_term_string\"}}],\"inLanguage\":\"es\"},{\"@type\":\"Organization\",\"@id\":\"https:\/\/diario.madrid.es\/huertosescolares\/#organization\",\"name\":\"Huertos escolares sostenibles\",\"url\":\"https:\/\/diario.madrid.es\/huertosescolares\/\",\"logo\":{\"@type\":\"ImageObject\",\"inLanguage\":\"es\",\"@id\":\"https:\/\/diario.madrid.es\/huertosescolares\/#\/schema\/logo\/image\/\",\"url\":\"https:\/\/diario.madrid.es\/huertosescolares\/wp-content\/uploads\/sites\/46\/2018\/02\/huerto_bya.jpg\",\"contentUrl\":\"https:\/\/diario.madrid.es\/huertosescolares\/wp-content\/uploads\/sites\/46\/2018\/02\/huerto_bya.jpg\",\"width\":200,\"height\":193,\"caption\":\"Huertos escolares sostenibles\"},\"image\":{\"@id\":\"https:\/\/diario.madrid.es\/huertosescolares\/#\/schema\/logo\/image\/\"}},{\"@type\":\"Person\",\"@id\":\"https:\/\/diario.madrid.es\/huertosescolares\/#\/schema\/person\/3b0881511b7bcdab383af1a34e537a52\",\"name\":\"nuriasegura\",\"image\":{\"@type\":\"ImageObject\",\"inLanguage\":\"es\",\"@id\":\"https:\/\/diario.madrid.es\/huertosescolares\/#\/schema\/person\/image\/\",\"url\":\"https:\/\/secure.gravatar.com\/avatar\/f4b2f51f6d4aef95da878a72ff559fadb4e35d8b8aa029f6f79a8cbcf764c654?s=96&d=mm&r=g\",\"contentUrl\":\"https:\/\/secure.gravatar.com\/avatar\/f4b2f51f6d4aef95da878a72ff559fadb4e35d8b8aa029f6f79a8cbcf764c654?s=96&d=mm&r=g\",\"caption\":\"nuriasegura\"},\"url\":\"https:\/\/diario.madrid.es\/huertosescolares\/author\/nuria_segura\/\"}]}<\/script>\n<!-- \/ Yoast SEO Premium plugin. -->","yoast_head_json":{"title":"\u00a1Arrancamos un nuevo curso escolar! - Huertos escolares sostenibles","robots":{"index":"index","follow":"follow","max-snippet":"max-snippet:-1","max-image-preview":"max-image-preview:large","max-video-preview":"max-video-preview:-1"},"canonical":"https:\/\/diario.madrid.es\/huertosescolares\/2026\/08\/28\/arrancamos-un-nuevo-curso-escolar\/","og_locale":"es_ES","og_type":"article","og_title":"\u00a1Arrancamos un nuevo curso escolar!","og_description":"Desde el equipo de la Res de Huertos Escolares Sostenibles y el Departamento de Educaci\u00f3n Ambiental del Ayuntamiento de Madrid os damos la bienvenida a este nuevo curso escolar. Deseamos que las vacaciones hayan sido reparadoras, desde el equipo volvemos con la mochila cargada de actividades y materiales. Septiembre marca el inicio del nuevo cuso [&hellip;]","og_url":"https:\/\/diario.madrid.es\/huertosescolares\/2026\/08\/28\/arrancamos-un-nuevo-curso-escolar\/","og_site_name":"Huertos escolares sostenibles","article_published_time":"2026-08-28T11:29:50+00:00","og_image":[{"width":567,"height":289,"url":"https:\/\/diario.madrid.es\/huertosescolares\/wp-content\/uploads\/sites\/46\/2026\/08\/Bienvenida_curso_26_27.jpg","type":"image\/jpeg"}],"author":"nuriasegura","twitter_card":"summary_large_image","twitter_misc":{"Escrito por":"nuriasegura","Tiempo de lectura":"2 minutos"},"schema":{"@context":"https:\/\/schema.org","@graph":[{"@type":"Article","@id":"https:\/\/diario.madrid.es\/huertosescolares\/2026\/08\/28\/arrancamos-un-nuevo-curso-escolar\/#article","isPartOf":{"@id":"https:\/\/diario.madrid.es\/huertosescolares\/2026\/08\/28\/arrancamos-un-nuevo-curso-escolar\/"},"author":{"name":"nuriasegura","@id":"https:\/\/diario.madrid.es\/huertosescolares\/#\/schema\/person\/3b0881511b7bcdab383af1a34e537a52"},"headline":"\u00a1Arrancamos un nuevo curso escolar!","datePublished":"2026-08-28T11:29:50+00:00","mainEntityOfPage":{"@id":"https:\/\/diario.madrid.es\/huertosescolares\/2026\/08\/28\/arrancamos-un-nuevo-curso-escolar\/"},"wordCount":257,"publisher":{"@id":"https:\/\/diario.madrid.es\/huertosescolares\/#organization"},"image":{"@id":"https:\/\/diario.madrid.es\/huertosescolares\/2026\/08\/28\/arrancamos-un-nuevo-curso-escolar\/#primaryimage"},"thumbnailUrl":"https:\/\/diario.madrid.es\/huertosescolares\/wp-content\/uploads\/sites\/46\/2026\/08\/Bienvenida_curso_26_27.jpg","articleSection":["La Red","Noticias"],"inLanguage":"es"},{"@type":"WebPage","@id":"https:\/\/diario.madrid.es\/huertosescolares\/2026\/08\/28\/arrancamos-un-nuevo-curso-escolar\/","url":"https:\/\/diario.madrid.es\/huertosescolares\/2026\/08\/28\/arrancamos-un-nuevo-curso-escolar\/","name":"\u00a1Arrancamos un nuevo curso escolar! - Huertos escolares sostenibles","isPartOf":{"@id":"https:\/\/diario.madrid.es\/huertosescolares\/#website"},"primaryImageOfPage":{"@id":"https:\/\/diario.madrid.es\/huertosescolares\/2026\/08\/28\/arrancamos-un-nuevo-curso-escolar\/#primaryimage"},"image":{"@id":"https:\/\/diario.madrid.es\/huertosescolares\/2026\/08\/28\/arrancamos-un-nuevo-curso-escolar\/#primaryimage"},"thumbnailUrl":"https:\/\/diario.madrid.es\/huertosescolares\/wp-content\/uploads\/sites\/46\/2026\/08\/Bienvenida_curso_26_27.jpg","datePublished":"2026-08-28T11:29:50+00:00","breadcrumb":{"@id":"https:\/\/diario.madrid.es\/huertosescolares\/2026\/08\/28\/arrancamos-un-nuevo-curso-escolar\/#breadcrumb"},"inLanguage":"es","potentialAction":[{"@type":"ReadAction","target":["https:\/\/diario.madrid.es\/huertosescolares\/2026\/08\/28\/arrancamos-un-nuevo-curso-escolar\/"]}]},{"@type":"ImageObject","inLanguage":"es","@id":"https:\/\/diario.madrid.es\/huertosescolares\/2026\/08\/28\/arrancamos-un-nuevo-curso-escolar\/#primaryimage","url":"https:\/\/diario.madrid.es\/huertosescolares\/wp-content\/uploads\/sites\/46\/2026\/08\/Bienvenida_curso_26_27.jpg","contentUrl":"https:\/\/diario.madrid.es\/huertosescolares\/wp-content\/uploads\/sites\/46\/2026\/08\/Bienvenida_curso_26_27.jpg","width":567,"height":289,"caption":"Imagen de bienvenida al curso 2026-2027 en la red de huertos escolares sostenibles"},{"@type":"BreadcrumbList","@id":"https:\/\/diario.madrid.es\/huertosescolares\/2026\/08\/28\/arrancamos-un-nuevo-curso-escolar\/#breadcrumb","itemListElement":[{"@type":"ListItem","position":1,"name":"Portada","item":"https:\/\/diario.madrid.es\/huertosescolares\/"},{"@type":"ListItem","position":2,"name":"\u00a1Arrancamos un nuevo curso escolar!"}]},{"@type":"WebSite","@id":"https:\/\/diario.madrid.es\/huertosescolares\/#website","url":"https:\/\/diario.madrid.es\/huertosescolares\/","name":"Huertos escolares sostenibles","description":"Iniciativa del Ayuntamiento de Madrid para apoyar el desarrollo de huertos sostenibles en centros escolares","publisher":{"@id":"https:\/\/diario.madrid.es\/huertosescolares\/#organization"},"potentialAction":[{"@type":"SearchAction","target":{"@type":"EntryPoint","urlTemplate":"https:\/\/diario.madrid.es\/huertosescolares\/?s={search_term_string}"},"query-input":{"@type":"PropertyValueSpecification","valueRequired":true,"valueName":"search_term_string"}}],"inLanguage":"es"},{"@type":"Organization","@id":"https:\/\/diario.madrid.es\/huertosescolares\/#organization","name":"Huertos escolares sostenibles","url":"https:\/\/diario.madrid.es\/huertosescolares\/","logo":{"@type":"ImageObject","inLanguage":"es","@id":"https:\/\/diario.madrid.es\/huertosescolares\/#\/schema\/logo\/image\/","url":"https:\/\/diario.madrid.es\/huertosescolares\/wp-content\/uploads\/sites\/46\/2018\/02\/huerto_bya.jpg","contentUrl":"https:\/\/diario.madrid.es\/huertosescolares\/wp-content\/uploads\/sites\/46\/2018\/02\/huerto_bya.jpg","width":200,"height":193,"caption":"Huertos escolares sostenibles"},"image":{"@id":"https:\/\/diario.madrid.es\/huertosescolares\/#\/schema\/logo\/image\/"}},{"@type":"Person","@id":"https:\/\/diario.madrid.es\/huertosescolares\/#\/schema\/person\/3b0881511b7bcdab383af1a34e537a52","name":"nuriasegura","image":{"@type":"ImageObject","inLanguage":"es","@id":"https:\/\/diario.madrid.es\/huertosescolares\/#\/schema\/person\/image\/","url":"https:\/\/secure.gravatar.com\/avatar\/f4b2f51f6d4aef95da878a72ff559fadb4e35d8b8aa029f6f79a8cbcf764c654?s=96&d=mm&r=g","contentUrl":"https:\/\/secure.gravatar.com\/avatar\/f4b2f51f6d4aef95da878a72ff559fadb4e35d8b8aa029f6f79a8cbcf764c654?s=96&d=mm&r=g","caption":"nuriasegura"},"url":"https:\/\/diario.madrid.es\/huertosescolares\/author\/nuria_segura\/"}]}},"_links":{"self":[{"href":"https:\/\/diario.madrid.es\/huertosescolares\/wp-json\/wp\/v2\/posts\/7405","targetHints":{"allow":["GET"]}}],"collection":[{"href":"https:\/\/diario.madrid.es\/huertosescolares\/wp-json\/wp\/v2\/posts"}],"about":[{"href":"https:\/\/diario.madrid.es\/huertosescolares\/wp-json\/wp\/v2\/types\/post"}],"author":[{"embeddable":true,"href":"https:\/\/diario.madrid.es\/huertosescolares\/wp-json\/wp\/v2\/users\/198"}],"replies":[{"embeddable":true,"href":"https:\/\/diario.madrid.es\/huertosescolares\/wp-json\/wp\/v2\/comments?post=7405"}],"version-history":[{"count":1,"href":"https:\/\/diario.madrid.es\/huertosescolares\/wp-json\/wp\/v2\/posts\/7405\/revisions"}],"predecessor-version":[{"id":7406,"href":"https:\/\/diario.madrid.es\/huertosescolares\/wp-json\/wp\/v2\/posts\/7405\/revisions\/7406"}],"wp:featuredmedia":[{"embeddable":true,"href":"https:\/\/diario.madrid.es\/huertosescolares\/wp-json\/wp\/v2\/media\/7407"}],"wp:attachment":[{"href":"https:\/\/diario.madrid.es\/huertosescolares\/wp-json\/wp\/v2\/media?parent=7405"}],"wp:term":[{"taxonomy":"category","embeddable":true,"href":"https:\/\/diario.madrid.es\/huertosescolares\/wp-json\/wp\/v2\/categories?post=7405"},{"taxonomy":"post_tag","embeddable":true,"href":"https:\/\/diario.madrid.es\/huertosescolares\/wp-json\/wp\/v2\/tags?post=7405"}],"curies":[{"name":"wp","href":"https:\/\/api.w.org\/{rel}","templated":true}]}}