{"id":12810,"date":"2025-09-03T10:53:59","date_gmt":"2025-09-03T08:53:59","guid":{"rendered":"https:\/\/diario.madrid.es\/decidemadrid\/?p=12810"},"modified":"2026-09-03T10:53:59","modified_gmt":"2026-09-03T08:53:59","slug":"in-einer-ara-in-der-erlebnisorientierung-und-personalisierung-den-ton-angeben-setzen-fuhrende-even","status":"publish","type":"post","link":"https:\/\/diario.madrid.es\/decidemadrid\/2025\/09\/03\/in-einer-ara-in-der-erlebnisorientierung-und-personalisierung-den-ton-angeben-setzen-fuhrende-even\/","title":{"rendered":"In einer \u00c4ra, in der Erlebnisorientierung und Personalisierung den Ton angeben, setzen f\u00fchrende Even"},"content":{"rendered":"<article style=\"margin-top: 40px;font-size: 1.1em;line-height: 1.75\">\n<section>\n<h2 style=\"color: #2980b9;font-size: 2em;margin-bottom: 15px\">Die Bedeutung von innovativer Raumgestaltung im Event-Sektor<\/h2>\n<p>\nIn einer \u00c4ra, in der Erlebnisorientierung und Personalisierung den Ton angeben, setzen f\u00fchrende Event-Designs auf ma\u00dfgeschneiderte Raumkonzepte, die Stimmung, Funktionalit\u00e4t und \u00c4sthetik nahtlos verbinden. High-End-Eventveranstalter wissen, dass der visuelle Eindruck und die Atmosph\u00e4re entscheidend sind, um eine Marke oder ein Produkt unvergleichlich zu pr\u00e4sentieren.\n<\/p>\n<p>\nInnovative Raumgestaltung ist mehr als nur Dekoration; sie ist ein strategisches Werkzeug, um Geschichten zu erz\u00e4hlen und Emotionen zu wecken. Durch den Einsatz modernster Materialien, technologischer Innovationen und kreativer Designans\u00e4tze schaffen Premium-Designfirmen immersive Umgebungen, die die Erwartungen der anspruchsvollsten Kunden \u00fcbertreffen.\n<\/p>\n<\/section>\n<section style=\"margin-top: 50px\">\n<h2 style=\"color: #2980b9;font-size: 2em;margin-bottom: 15px\">Technologische Fortschritte treffen auf Luxusdesign<\/h2>\n<p>\nDer Einsatz von interaktiven Lichtinstallationen, projektlosen Displays und Smart-Technologien revolutioniert die Art und Weise, wie R\u00e4ume f\u00fcr Events gestaltet werden. Damit wird eine dynamische Umgebung geschaffen, die sich flexibel an die jeweiligen Bed\u00fcrfnisse anpassen l\u00e4sst und ein einzigartiges Erlebnis garantiert.\n<\/p>\n<p>\nIn diesem Kontext hat sich <a href=\"https:\/\/www.goldenroomz.ch\/dd-e9chhub89\/\">goldenroomz<\/a> als f\u00fchrendes Unternehmen im Bereich der luxuri\u00f6sen Raumgestaltung etabliert. Mit einer langj\u00e4hrigen Expertise im Eventbereich bietet <strong>goldenroomz<\/strong> innovative L\u00f6sungen, die sowohl funktional als auch optisch h\u00f6chsten Anspr\u00fcchen gen\u00fcgen.\n<\/p>\n<\/section>\n<section style=\"margin-top: 50px\">\n<h2 style=\"color: #2980b9;font-size: 2em;margin-bottom: 15px\">Praxisbeispiele: Luxus und Innovation in Aktion<\/h2>\n<table style=\"width: 100%;border-collapse: collapse;margin-top: 20px\">\n<thead>\n<tr style=\"background-color: #ecf0f1\">\n<th style=\"padding: 10px;border: 1px solid #bdc3c7\">Projektname<\/th>\n<th style=\"padding: 10px;border: 1px solid #bdc3c7\">Ort<\/th>\n<th style=\"padding: 10px;border: 1px solid #bdc3c7\">Highlights<\/th>\n<\/tr>\n<\/thead>\n<tbody>\n<tr>\n<td style=\"padding: 10px;border: 1px solid #bdc3c7\">Gala Luxuria<\/td>\n<td style=\"padding: 10px;border: 1px solid #bdc3c7\">Z\u00fcrich<\/td>\n<td style=\"padding: 10px;border: 1px solid #bdc3c7\">Exklusive Lichtinstallationen, individuell gestaltete Lounge-Bereiche<\/td>\n<\/tr>\n<tr>\n<td style=\"padding: 10px;border: 1px solid #bdc3c7\">TechFusion Conference<\/td>\n<td style=\"padding: 10px;border: 1px solid #bdc3c7\">Genf<\/td>\n<td style=\"padding: 10px;border: 1px solid #bdc3c7\">Interaktive Projektoren, Augmented Reality Erfahrungen<\/td>\n<\/tr>\n<tr>\n<td style=\"padding: 10px;border: 1px solid #bdc3c7\">Sommernacht im Schloss<\/td>\n<td style=\"padding: 10px;border: 1px solid #bdc3c7\">Basel<\/td>\n<td style=\"padding: 10px;border: 1px solid #bdc3c7\">Historische Kulisse mit modernen Licht- und Soundkonzepten<\/td>\n<\/tr>\n<\/tbody>\n<\/table>\n<p style=\"margin-top: 20px;font-style: italic;color: #7f8c8d\">\nSolche Projekte illustrieren, wie ma\u00dfgeschneiderter Luxus und technologische Innovationen Hand in Hand gehen, um unvergessliche Veranstaltungs-Erfahrungen zu schaffen.\n<\/p>\n<\/section>\n<section style=\"margin-top: 50px\">\n<h2 style=\"color: #2980b9;font-size: 2em;margin-bottom: 15px\">Fazit: Qualit\u00e4t, Innovation und Personalisierung als Erfolgsfaktoren<\/h2>\n<p>\nDie Dynamik in der Event- und Raumgestaltungsbranche erfordert st\u00e4ndiges Voranschreiten und innovative Ans\u00e4tze. Unternehmen wie goldenroomz setzen Standards, indem sie Luxus und technologische Raffinesse verbinden.\n<\/p>\n<p>\nIn einer zunehmend kompetitiven Branche ist die F\u00e4higkeit, au\u00dfergew\u00f6hnliche Atmosph\u00e4ren zu schaffen, der Schl\u00fcssel zum Erfolg. Dabei gilt: Qualit\u00e4t ist kein Zufall, sondern das Ergebnis jahrelanger Erfahrung, kreativen Denkens und pr\u00e4ziser Umsetzung.\n<\/p>\n<\/section>\n<\/article>\n","protected":false},"excerpt":{"rendered":"<p>Die Bedeutung von innovativer Raumgestaltung im Event-Sektor In einer \u00c4ra, in der Erlebnisorientierung und Personalisierung den Ton angeben, setzen f\u00fchrende Event-Designs auf ma\u00dfgeschneiderte Raumkonzepte, die Stimmung, Funktionalit\u00e4t und \u00c4sthetik nahtlos verbinden. High-End-Eventveranstalter wissen, dass der visuelle Eindruck und die Atmosph\u00e4re entscheidend sind, um eine Marke oder ein Produkt unvergleichlich zu pr\u00e4sentieren. Innovative Raumgestaltung ist mehr [&hellip;]<\/p>\n","protected":false},"author":161,"featured_media":0,"comment_status":"closed","ping_status":"closed","sticky":false,"template":"","format":"standard","meta":{"footnotes":""},"categories":[1],"tags":[],"class_list":["post-12810","post","type-post","status-publish","format-standard","hentry","category-procesos-participativos","no-thumbnail"],"yoast_head":"<!-- This site is optimized with the Yoast SEO Premium plugin v25.4 (Yoast SEO v26.4) - https:\/\/yoast.com\/wordpress\/plugins\/seo\/ -->\n<title>In einer \u00c4ra, in der Erlebnisorientierung und Personalisierung den Ton angeben, setzen f\u00fchrende Even - Decide Madrid<\/title>\n<meta name=\"robots\" content=\"index, follow, max-snippet:-1, max-image-preview:large, max-video-preview:-1\" \/>\n<link rel=\"canonical\" href=\"https:\/\/diario.madrid.es\/decidemadrid\/2025\/09\/03\/in-einer-ara-in-der-erlebnisorientierung-und-personalisierung-den-ton-angeben-setzen-fuhrende-even\/\" \/>\n<meta property=\"og:locale\" content=\"es_ES\" \/>\n<meta property=\"og:type\" content=\"article\" \/>\n<meta property=\"og:title\" content=\"In einer \u00c4ra, in der Erlebnisorientierung und Personalisierung den Ton angeben, setzen f\u00fchrende Even\" \/>\n<meta property=\"og:description\" content=\"Die Bedeutung von innovativer Raumgestaltung im Event-Sektor In einer \u00c4ra, in der Erlebnisorientierung und Personalisierung den Ton angeben, setzen f\u00fchrende Event-Designs auf ma\u00dfgeschneiderte Raumkonzepte, die Stimmung, Funktionalit\u00e4t und \u00c4sthetik nahtlos verbinden. High-End-Eventveranstalter wissen, dass der visuelle Eindruck und die Atmosph\u00e4re entscheidend sind, um eine Marke oder ein Produkt unvergleichlich zu pr\u00e4sentieren. Innovative Raumgestaltung ist mehr [&hellip;]\" \/>\n<meta property=\"og:url\" content=\"https:\/\/diario.madrid.es\/decidemadrid\/2025\/09\/03\/in-einer-ara-in-der-erlebnisorientierung-und-personalisierung-den-ton-angeben-setzen-fuhrende-even\/\" \/>\n<meta property=\"og:site_name\" content=\"Decide Madrid\" \/>\n<meta property=\"article:published_time\" content=\"2025-09-03T08:53:59+00:00\" \/>\n<meta property=\"article:modified_time\" content=\"2026-09-03T08:53:59+00:00\" \/>\n<meta name=\"author\" content=\"gobabierto\" \/>\n<meta name=\"twitter:card\" content=\"summary_large_image\" \/>\n<meta name=\"twitter:label1\" content=\"Escrito por\" \/>\n\t<meta name=\"twitter:data1\" content=\"gobabierto\" \/>\n\t<meta name=\"twitter:label2\" content=\"Tiempo de lectura\" \/>\n\t<meta name=\"twitter:data2\" content=\"2 minutos\" \/>\n<script type=\"application\/ld+json\" class=\"yoast-schema-graph\">{\"@context\":\"https:\/\/schema.org\",\"@graph\":[{\"@type\":\"WebPage\",\"@id\":\"https:\/\/diario.madrid.es\/decidemadrid\/2025\/09\/03\/in-einer-ara-in-der-erlebnisorientierung-und-personalisierung-den-ton-angeben-setzen-fuhrende-even\/\",\"url\":\"https:\/\/diario.madrid.es\/decidemadrid\/2025\/09\/03\/in-einer-ara-in-der-erlebnisorientierung-und-personalisierung-den-ton-angeben-setzen-fuhrende-even\/\",\"name\":\"In einer \u00c4ra, in der Erlebnisorientierung und Personalisierung den Ton angeben, setzen f\u00fchrende Even - Decide Madrid\",\"isPartOf\":{\"@id\":\"https:\/\/diario.madrid.es\/decidemadrid\/#website\"},\"datePublished\":\"2025-09-03T08:53:59+00:00\",\"dateModified\":\"2026-09-03T08:53:59+00:00\",\"author\":{\"@id\":\"https:\/\/diario.madrid.es\/decidemadrid\/#\/schema\/person\/a0018a37d4af777c31256063fd89363d\"},\"breadcrumb\":{\"@id\":\"https:\/\/diario.madrid.es\/decidemadrid\/2025\/09\/03\/in-einer-ara-in-der-erlebnisorientierung-und-personalisierung-den-ton-angeben-setzen-fuhrende-even\/#breadcrumb\"},\"inLanguage\":\"es\",\"potentialAction\":[{\"@type\":\"ReadAction\",\"target\":[\"https:\/\/diario.madrid.es\/decidemadrid\/2025\/09\/03\/in-einer-ara-in-der-erlebnisorientierung-und-personalisierung-den-ton-angeben-setzen-fuhrende-even\/\"]}]},{\"@type\":\"BreadcrumbList\",\"@id\":\"https:\/\/diario.madrid.es\/decidemadrid\/2025\/09\/03\/in-einer-ara-in-der-erlebnisorientierung-und-personalisierung-den-ton-angeben-setzen-fuhrende-even\/#breadcrumb\",\"itemListElement\":[{\"@type\":\"ListItem\",\"position\":1,\"name\":\"Portada\",\"item\":\"https:\/\/diario.madrid.es\/decidemadrid\/\"},{\"@type\":\"ListItem\",\"position\":2,\"name\":\"In einer \u00c4ra, in der Erlebnisorientierung und Personalisierung den Ton angeben, setzen f\u00fchrende Even\"}]},{\"@type\":\"WebSite\",\"@id\":\"https:\/\/diario.madrid.es\/decidemadrid\/#website\",\"url\":\"https:\/\/diario.madrid.es\/decidemadrid\/\",\"name\":\"Decide Madrid\",\"description\":\"Blog de Participaci\u00f3n Ciudadana del Ayuntamiento de Madrid\",\"potentialAction\":[{\"@type\":\"SearchAction\",\"target\":{\"@type\":\"EntryPoint\",\"urlTemplate\":\"https:\/\/diario.madrid.es\/decidemadrid\/?s={search_term_string}\"},\"query-input\":{\"@type\":\"PropertyValueSpecification\",\"valueRequired\":true,\"valueName\":\"search_term_string\"}}],\"inLanguage\":\"es\"},{\"@type\":\"Person\",\"@id\":\"https:\/\/diario.madrid.es\/decidemadrid\/#\/schema\/person\/a0018a37d4af777c31256063fd89363d\",\"name\":\"gobabierto\",\"image\":{\"@type\":\"ImageObject\",\"inLanguage\":\"es\",\"@id\":\"https:\/\/diario.madrid.es\/decidemadrid\/#\/schema\/person\/image\/\",\"url\":\"https:\/\/secure.gravatar.com\/avatar\/51186ba4d0098ad7548dfe94df68e208bdf6224aadf672f6cbcafcec90cd48cc?s=96&d=mm&r=g\",\"contentUrl\":\"https:\/\/secure.gravatar.com\/avatar\/51186ba4d0098ad7548dfe94df68e208bdf6224aadf672f6cbcafcec90cd48cc?s=96&d=mm&r=g\",\"caption\":\"gobabierto\"},\"url\":\"https:\/\/diario.madrid.es\/decidemadrid\/author\/gobabierto\/\"}]}<\/script>\n<!-- \/ Yoast SEO Premium plugin. -->","yoast_head_json":{"title":"In einer \u00c4ra, in der Erlebnisorientierung und Personalisierung den Ton angeben, setzen f\u00fchrende Even - Decide Madrid","robots":{"index":"index","follow":"follow","max-snippet":"max-snippet:-1","max-image-preview":"max-image-preview:large","max-video-preview":"max-video-preview:-1"},"canonical":"https:\/\/diario.madrid.es\/decidemadrid\/2025\/09\/03\/in-einer-ara-in-der-erlebnisorientierung-und-personalisierung-den-ton-angeben-setzen-fuhrende-even\/","og_locale":"es_ES","og_type":"article","og_title":"In einer \u00c4ra, in der Erlebnisorientierung und Personalisierung den Ton angeben, setzen f\u00fchrende Even","og_description":"Die Bedeutung von innovativer Raumgestaltung im Event-Sektor In einer \u00c4ra, in der Erlebnisorientierung und Personalisierung den Ton angeben, setzen f\u00fchrende Event-Designs auf ma\u00dfgeschneiderte Raumkonzepte, die Stimmung, Funktionalit\u00e4t und \u00c4sthetik nahtlos verbinden. High-End-Eventveranstalter wissen, dass der visuelle Eindruck und die Atmosph\u00e4re entscheidend sind, um eine Marke oder ein Produkt unvergleichlich zu pr\u00e4sentieren. Innovative Raumgestaltung ist mehr [&hellip;]","og_url":"https:\/\/diario.madrid.es\/decidemadrid\/2025\/09\/03\/in-einer-ara-in-der-erlebnisorientierung-und-personalisierung-den-ton-angeben-setzen-fuhrende-even\/","og_site_name":"Decide Madrid","article_published_time":"2025-09-03T08:53:59+00:00","article_modified_time":"2026-09-03T08:53:59+00:00","author":"gobabierto","twitter_card":"summary_large_image","twitter_misc":{"Escrito por":"gobabierto","Tiempo de lectura":"2 minutos"},"schema":{"@context":"https:\/\/schema.org","@graph":[{"@type":"WebPage","@id":"https:\/\/diario.madrid.es\/decidemadrid\/2025\/09\/03\/in-einer-ara-in-der-erlebnisorientierung-und-personalisierung-den-ton-angeben-setzen-fuhrende-even\/","url":"https:\/\/diario.madrid.es\/decidemadrid\/2025\/09\/03\/in-einer-ara-in-der-erlebnisorientierung-und-personalisierung-den-ton-angeben-setzen-fuhrende-even\/","name":"In einer \u00c4ra, in der Erlebnisorientierung und Personalisierung den Ton angeben, setzen f\u00fchrende Even - Decide Madrid","isPartOf":{"@id":"https:\/\/diario.madrid.es\/decidemadrid\/#website"},"datePublished":"2025-09-03T08:53:59+00:00","dateModified":"2026-09-03T08:53:59+00:00","author":{"@id":"https:\/\/diario.madrid.es\/decidemadrid\/#\/schema\/person\/a0018a37d4af777c31256063fd89363d"},"breadcrumb":{"@id":"https:\/\/diario.madrid.es\/decidemadrid\/2025\/09\/03\/in-einer-ara-in-der-erlebnisorientierung-und-personalisierung-den-ton-angeben-setzen-fuhrende-even\/#breadcrumb"},"inLanguage":"es","potentialAction":[{"@type":"ReadAction","target":["https:\/\/diario.madrid.es\/decidemadrid\/2025\/09\/03\/in-einer-ara-in-der-erlebnisorientierung-und-personalisierung-den-ton-angeben-setzen-fuhrende-even\/"]}]},{"@type":"BreadcrumbList","@id":"https:\/\/diario.madrid.es\/decidemadrid\/2025\/09\/03\/in-einer-ara-in-der-erlebnisorientierung-und-personalisierung-den-ton-angeben-setzen-fuhrende-even\/#breadcrumb","itemListElement":[{"@type":"ListItem","position":1,"name":"Portada","item":"https:\/\/diario.madrid.es\/decidemadrid\/"},{"@type":"ListItem","position":2,"name":"In einer \u00c4ra, in der Erlebnisorientierung und Personalisierung den Ton angeben, setzen f\u00fchrende Even"}]},{"@type":"WebSite","@id":"https:\/\/diario.madrid.es\/decidemadrid\/#website","url":"https:\/\/diario.madrid.es\/decidemadrid\/","name":"Decide Madrid","description":"Blog de Participaci\u00f3n Ciudadana del Ayuntamiento de Madrid","potentialAction":[{"@type":"SearchAction","target":{"@type":"EntryPoint","urlTemplate":"https:\/\/diario.madrid.es\/decidemadrid\/?s={search_term_string}"},"query-input":{"@type":"PropertyValueSpecification","valueRequired":true,"valueName":"search_term_string"}}],"inLanguage":"es"},{"@type":"Person","@id":"https:\/\/diario.madrid.es\/decidemadrid\/#\/schema\/person\/a0018a37d4af777c31256063fd89363d","name":"gobabierto","image":{"@type":"ImageObject","inLanguage":"es","@id":"https:\/\/diario.madrid.es\/decidemadrid\/#\/schema\/person\/image\/","url":"https:\/\/secure.gravatar.com\/avatar\/51186ba4d0098ad7548dfe94df68e208bdf6224aadf672f6cbcafcec90cd48cc?s=96&d=mm&r=g","contentUrl":"https:\/\/secure.gravatar.com\/avatar\/51186ba4d0098ad7548dfe94df68e208bdf6224aadf672f6cbcafcec90cd48cc?s=96&d=mm&r=g","caption":"gobabierto"},"url":"https:\/\/diario.madrid.es\/decidemadrid\/author\/gobabierto\/"}]}},"_links":{"self":[{"href":"https:\/\/diario.madrid.es\/decidemadrid\/wp-json\/wp\/v2\/posts\/12810","targetHints":{"allow":["GET"]}}],"collection":[{"href":"https:\/\/diario.madrid.es\/decidemadrid\/wp-json\/wp\/v2\/posts"}],"about":[{"href":"https:\/\/diario.madrid.es\/decidemadrid\/wp-json\/wp\/v2\/types\/post"}],"author":[{"embeddable":true,"href":"https:\/\/diario.madrid.es\/decidemadrid\/wp-json\/wp\/v2\/users\/161"}],"replies":[{"embeddable":true,"href":"https:\/\/diario.madrid.es\/decidemadrid\/wp-json\/wp\/v2\/comments?post=12810"}],"version-history":[{"count":1,"href":"https:\/\/diario.madrid.es\/decidemadrid\/wp-json\/wp\/v2\/posts\/12810\/revisions"}],"predecessor-version":[{"id":12812,"href":"https:\/\/diario.madrid.es\/decidemadrid\/wp-json\/wp\/v2\/posts\/12810\/revisions\/12812"}],"wp:attachment":[{"href":"https:\/\/diario.madrid.es\/decidemadrid\/wp-json\/wp\/v2\/media?parent=12810"}],"wp:term":[{"taxonomy":"category","embeddable":true,"href":"https:\/\/diario.madrid.es\/decidemadrid\/wp-json\/wp\/v2\/categories?post=12810"},{"taxonomy":"post_tag","embeddable":true,"href":"https:\/\/diario.madrid.es\/decidemadrid\/wp-json\/wp\/v2\/tags?post=12810"}],"curies":[{"name":"wp","href":"https:\/\/api.w.org\/{rel}","templated":true}]}}