{"id":12752,"date":"2025-09-03T08:24:17","date_gmt":"2025-09-03T06:24:17","guid":{"rendered":"https:\/\/diario.madrid.es\/decidemadrid\/?p=12752"},"modified":"2026-09-03T08:24:21","modified_gmt":"2026-09-03T06:24:21","slug":"gli-aspetti-storici-e-culturali-delle-reti-di-feste-di-piazza-in-italia","status":"publish","type":"post","link":"https:\/\/diario.madrid.es\/decidemadrid\/2025\/09\/03\/gli-aspetti-storici-e-culturali-delle-reti-di-feste-di-piazza-in-italia\/","title":{"rendered":"Gli aspetti storici e culturali delle reti di feste di piazza in Italia"},"content":{"rendered":"<p>\nLe tradizioni delle feste popolari in Italia costituiscono un patrimonio culturale ricco e diversificato, riflettendo secoli di storia regionale e comunitaria. Questi eventi non sono soltanto occasioni di intrattenimento, ma rappresentano anche espressioni di identit\u00e0, religiosit\u00e0 e coesione sociale. Attraverso le varie epoche, le comunit\u00e0 hanno sviluppato rituali, costumi e pratiche che si sono tramandate di generazione in generazione, creando reti di significato condiviso che si manifestano nelle tradizioni delle feste cittadine e rurali.\n<\/p>\n<h2>Origini storiche delle feste di piazza<\/h2>\n<p>\nLe radici delle feste popolari italiane si possono far risalire all&#8217;epoca romana, con celebrazioni dedicate agli dei e alle stagioni, evolvutesi nel Medioevo in appuntamenti religiosi e civici. Durante il Rinascimento, queste celebrazioni acquisirono un carattere pi\u00f9 artistico e pubblico, con spettacoli, sfilate e rappresentazioni teatrali. La diffusione delle feste di piazza \u00e8 stata potenziata dai meccanismi di aggregazione delle comunit\u00e0 locali, che vedevano in queste occasioni un momento per rafforzare legami sociali e tradizioni locali.\n<\/p>\n<h2>Le reti di feste come espressione culturale<\/h2>\n<p>\nL\u2019organizzazione delle feste di piazza spesso segue schemi complessi di partecipazione e collaborazione tra entit\u00e0 pubbliche e private, creando delle vere e proprie reti comunitarie. Ad esempio, in molte cittadine si adottano coordinamenti tra associazioni culturali, gruppi religiosi e amministrazioni comunali per pianificare eventi annuali, garantendo continuit\u00e0 e rilevanza culturale. Questi network contribuiscono a preservare e valorizzare le tradizioni locali, adattandole anche alle sensibilit\u00e0 contemporanee.\n<\/p>\n<h2>Ruolo delle associazioni e del volontariato<\/h2>\n<p>\nLe associazioni culturali e i gruppi di volontariato svolgono un ruolo fondamentale nel mantenimento di queste tradizioni. Attraverso attivit\u00e0 di preparazione, formazione e gestione degli eventi, rafforzano il senso di appartenenza e promuovono la diffusione delle usanze tra i giovani. Alcune di queste associazioni sono specializzate nella conservazione di aspetti specifici come i costumi d&#8217;epoca, le musiche tradizionali e le danze popolari, contribuendo a preservare l\u2019autenticit\u00e0 delle manifestazioni.\n<\/p>\n<h2>Case study: le feste che hanno resistito ai cambiamenti<\/h2>\n<table>\n<tr>\n<th>Festa<\/th>\n<th>Localit\u00e0<\/th>\n<th>Caratteristiche distintive<\/th>\n<\/tr>\n<tr>\n<td>Festa di San Giovanni<\/td>\n<td>Firenze<\/td>\n<td>Processioni storiche e spettacoli pirotecnici tradizionali<\/td>\n<\/tr>\n<tr>\n<td>La Sagra del Carciofo<\/td>\n<td>Albenga<\/td>\n<td>Mercato gastronomico e rievocazioni storiche legate all&#8217;agricoltura locale<\/td>\n<\/tr>\n<tr>\n<td>Festa di Piedigrotta<\/td>\n<td>Napoli<\/td>\n<td>Venuta delle tradizioni musicali e delle processioni religiose<\/td>\n<\/tr>\n<\/table>\n<h2>Impatto sociale e culturale delle feste di piazza<\/h2>\n<p>\nOltre alla conservazione delle tradizioni, queste feste rappresentano strumenti di coesione sociale, permettendo alle comunit\u00e0 di riaffermare la propria identit\u00e0. Nei momenti di crisi o di cambiamento sociale, la partecipazione ad eventi collettivi rafforza il senso di appartenenza e la solidariet\u00e0. Inoltre, il turismo culturale generato da questi eventi favorisce lo sviluppo economico locale, valorizzando le produzioni artigianali, gastronomiche e i patrimoni storici.\n<\/p>\n<blockquote><p>\nLe reti di feste di piazza sono cos\u00ec diventate non solo simboli di tradizione, ma anche piattaforme di dialogo e integrazione all\u2019interno delle comunit\u00e0, contribuendo alla loro biodiversit\u00e0 culturale.\n<\/p><\/blockquote>\n<p>\nPer chi desidera approfondire ulteriormente la tradizione delle feste popolari italiane e scoprire come vengono organizzate le tradizioni locali, pu\u00f2 consultare <a href=\"https:\/\/festeebraiche.it\/\">Dragonia<\/a>. Questa risorsa fornisce approfondimenti dettagliati sulle molteplici manifestazioni che caratterizzano il panorama culturale italiano, offrendo uno sguardo autentico e qualificato sulla loro storia e significato.<\/p>\n","protected":false},"excerpt":{"rendered":"<p>Le tradizioni delle feste popolari in Italia costituiscono un patrimonio culturale ricco e diversificato, riflettendo secoli di storia regionale e comunitaria. Questi eventi non sono soltanto occasioni di intrattenimento, ma rappresentano anche espressioni di identit\u00e0, religiosit\u00e0 e coesione sociale. Attraverso le varie epoche, le comunit\u00e0 hanno sviluppato rituali, costumi e pratiche che si sono tramandate [&hellip;]<\/p>\n","protected":false},"author":161,"featured_media":0,"comment_status":"closed","ping_status":"closed","sticky":false,"template":"","format":"standard","meta":{"footnotes":""},"categories":[1],"tags":[],"class_list":["post-12752","post","type-post","status-publish","format-standard","hentry","category-procesos-participativos","no-thumbnail"],"yoast_head":"<!-- This site is optimized with the Yoast SEO Premium plugin v25.4 (Yoast SEO v26.4) - https:\/\/yoast.com\/wordpress\/plugins\/seo\/ -->\n<title>Gli aspetti storici e culturali delle reti di feste di piazza in Italia - Decide Madrid<\/title>\n<meta name=\"robots\" content=\"index, follow, max-snippet:-1, max-image-preview:large, max-video-preview:-1\" \/>\n<link rel=\"canonical\" href=\"https:\/\/diario.madrid.es\/decidemadrid\/2025\/09\/03\/gli-aspetti-storici-e-culturali-delle-reti-di-feste-di-piazza-in-italia\/\" \/>\n<meta property=\"og:locale\" content=\"es_ES\" \/>\n<meta property=\"og:type\" content=\"article\" \/>\n<meta property=\"og:title\" content=\"Gli aspetti storici e culturali delle reti di feste di piazza in Italia\" \/>\n<meta property=\"og:description\" content=\"Le tradizioni delle feste popolari in Italia costituiscono un patrimonio culturale ricco e diversificato, riflettendo secoli di storia regionale e comunitaria. Questi eventi non sono soltanto occasioni di intrattenimento, ma rappresentano anche espressioni di identit\u00e0, religiosit\u00e0 e coesione sociale. Attraverso le varie epoche, le comunit\u00e0 hanno sviluppato rituali, costumi e pratiche che si sono tramandate [&hellip;]\" \/>\n<meta property=\"og:url\" content=\"https:\/\/diario.madrid.es\/decidemadrid\/2025\/09\/03\/gli-aspetti-storici-e-culturali-delle-reti-di-feste-di-piazza-in-italia\/\" \/>\n<meta property=\"og:site_name\" content=\"Decide Madrid\" \/>\n<meta property=\"article:published_time\" content=\"2025-09-03T06:24:17+00:00\" \/>\n<meta property=\"article:modified_time\" content=\"2026-09-03T06:24:21+00:00\" \/>\n<meta name=\"author\" content=\"gobabierto\" \/>\n<meta name=\"twitter:card\" content=\"summary_large_image\" \/>\n<meta name=\"twitter:label1\" content=\"Escrito por\" \/>\n\t<meta name=\"twitter:data1\" content=\"gobabierto\" \/>\n\t<meta name=\"twitter:label2\" content=\"Tiempo de lectura\" \/>\n\t<meta name=\"twitter:data2\" content=\"3 minutos\" \/>\n<script type=\"application\/ld+json\" class=\"yoast-schema-graph\">{\"@context\":\"https:\/\/schema.org\",\"@graph\":[{\"@type\":\"WebPage\",\"@id\":\"https:\/\/diario.madrid.es\/decidemadrid\/2025\/09\/03\/gli-aspetti-storici-e-culturali-delle-reti-di-feste-di-piazza-in-italia\/\",\"url\":\"https:\/\/diario.madrid.es\/decidemadrid\/2025\/09\/03\/gli-aspetti-storici-e-culturali-delle-reti-di-feste-di-piazza-in-italia\/\",\"name\":\"Gli aspetti storici e culturali delle reti di feste di piazza in Italia - Decide Madrid\",\"isPartOf\":{\"@id\":\"https:\/\/diario.madrid.es\/decidemadrid\/#website\"},\"datePublished\":\"2025-09-03T06:24:17+00:00\",\"dateModified\":\"2026-09-03T06:24:21+00:00\",\"author\":{\"@id\":\"https:\/\/diario.madrid.es\/decidemadrid\/#\/schema\/person\/a0018a37d4af777c31256063fd89363d\"},\"breadcrumb\":{\"@id\":\"https:\/\/diario.madrid.es\/decidemadrid\/2025\/09\/03\/gli-aspetti-storici-e-culturali-delle-reti-di-feste-di-piazza-in-italia\/#breadcrumb\"},\"inLanguage\":\"es\",\"potentialAction\":[{\"@type\":\"ReadAction\",\"target\":[\"https:\/\/diario.madrid.es\/decidemadrid\/2025\/09\/03\/gli-aspetti-storici-e-culturali-delle-reti-di-feste-di-piazza-in-italia\/\"]}]},{\"@type\":\"BreadcrumbList\",\"@id\":\"https:\/\/diario.madrid.es\/decidemadrid\/2025\/09\/03\/gli-aspetti-storici-e-culturali-delle-reti-di-feste-di-piazza-in-italia\/#breadcrumb\",\"itemListElement\":[{\"@type\":\"ListItem\",\"position\":1,\"name\":\"Portada\",\"item\":\"https:\/\/diario.madrid.es\/decidemadrid\/\"},{\"@type\":\"ListItem\",\"position\":2,\"name\":\"Gli aspetti storici e culturali delle reti di feste di piazza in Italia\"}]},{\"@type\":\"WebSite\",\"@id\":\"https:\/\/diario.madrid.es\/decidemadrid\/#website\",\"url\":\"https:\/\/diario.madrid.es\/decidemadrid\/\",\"name\":\"Decide Madrid\",\"description\":\"Blog de Participaci\u00f3n Ciudadana del Ayuntamiento de Madrid\",\"potentialAction\":[{\"@type\":\"SearchAction\",\"target\":{\"@type\":\"EntryPoint\",\"urlTemplate\":\"https:\/\/diario.madrid.es\/decidemadrid\/?s={search_term_string}\"},\"query-input\":{\"@type\":\"PropertyValueSpecification\",\"valueRequired\":true,\"valueName\":\"search_term_string\"}}],\"inLanguage\":\"es\"},{\"@type\":\"Person\",\"@id\":\"https:\/\/diario.madrid.es\/decidemadrid\/#\/schema\/person\/a0018a37d4af777c31256063fd89363d\",\"name\":\"gobabierto\",\"image\":{\"@type\":\"ImageObject\",\"inLanguage\":\"es\",\"@id\":\"https:\/\/diario.madrid.es\/decidemadrid\/#\/schema\/person\/image\/\",\"url\":\"https:\/\/secure.gravatar.com\/avatar\/51186ba4d0098ad7548dfe94df68e208bdf6224aadf672f6cbcafcec90cd48cc?s=96&d=mm&r=g\",\"contentUrl\":\"https:\/\/secure.gravatar.com\/avatar\/51186ba4d0098ad7548dfe94df68e208bdf6224aadf672f6cbcafcec90cd48cc?s=96&d=mm&r=g\",\"caption\":\"gobabierto\"},\"url\":\"https:\/\/diario.madrid.es\/decidemadrid\/author\/gobabierto\/\"}]}<\/script>\n<!-- \/ Yoast SEO Premium plugin. -->","yoast_head_json":{"title":"Gli aspetti storici e culturali delle reti di feste di piazza in Italia - Decide Madrid","robots":{"index":"index","follow":"follow","max-snippet":"max-snippet:-1","max-image-preview":"max-image-preview:large","max-video-preview":"max-video-preview:-1"},"canonical":"https:\/\/diario.madrid.es\/decidemadrid\/2025\/09\/03\/gli-aspetti-storici-e-culturali-delle-reti-di-feste-di-piazza-in-italia\/","og_locale":"es_ES","og_type":"article","og_title":"Gli aspetti storici e culturali delle reti di feste di piazza in Italia","og_description":"Le tradizioni delle feste popolari in Italia costituiscono un patrimonio culturale ricco e diversificato, riflettendo secoli di storia regionale e comunitaria. Questi eventi non sono soltanto occasioni di intrattenimento, ma rappresentano anche espressioni di identit\u00e0, religiosit\u00e0 e coesione sociale. Attraverso le varie epoche, le comunit\u00e0 hanno sviluppato rituali, costumi e pratiche che si sono tramandate [&hellip;]","og_url":"https:\/\/diario.madrid.es\/decidemadrid\/2025\/09\/03\/gli-aspetti-storici-e-culturali-delle-reti-di-feste-di-piazza-in-italia\/","og_site_name":"Decide Madrid","article_published_time":"2025-09-03T06:24:17+00:00","article_modified_time":"2026-09-03T06:24:21+00:00","author":"gobabierto","twitter_card":"summary_large_image","twitter_misc":{"Escrito por":"gobabierto","Tiempo de lectura":"3 minutos"},"schema":{"@context":"https:\/\/schema.org","@graph":[{"@type":"WebPage","@id":"https:\/\/diario.madrid.es\/decidemadrid\/2025\/09\/03\/gli-aspetti-storici-e-culturali-delle-reti-di-feste-di-piazza-in-italia\/","url":"https:\/\/diario.madrid.es\/decidemadrid\/2025\/09\/03\/gli-aspetti-storici-e-culturali-delle-reti-di-feste-di-piazza-in-italia\/","name":"Gli aspetti storici e culturali delle reti di feste di piazza in Italia - Decide Madrid","isPartOf":{"@id":"https:\/\/diario.madrid.es\/decidemadrid\/#website"},"datePublished":"2025-09-03T06:24:17+00:00","dateModified":"2026-09-03T06:24:21+00:00","author":{"@id":"https:\/\/diario.madrid.es\/decidemadrid\/#\/schema\/person\/a0018a37d4af777c31256063fd89363d"},"breadcrumb":{"@id":"https:\/\/diario.madrid.es\/decidemadrid\/2025\/09\/03\/gli-aspetti-storici-e-culturali-delle-reti-di-feste-di-piazza-in-italia\/#breadcrumb"},"inLanguage":"es","potentialAction":[{"@type":"ReadAction","target":["https:\/\/diario.madrid.es\/decidemadrid\/2025\/09\/03\/gli-aspetti-storici-e-culturali-delle-reti-di-feste-di-piazza-in-italia\/"]}]},{"@type":"BreadcrumbList","@id":"https:\/\/diario.madrid.es\/decidemadrid\/2025\/09\/03\/gli-aspetti-storici-e-culturali-delle-reti-di-feste-di-piazza-in-italia\/#breadcrumb","itemListElement":[{"@type":"ListItem","position":1,"name":"Portada","item":"https:\/\/diario.madrid.es\/decidemadrid\/"},{"@type":"ListItem","position":2,"name":"Gli aspetti storici e culturali delle reti di feste di piazza in Italia"}]},{"@type":"WebSite","@id":"https:\/\/diario.madrid.es\/decidemadrid\/#website","url":"https:\/\/diario.madrid.es\/decidemadrid\/","name":"Decide Madrid","description":"Blog de Participaci\u00f3n Ciudadana del Ayuntamiento de Madrid","potentialAction":[{"@type":"SearchAction","target":{"@type":"EntryPoint","urlTemplate":"https:\/\/diario.madrid.es\/decidemadrid\/?s={search_term_string}"},"query-input":{"@type":"PropertyValueSpecification","valueRequired":true,"valueName":"search_term_string"}}],"inLanguage":"es"},{"@type":"Person","@id":"https:\/\/diario.madrid.es\/decidemadrid\/#\/schema\/person\/a0018a37d4af777c31256063fd89363d","name":"gobabierto","image":{"@type":"ImageObject","inLanguage":"es","@id":"https:\/\/diario.madrid.es\/decidemadrid\/#\/schema\/person\/image\/","url":"https:\/\/secure.gravatar.com\/avatar\/51186ba4d0098ad7548dfe94df68e208bdf6224aadf672f6cbcafcec90cd48cc?s=96&d=mm&r=g","contentUrl":"https:\/\/secure.gravatar.com\/avatar\/51186ba4d0098ad7548dfe94df68e208bdf6224aadf672f6cbcafcec90cd48cc?s=96&d=mm&r=g","caption":"gobabierto"},"url":"https:\/\/diario.madrid.es\/decidemadrid\/author\/gobabierto\/"}]}},"_links":{"self":[{"href":"https:\/\/diario.madrid.es\/decidemadrid\/wp-json\/wp\/v2\/posts\/12752","targetHints":{"allow":["GET"]}}],"collection":[{"href":"https:\/\/diario.madrid.es\/decidemadrid\/wp-json\/wp\/v2\/posts"}],"about":[{"href":"https:\/\/diario.madrid.es\/decidemadrid\/wp-json\/wp\/v2\/types\/post"}],"author":[{"embeddable":true,"href":"https:\/\/diario.madrid.es\/decidemadrid\/wp-json\/wp\/v2\/users\/161"}],"replies":[{"embeddable":true,"href":"https:\/\/diario.madrid.es\/decidemadrid\/wp-json\/wp\/v2\/comments?post=12752"}],"version-history":[{"count":1,"href":"https:\/\/diario.madrid.es\/decidemadrid\/wp-json\/wp\/v2\/posts\/12752\/revisions"}],"predecessor-version":[{"id":12753,"href":"https:\/\/diario.madrid.es\/decidemadrid\/wp-json\/wp\/v2\/posts\/12752\/revisions\/12753"}],"wp:attachment":[{"href":"https:\/\/diario.madrid.es\/decidemadrid\/wp-json\/wp\/v2\/media?parent=12752"}],"wp:term":[{"taxonomy":"category","embeddable":true,"href":"https:\/\/diario.madrid.es\/decidemadrid\/wp-json\/wp\/v2\/categories?post=12752"},{"taxonomy":"post_tag","embeddable":true,"href":"https:\/\/diario.madrid.es\/decidemadrid\/wp-json\/wp\/v2\/tags?post=12752"}],"curies":[{"name":"wp","href":"https:\/\/api.w.org\/{rel}","templated":true}]}}