{"id":12376,"date":"2025-09-03T04:15:43","date_gmt":"2025-09-03T02:15:43","guid":{"rendered":"https:\/\/diario.madrid.es\/decidemadrid\/?p=12376"},"modified":"2026-09-03T04:15:46","modified_gmt":"2026-09-03T02:15:46","slug":"optimiser-la-gestion-de-flux-de-travail-mobiles-une-revolution-en-marche","status":"publish","type":"post","link":"https:\/\/diario.madrid.es\/decidemadrid\/2025\/09\/03\/optimiser-la-gestion-de-flux-de-travail-mobiles-une-revolution-en-marche\/","title":{"rendered":"Optimiser la gestion de flux de travail mobiles : une r\u00e9volution en marche"},"content":{"rendered":"<h2>Introduction : L&#8217;essor des outils de gestion de flux en mobilit\u00e9<\/h2>\n<p>\nDans un contexte \u00e9conomique marqu\u00e9 par une digitalisation acc\u00e9l\u00e9r\u00e9e et une n\u00e9cessit\u00e9 constante d&#8217;adaptabilit\u00e9, les entreprises et professionnels doivent repenser leurs processus pour assurer efficacit\u00e9, s\u00e9curit\u00e9 et rapidit\u00e9 d&#8217;ex\u00e9cution. La mobilit\u00e9 \u00e9tant d\u00e9sormais au c\u0153ur de cette transformation, le recours \u00e0 des solutions avanc\u00e9es pour g\u00e9rer et optimiser ses flux de travail en dehors du bureau n\u2019a jamais \u00e9t\u00e9 aussi crucial. Selon une r\u00e9cente \u00e9tude, 68 % des entreprises ont int\u00e9gr\u00e9 la gestion de flux mobile comme levier strat\u00e9gique pour am\u00e9liorer leur productivit\u00e9 (source : \u00e9tude Gartner 2023).\n<\/p>\n<h2>Les enjeux fondamentaux de la gestion de flux en d\u00e9placement<\/h2>\n<p>\nG\u00e9rer efficacement ses flux en situation mobile comporte plusieurs d\u00e9fis principaux :<\/p>\n<ul>\n<li><strong>S\u00e9curit\u00e9 des donn\u00e9es :<\/strong> La transmission d\u2019informations sensibles doit \u00eatre prot\u00e9g\u00e9e contre les risques croissants de cyberattaques.<\/li>\n<li><strong>Accessibilit\u00e9 et ergonomie :<\/strong> Les outils doivent \u00eatre utilisables facilement sur diff\u00e9rents appareils, notamment smartphones et tablettes.<\/li>\n<li><strong>Int\u00e9gration et compatibilit\u00e9 :<\/strong> La flexibilit\u00e9 du logiciel avec d\u2019autres syst\u00e8mes m\u00e9tier pour \u00e9viter les silos d\u2019information.<\/li>\n<li><strong>R\u00e9activit\u00e9 et synchronisation :<\/strong> La n\u00e9cessit\u00e9 que toutes les parties disposent d\u2019informations \u00e0 jour en temps r\u00e9el.<\/li>\n<\/ul>\n<h2>Focus sur les solutions innovantes : la gestion de flux mobile en ligne<\/h2>\n<p>\nFace \u00e0 ces enjeux, les solutions en ligne, accessibles directement via un navigateur mobile, se sont r\u00e9v\u00e9l\u00e9es indispensables. Elles permettent non seulement une utilisation flexible mais aussi une centralisation des op\u00e9rations, facilitant une coordination fluide et instantan\u00e9e \u00e0 tout moment, en tout lieu. Parmi ces innovations, <a href=\"https:\/\/zunoflow.app\/fr\/\">Zuno Flow sur mobile en ligne<\/a> s\u2019impose comme une plateforme confortant ce virage num\u00e9rique.\n<\/p>\n<blockquote><p>\n\u00abLes outils de gestion de flux en ligne apportent une r\u00e9ponse adapt\u00e9e \u00e0 la r\u00e9alit\u00e9 du travail moderne : mobilit\u00e9, rapidit\u00e9, et s\u00e9curit\u00e9 sont d\u00e9sormais int\u00e9gr\u00e9es au c\u0153ur du processus.\u00bb \u2014 Expert en transformation digitale\n<\/p><\/blockquote>\n<h2>Cas d\u2019usage : Secteur logistique et mobilit\u00e9 d\u2019op\u00e9rations<\/h2>\n<p>\nPrenons l\u2019exemple du secteur logistique. La gestion en temps r\u00e9el des flux de commandes, des livraisons, et des stocks est essentielle pour l\u2019optimisation op\u00e9rationnelle. Utiliser une plateforme online adapt\u00e9e permet aux managers sur le terrain de suivre, ajuster et transmettre des donn\u00e9es instantan\u00e9ment, sans d\u00e9pendre de l\u2019infrastructure physique ou de connexions fixes. Une \u00e9tude r\u00e9cente montre qu&#8217;une solution mobile efficace peut r\u00e9duire de 25 % le d\u00e9lai de traitement des commandes dans le secteur logistique (source : Logistics Management 2023).\n<\/p>\n<h2>Les b\u00e9n\u00e9fices concrets de l\u2019int\u00e9gration d\u2019un outil comme Zuno Flow<\/h2>\n<table>\n<thead>\n<tr>\n<th>Aspect<\/th>\n<th>Impact<\/th>\n<\/tr>\n<\/thead>\n<tbody>\n<tr>\n<td>S\u00e9curit\u00e9<\/td>\n<td>Protection renforc\u00e9e via cryptage et contr\u00f4les d\u2019acc\u00e8s<\/td>\n<\/tr>\n<tr>\n<td>Facilit\u00e9 d\u2019utilisation<\/td>\n<td>Interface intuitive compatible avec smartphones et tablettes<\/td>\n<\/tr>\n<tr>\n<td>Productivit\u00e9<\/td>\n<td>R\u00e9duction des temps de traitement gr\u00e2ce \u00e0 une accessibilit\u00e9 imm\u00e9diate<\/td>\n<\/tr>\n<tr>\n<td>Int\u00e9gration<\/td>\n<td>Synchronisation fluide avec autres outils m\u00e9tier et bases de donn\u00e9es<\/td>\n<\/tr>\n<\/tbody>\n<\/table>\n<h2>Perspectives : L\u2019avenir de la gestion de flux num\u00e9rique en mobilit\u00e9<\/h2>\n<p>\nAlors que la digitalisation \u00e9volue rapidement, les solutions de gestion de flux en ligne continueront \u00e0 se perfectionner, notamment avec l\u2019int\u00e9gration croissante de l\u2019intelligence artificielle pour anticiper et optimiser les processus en temps r\u00e9el. La compatibilit\u00e9 multi-plateforme et l\u2019adoption de normes de s\u00e9curit\u00e9 toujours plus strictes seront des priorit\u00e9s. Ces innovations permettront aux entreprises non seulement de maintenir leur agilit\u00e9 face aux d\u00e9fis actuels mais aussi d\u2019anticiper ceux de demain.\n<\/p>\n<h2>Conclusion : La plateforme incontournable pour une gestion performante en mobilit\u00e9<\/h2>\n<p>\nEn somme, adopter une solution comme Zuno Flow sur mobile en ligne s\u2019inscrit dans une d\u00e9marche strat\u00e9gique pour toute organisation souhaitant ma\u00eetriser ses flux de fa\u00e7on s\u00e9curis\u00e9e, efficace et adapt\u00e9e \u00e0 un environnement de travail en constante \u00e9volution. La cl\u00e9 r\u00e9side dans l\u2019int\u00e9gration d&#8217;outils modernes, robustes, et \u00e0 la pointe de la technologie, capables de soutenir la croissance et d\u2019assurer la r\u00e9silience op\u00e9rationnelle.\n<\/p>\n<div class=\"callout\">\n<h2>Note de l\u2019expert<\/h2>\n<p>\n  La gestion de flux en mobilit\u00e9 n\u2019est plus une option mais une n\u00e9cessit\u00e9 pour l\u2019avenir. Les solutions en ligne offrent une flexibilit\u00e9 essentielle, et celles qui combinent s\u00e9curit\u00e9, intuitivit\u00e9 et int\u00e9gration, comme Zuno Flow sur mobile en ligne, sont vou\u00e9es \u00e0 devenir les piliers de la transformation digitale.\n  <\/p>\n<\/div>\n","protected":false},"excerpt":{"rendered":"<p>Introduction : L&#8217;essor des outils de gestion de flux en mobilit\u00e9 Dans un contexte \u00e9conomique marqu\u00e9 par une digitalisation acc\u00e9l\u00e9r\u00e9e et une n\u00e9cessit\u00e9 constante d&#8217;adaptabilit\u00e9, les entreprises et professionnels doivent repenser leurs processus pour assurer efficacit\u00e9, s\u00e9curit\u00e9 et rapidit\u00e9 d&#8217;ex\u00e9cution. La mobilit\u00e9 \u00e9tant d\u00e9sormais au c\u0153ur de cette transformation, le recours \u00e0 des solutions avanc\u00e9es [&hellip;]<\/p>\n","protected":false},"author":161,"featured_media":0,"comment_status":"closed","ping_status":"closed","sticky":false,"template":"","format":"standard","meta":{"footnotes":""},"categories":[1],"tags":[],"class_list":["post-12376","post","type-post","status-publish","format-standard","hentry","category-procesos-participativos","no-thumbnail"],"yoast_head":"<!-- This site is optimized with the Yoast SEO Premium plugin v25.4 (Yoast SEO v26.4) - https:\/\/yoast.com\/wordpress\/plugins\/seo\/ -->\n<title>Optimiser la gestion de flux de travail mobiles : une r\u00e9volution en marche - Decide Madrid<\/title>\n<meta name=\"robots\" content=\"index, follow, max-snippet:-1, max-image-preview:large, max-video-preview:-1\" \/>\n<link rel=\"canonical\" href=\"https:\/\/diario.madrid.es\/decidemadrid\/2025\/09\/03\/optimiser-la-gestion-de-flux-de-travail-mobiles-une-revolution-en-marche\/\" \/>\n<meta property=\"og:locale\" content=\"es_ES\" \/>\n<meta property=\"og:type\" content=\"article\" \/>\n<meta property=\"og:title\" content=\"Optimiser la gestion de flux de travail mobiles : une r\u00e9volution en marche\" \/>\n<meta property=\"og:description\" content=\"Introduction : L&#8217;essor des outils de gestion de flux en mobilit\u00e9 Dans un contexte \u00e9conomique marqu\u00e9 par une digitalisation acc\u00e9l\u00e9r\u00e9e et une n\u00e9cessit\u00e9 constante d&#8217;adaptabilit\u00e9, les entreprises et professionnels doivent repenser leurs processus pour assurer efficacit\u00e9, s\u00e9curit\u00e9 et rapidit\u00e9 d&#8217;ex\u00e9cution. La mobilit\u00e9 \u00e9tant d\u00e9sormais au c\u0153ur de cette transformation, le recours \u00e0 des solutions avanc\u00e9es [&hellip;]\" \/>\n<meta property=\"og:url\" content=\"https:\/\/diario.madrid.es\/decidemadrid\/2025\/09\/03\/optimiser-la-gestion-de-flux-de-travail-mobiles-une-revolution-en-marche\/\" \/>\n<meta property=\"og:site_name\" content=\"Decide Madrid\" \/>\n<meta property=\"article:published_time\" content=\"2025-09-03T02:15:43+00:00\" \/>\n<meta property=\"article:modified_time\" content=\"2026-09-03T02:15:46+00:00\" \/>\n<meta name=\"author\" content=\"gobabierto\" \/>\n<meta name=\"twitter:card\" content=\"summary_large_image\" \/>\n<meta name=\"twitter:label1\" content=\"Escrito por\" \/>\n\t<meta name=\"twitter:data1\" content=\"gobabierto\" \/>\n\t<meta name=\"twitter:label2\" content=\"Tiempo de lectura\" \/>\n\t<meta name=\"twitter:data2\" content=\"4 minutos\" \/>\n<script type=\"application\/ld+json\" class=\"yoast-schema-graph\">{\"@context\":\"https:\/\/schema.org\",\"@graph\":[{\"@type\":\"WebPage\",\"@id\":\"https:\/\/diario.madrid.es\/decidemadrid\/2025\/09\/03\/optimiser-la-gestion-de-flux-de-travail-mobiles-une-revolution-en-marche\/\",\"url\":\"https:\/\/diario.madrid.es\/decidemadrid\/2025\/09\/03\/optimiser-la-gestion-de-flux-de-travail-mobiles-une-revolution-en-marche\/\",\"name\":\"Optimiser la gestion de flux de travail mobiles : une r\u00e9volution en marche - Decide Madrid\",\"isPartOf\":{\"@id\":\"https:\/\/diario.madrid.es\/decidemadrid\/#website\"},\"datePublished\":\"2025-09-03T02:15:43+00:00\",\"dateModified\":\"2026-09-03T02:15:46+00:00\",\"author\":{\"@id\":\"https:\/\/diario.madrid.es\/decidemadrid\/#\/schema\/person\/a0018a37d4af777c31256063fd89363d\"},\"breadcrumb\":{\"@id\":\"https:\/\/diario.madrid.es\/decidemadrid\/2025\/09\/03\/optimiser-la-gestion-de-flux-de-travail-mobiles-une-revolution-en-marche\/#breadcrumb\"},\"inLanguage\":\"es\",\"potentialAction\":[{\"@type\":\"ReadAction\",\"target\":[\"https:\/\/diario.madrid.es\/decidemadrid\/2025\/09\/03\/optimiser-la-gestion-de-flux-de-travail-mobiles-une-revolution-en-marche\/\"]}]},{\"@type\":\"BreadcrumbList\",\"@id\":\"https:\/\/diario.madrid.es\/decidemadrid\/2025\/09\/03\/optimiser-la-gestion-de-flux-de-travail-mobiles-une-revolution-en-marche\/#breadcrumb\",\"itemListElement\":[{\"@type\":\"ListItem\",\"position\":1,\"name\":\"Portada\",\"item\":\"https:\/\/diario.madrid.es\/decidemadrid\/\"},{\"@type\":\"ListItem\",\"position\":2,\"name\":\"Optimiser la gestion de flux de travail mobiles : une r\u00e9volution en marche\"}]},{\"@type\":\"WebSite\",\"@id\":\"https:\/\/diario.madrid.es\/decidemadrid\/#website\",\"url\":\"https:\/\/diario.madrid.es\/decidemadrid\/\",\"name\":\"Decide Madrid\",\"description\":\"Blog de Participaci\u00f3n Ciudadana del Ayuntamiento de Madrid\",\"potentialAction\":[{\"@type\":\"SearchAction\",\"target\":{\"@type\":\"EntryPoint\",\"urlTemplate\":\"https:\/\/diario.madrid.es\/decidemadrid\/?s={search_term_string}\"},\"query-input\":{\"@type\":\"PropertyValueSpecification\",\"valueRequired\":true,\"valueName\":\"search_term_string\"}}],\"inLanguage\":\"es\"},{\"@type\":\"Person\",\"@id\":\"https:\/\/diario.madrid.es\/decidemadrid\/#\/schema\/person\/a0018a37d4af777c31256063fd89363d\",\"name\":\"gobabierto\",\"image\":{\"@type\":\"ImageObject\",\"inLanguage\":\"es\",\"@id\":\"https:\/\/diario.madrid.es\/decidemadrid\/#\/schema\/person\/image\/\",\"url\":\"https:\/\/secure.gravatar.com\/avatar\/51186ba4d0098ad7548dfe94df68e208bdf6224aadf672f6cbcafcec90cd48cc?s=96&d=mm&r=g\",\"contentUrl\":\"https:\/\/secure.gravatar.com\/avatar\/51186ba4d0098ad7548dfe94df68e208bdf6224aadf672f6cbcafcec90cd48cc?s=96&d=mm&r=g\",\"caption\":\"gobabierto\"},\"url\":\"https:\/\/diario.madrid.es\/decidemadrid\/author\/gobabierto\/\"}]}<\/script>\n<!-- \/ Yoast SEO Premium plugin. -->","yoast_head_json":{"title":"Optimiser la gestion de flux de travail mobiles : une r\u00e9volution en marche - Decide Madrid","robots":{"index":"index","follow":"follow","max-snippet":"max-snippet:-1","max-image-preview":"max-image-preview:large","max-video-preview":"max-video-preview:-1"},"canonical":"https:\/\/diario.madrid.es\/decidemadrid\/2025\/09\/03\/optimiser-la-gestion-de-flux-de-travail-mobiles-une-revolution-en-marche\/","og_locale":"es_ES","og_type":"article","og_title":"Optimiser la gestion de flux de travail mobiles : une r\u00e9volution en marche","og_description":"Introduction : L&#8217;essor des outils de gestion de flux en mobilit\u00e9 Dans un contexte \u00e9conomique marqu\u00e9 par une digitalisation acc\u00e9l\u00e9r\u00e9e et une n\u00e9cessit\u00e9 constante d&#8217;adaptabilit\u00e9, les entreprises et professionnels doivent repenser leurs processus pour assurer efficacit\u00e9, s\u00e9curit\u00e9 et rapidit\u00e9 d&#8217;ex\u00e9cution. La mobilit\u00e9 \u00e9tant d\u00e9sormais au c\u0153ur de cette transformation, le recours \u00e0 des solutions avanc\u00e9es [&hellip;]","og_url":"https:\/\/diario.madrid.es\/decidemadrid\/2025\/09\/03\/optimiser-la-gestion-de-flux-de-travail-mobiles-une-revolution-en-marche\/","og_site_name":"Decide Madrid","article_published_time":"2025-09-03T02:15:43+00:00","article_modified_time":"2026-09-03T02:15:46+00:00","author":"gobabierto","twitter_card":"summary_large_image","twitter_misc":{"Escrito por":"gobabierto","Tiempo de lectura":"4 minutos"},"schema":{"@context":"https:\/\/schema.org","@graph":[{"@type":"WebPage","@id":"https:\/\/diario.madrid.es\/decidemadrid\/2025\/09\/03\/optimiser-la-gestion-de-flux-de-travail-mobiles-une-revolution-en-marche\/","url":"https:\/\/diario.madrid.es\/decidemadrid\/2025\/09\/03\/optimiser-la-gestion-de-flux-de-travail-mobiles-une-revolution-en-marche\/","name":"Optimiser la gestion de flux de travail mobiles : une r\u00e9volution en marche - Decide Madrid","isPartOf":{"@id":"https:\/\/diario.madrid.es\/decidemadrid\/#website"},"datePublished":"2025-09-03T02:15:43+00:00","dateModified":"2026-09-03T02:15:46+00:00","author":{"@id":"https:\/\/diario.madrid.es\/decidemadrid\/#\/schema\/person\/a0018a37d4af777c31256063fd89363d"},"breadcrumb":{"@id":"https:\/\/diario.madrid.es\/decidemadrid\/2025\/09\/03\/optimiser-la-gestion-de-flux-de-travail-mobiles-une-revolution-en-marche\/#breadcrumb"},"inLanguage":"es","potentialAction":[{"@type":"ReadAction","target":["https:\/\/diario.madrid.es\/decidemadrid\/2025\/09\/03\/optimiser-la-gestion-de-flux-de-travail-mobiles-une-revolution-en-marche\/"]}]},{"@type":"BreadcrumbList","@id":"https:\/\/diario.madrid.es\/decidemadrid\/2025\/09\/03\/optimiser-la-gestion-de-flux-de-travail-mobiles-une-revolution-en-marche\/#breadcrumb","itemListElement":[{"@type":"ListItem","position":1,"name":"Portada","item":"https:\/\/diario.madrid.es\/decidemadrid\/"},{"@type":"ListItem","position":2,"name":"Optimiser la gestion de flux de travail mobiles : une r\u00e9volution en marche"}]},{"@type":"WebSite","@id":"https:\/\/diario.madrid.es\/decidemadrid\/#website","url":"https:\/\/diario.madrid.es\/decidemadrid\/","name":"Decide Madrid","description":"Blog de Participaci\u00f3n Ciudadana del Ayuntamiento de Madrid","potentialAction":[{"@type":"SearchAction","target":{"@type":"EntryPoint","urlTemplate":"https:\/\/diario.madrid.es\/decidemadrid\/?s={search_term_string}"},"query-input":{"@type":"PropertyValueSpecification","valueRequired":true,"valueName":"search_term_string"}}],"inLanguage":"es"},{"@type":"Person","@id":"https:\/\/diario.madrid.es\/decidemadrid\/#\/schema\/person\/a0018a37d4af777c31256063fd89363d","name":"gobabierto","image":{"@type":"ImageObject","inLanguage":"es","@id":"https:\/\/diario.madrid.es\/decidemadrid\/#\/schema\/person\/image\/","url":"https:\/\/secure.gravatar.com\/avatar\/51186ba4d0098ad7548dfe94df68e208bdf6224aadf672f6cbcafcec90cd48cc?s=96&d=mm&r=g","contentUrl":"https:\/\/secure.gravatar.com\/avatar\/51186ba4d0098ad7548dfe94df68e208bdf6224aadf672f6cbcafcec90cd48cc?s=96&d=mm&r=g","caption":"gobabierto"},"url":"https:\/\/diario.madrid.es\/decidemadrid\/author\/gobabierto\/"}]}},"_links":{"self":[{"href":"https:\/\/diario.madrid.es\/decidemadrid\/wp-json\/wp\/v2\/posts\/12376","targetHints":{"allow":["GET"]}}],"collection":[{"href":"https:\/\/diario.madrid.es\/decidemadrid\/wp-json\/wp\/v2\/posts"}],"about":[{"href":"https:\/\/diario.madrid.es\/decidemadrid\/wp-json\/wp\/v2\/types\/post"}],"author":[{"embeddable":true,"href":"https:\/\/diario.madrid.es\/decidemadrid\/wp-json\/wp\/v2\/users\/161"}],"replies":[{"embeddable":true,"href":"https:\/\/diario.madrid.es\/decidemadrid\/wp-json\/wp\/v2\/comments?post=12376"}],"version-history":[{"count":1,"href":"https:\/\/diario.madrid.es\/decidemadrid\/wp-json\/wp\/v2\/posts\/12376\/revisions"}],"predecessor-version":[{"id":12377,"href":"https:\/\/diario.madrid.es\/decidemadrid\/wp-json\/wp\/v2\/posts\/12376\/revisions\/12377"}],"wp:attachment":[{"href":"https:\/\/diario.madrid.es\/decidemadrid\/wp-json\/wp\/v2\/media?parent=12376"}],"wp:term":[{"taxonomy":"category","embeddable":true,"href":"https:\/\/diario.madrid.es\/decidemadrid\/wp-json\/wp\/v2\/categories?post=12376"},{"taxonomy":"post_tag","embeddable":true,"href":"https:\/\/diario.madrid.es\/decidemadrid\/wp-json\/wp\/v2\/tags?post=12376"}],"curies":[{"name":"wp","href":"https:\/\/api.w.org\/{rel}","templated":true}]}}