{"id":12154,"date":"2025-09-03T02:27:51","date_gmt":"2025-09-03T00:27:51","guid":{"rendered":"https:\/\/diario.madrid.es\/decidemadrid\/?p=12154"},"modified":"2026-09-03T02:27:54","modified_gmt":"2026-09-03T00:27:54","slug":"avances-en-la-atencion-integral-a-personas-con-espina-bifida-una-perspectiva-actualizada","status":"publish","type":"post","link":"https:\/\/diario.madrid.es\/decidemadrid\/2025\/09\/03\/avances-en-la-atencion-integral-a-personas-con-espina-bifida-una-perspectiva-actualizada\/","title":{"rendered":"Avances en la Atenci\u00f3n Integral a Personas con Espina B\u00edfida: Una Perspectiva Actualizada"},"content":{"rendered":"<p>La espina b\u00edfida representa uno de los defectos del tubo neural m\u00e1s complejos y persistentes en la neurolog\u00eda pedi\u00e1trica, con implicaciones que atraviesan desde la fase prenatal hasta la adultez. Los avances en la atenci\u00f3n multidisciplinaria y la innovaci\u00f3n en tratamientos han transformado significativamente la calidad de vida de quienes la padecen. En este contexto, la creaci\u00f3n de recursos especializados y referencias confiables resulta esencial para proveedores de salud, pacientes y sus familias.<\/p>\n<h2>Contexto Epidemiol\u00f3gico y Desaf\u00edos Cl\u00ednicos<\/h2>\n<p>La espina b\u00edfida afecta aproximadamente a 1 de cada 1,000 nacimientos globales, aunque las tasas var\u00edan seg\u00fan la regi\u00f3n y la disponibilidad de intervenciones preventivas como los suplementos de \u00e1cido f\u00f3lico. La condici\u00f3n se caracteriza por un defecto en la formaci\u00f3n de la columna vertebral durante la gestaci\u00f3n, lo que puede provocar par\u00e1lisis, hidrocefalia y problemas neurol\u00f3gicos asociados.<\/p>\n<p>La complejidad cl\u00ednica requiere atenci\u00f3n especializada que abarque fisioterapia, cirug\u00eda neurol\u00f3gica, gesti\u00f3n de la hidrocefalia y apoyo psicol\u00f3gico, entre otros. Sin embargo, el acceso a recursos integrados y actualizados sigue siendo un desaf\u00edo en muchas comunidades.<\/p>\n<h2>Transformaci\u00f3n en el Enfoque Multidisciplinario<\/h2>\n<p>La atenci\u00f3n contempor\u00e1nea a pacientes con espina b\u00edfida ha evolucionado hacia un modelo integral, donde distintos profesionales trabajan en conjunto para abordar las m\u00faltiples facetas de la condici\u00f3n. Este enfoque facilita la detecci\u00f3n temprana de complicaciones, fomenta la rehabilitaci\u00f3n y promueve la autonom\u00eda.<\/p>\n<p>Es en este marco donde la creaci\u00f3n de plataformas de informaci\u00f3n confiables cobra una relevancia capital. Publicaciones, gu\u00edas cl\u00ednicas y recursos educativos soportan la labor de los profesionales y empoderan a las familias.<\/p>\n<h2>El Rol de los Recursos Digitales en la Educaci\u00f3n y la Atenci\u00f3n<\/h2>\n<p>En un escenario digital en constante expansi\u00f3n, la confianza en fuentes autorizadas es vital para garantizar que la informaci\u00f3n sea precisa, actualizada y alineada con las mejores pr\u00e1cticas cl\u00ednicas. Sitios especializados, como el que encontramos en <a href=\"https:\/\/spinaura.org.es\/\">www.spinaura.org.es\/<\/a>, ofrecen una visi\u00f3n integral y recursos espec\u00edficos que sustentan la atenci\u00f3n cl\u00ednica y promueven la sensibilizaci\u00f3n social.<\/p>\n<p>Este portal, desarrollado por expertos en la materia, provee acceso a:<\/p>\n<ul>\n<li><strong>Gu\u00edas cl\u00ednicas actualizadas:<\/strong> recomendaciones para el manejo multidisciplinario.<\/li>\n<li><strong>Recursos educativos:<\/strong> para pacientes y familiares que facilitan la comprensi\u00f3n del cuadro cl\u00ednico y las opciones terap\u00e9uticas.<\/li>\n<li><strong>Informaci\u00f3n de investigaci\u00f3n:<\/strong> avances en t\u00e9cnicas quir\u00fargicas, rehabilitaci\u00f3n y tecnolog\u00edas asistivas.<\/li>\n<\/ul>\n<p>Su contribuci\u00f3n en la difusi\u00f3n de conocimiento ayuda a reducir las brechas entre la pr\u00e1ctica cl\u00ednica y los \u00faltimos descubrimientos cient\u00edficos.<\/p>\n<h2>Innovaci\u00f3n y Futuro en el Cuidado de la Espina B\u00edfida<\/h2>\n<p>La pr\u00f3xima d\u00e9cada promete avances destacados en \u00e1reas clave, como:<\/p>\n<table>\n<tr>\n<th>\u00c1rea<\/th>\n<th>Innovaciones Potenciales<\/th>\n<\/tr>\n<tr>\n<td>Cirug\u00eda prenatal<\/td>\n<td>Mejoras en t\u00e9cnicas m\u00ednimamente invasivas que reducen complicaciones y mejoran pron\u00f3sticos.<\/td>\n<\/tr>\n<tr>\n<td>Rehabilitaci\u00f3n personalizada<\/td>\n<td>Tecnolog\u00edas de realidad virtual y rob\u00f3tica para mejorar la movilidad y la autonom\u00eda.<\/td>\n<\/tr>\n<tr>\n<td>Gesti\u00f3n de complicaciones<\/td>\n<td>Desarrollo de biomarcadores predictivos y terapias g\u00e9nicas.<\/td>\n<\/tr>\n<\/table>\n<p>En este escenario, las plataformas digitales y los recursos especializados siguen siendo un pilar fundamental para traducir la evidencia en pr\u00e1ctica cl\u00ednica efectiva, posicionando a www.spinaura.org.es\/ como un ejemplo de referencia en la materia.<\/p>\n<h2>Conclusi\u00f3n<\/h2>\n<p>La atenci\u00f3n a personas con espina b\u00edfida vive un momento de transformaci\u00f3n continua, marcada por avances tecnol\u00f3gicos y un enfoque centrado en la calidad de vida. La colaboraci\u00f3n entre profesionales y la disponibilidad de recursos confiables, como los ofrecidos por www.spinaura.org.es\/, son elementos clave para impulsar una atenci\u00f3n m\u00e1s efectiva y humanizada. La integraci\u00f3n de estas herramientas en la pr\u00e1ctica cl\u00ednica y en la educaci\u00f3n de pacientes ayudar\u00e1 a construir un futuro con mayores oportunidades para quienes enfrentan esta condici\u00f3n.<\/p>\n","protected":false},"excerpt":{"rendered":"<p>La espina b\u00edfida representa uno de los defectos del tubo neural m\u00e1s complejos y persistentes en la neurolog\u00eda pedi\u00e1trica, con implicaciones que atraviesan desde la fase prenatal hasta la adultez. Los avances en la atenci\u00f3n multidisciplinaria y la innovaci\u00f3n en tratamientos han transformado significativamente la calidad de vida de quienes la padecen. En este contexto, [&hellip;]<\/p>\n","protected":false},"author":161,"featured_media":0,"comment_status":"closed","ping_status":"closed","sticky":false,"template":"","format":"standard","meta":{"footnotes":""},"categories":[1],"tags":[],"class_list":["post-12154","post","type-post","status-publish","format-standard","hentry","category-procesos-participativos","no-thumbnail"],"yoast_head":"<!-- This site is optimized with the Yoast SEO Premium plugin v25.4 (Yoast SEO v26.4) - https:\/\/yoast.com\/wordpress\/plugins\/seo\/ -->\n<title>Avances en la Atenci\u00f3n Integral a Personas con Espina B\u00edfida: Una Perspectiva Actualizada - Decide Madrid<\/title>\n<meta name=\"robots\" content=\"index, follow, max-snippet:-1, max-image-preview:large, max-video-preview:-1\" \/>\n<link rel=\"canonical\" href=\"https:\/\/diario.madrid.es\/decidemadrid\/2025\/09\/03\/avances-en-la-atencion-integral-a-personas-con-espina-bifida-una-perspectiva-actualizada\/\" \/>\n<meta property=\"og:locale\" content=\"es_ES\" \/>\n<meta property=\"og:type\" content=\"article\" \/>\n<meta property=\"og:title\" content=\"Avances en la Atenci\u00f3n Integral a Personas con Espina B\u00edfida: Una Perspectiva Actualizada\" \/>\n<meta property=\"og:description\" content=\"La espina b\u00edfida representa uno de los defectos del tubo neural m\u00e1s complejos y persistentes en la neurolog\u00eda pedi\u00e1trica, con implicaciones que atraviesan desde la fase prenatal hasta la adultez. Los avances en la atenci\u00f3n multidisciplinaria y la innovaci\u00f3n en tratamientos han transformado significativamente la calidad de vida de quienes la padecen. En este contexto, [&hellip;]\" \/>\n<meta property=\"og:url\" content=\"https:\/\/diario.madrid.es\/decidemadrid\/2025\/09\/03\/avances-en-la-atencion-integral-a-personas-con-espina-bifida-una-perspectiva-actualizada\/\" \/>\n<meta property=\"og:site_name\" content=\"Decide Madrid\" \/>\n<meta property=\"article:published_time\" content=\"2025-09-03T00:27:51+00:00\" \/>\n<meta property=\"article:modified_time\" content=\"2026-09-03T00:27:54+00:00\" \/>\n<meta name=\"author\" content=\"gobabierto\" \/>\n<meta name=\"twitter:card\" content=\"summary_large_image\" \/>\n<meta name=\"twitter:label1\" content=\"Escrito por\" \/>\n\t<meta name=\"twitter:data1\" content=\"gobabierto\" \/>\n\t<meta name=\"twitter:label2\" content=\"Tiempo de lectura\" \/>\n\t<meta name=\"twitter:data2\" content=\"3 minutos\" \/>\n<script type=\"application\/ld+json\" class=\"yoast-schema-graph\">{\"@context\":\"https:\/\/schema.org\",\"@graph\":[{\"@type\":\"WebPage\",\"@id\":\"https:\/\/diario.madrid.es\/decidemadrid\/2025\/09\/03\/avances-en-la-atencion-integral-a-personas-con-espina-bifida-una-perspectiva-actualizada\/\",\"url\":\"https:\/\/diario.madrid.es\/decidemadrid\/2025\/09\/03\/avances-en-la-atencion-integral-a-personas-con-espina-bifida-una-perspectiva-actualizada\/\",\"name\":\"Avances en la Atenci\u00f3n Integral a Personas con Espina B\u00edfida: Una Perspectiva Actualizada - Decide Madrid\",\"isPartOf\":{\"@id\":\"https:\/\/diario.madrid.es\/decidemadrid\/#website\"},\"datePublished\":\"2025-09-03T00:27:51+00:00\",\"dateModified\":\"2026-09-03T00:27:54+00:00\",\"author\":{\"@id\":\"https:\/\/diario.madrid.es\/decidemadrid\/#\/schema\/person\/a0018a37d4af777c31256063fd89363d\"},\"breadcrumb\":{\"@id\":\"https:\/\/diario.madrid.es\/decidemadrid\/2025\/09\/03\/avances-en-la-atencion-integral-a-personas-con-espina-bifida-una-perspectiva-actualizada\/#breadcrumb\"},\"inLanguage\":\"es\",\"potentialAction\":[{\"@type\":\"ReadAction\",\"target\":[\"https:\/\/diario.madrid.es\/decidemadrid\/2025\/09\/03\/avances-en-la-atencion-integral-a-personas-con-espina-bifida-una-perspectiva-actualizada\/\"]}]},{\"@type\":\"BreadcrumbList\",\"@id\":\"https:\/\/diario.madrid.es\/decidemadrid\/2025\/09\/03\/avances-en-la-atencion-integral-a-personas-con-espina-bifida-una-perspectiva-actualizada\/#breadcrumb\",\"itemListElement\":[{\"@type\":\"ListItem\",\"position\":1,\"name\":\"Portada\",\"item\":\"https:\/\/diario.madrid.es\/decidemadrid\/\"},{\"@type\":\"ListItem\",\"position\":2,\"name\":\"Avances en la Atenci\u00f3n Integral a Personas con Espina B\u00edfida: Una Perspectiva Actualizada\"}]},{\"@type\":\"WebSite\",\"@id\":\"https:\/\/diario.madrid.es\/decidemadrid\/#website\",\"url\":\"https:\/\/diario.madrid.es\/decidemadrid\/\",\"name\":\"Decide Madrid\",\"description\":\"Blog de Participaci\u00f3n Ciudadana del Ayuntamiento de Madrid\",\"potentialAction\":[{\"@type\":\"SearchAction\",\"target\":{\"@type\":\"EntryPoint\",\"urlTemplate\":\"https:\/\/diario.madrid.es\/decidemadrid\/?s={search_term_string}\"},\"query-input\":{\"@type\":\"PropertyValueSpecification\",\"valueRequired\":true,\"valueName\":\"search_term_string\"}}],\"inLanguage\":\"es\"},{\"@type\":\"Person\",\"@id\":\"https:\/\/diario.madrid.es\/decidemadrid\/#\/schema\/person\/a0018a37d4af777c31256063fd89363d\",\"name\":\"gobabierto\",\"image\":{\"@type\":\"ImageObject\",\"inLanguage\":\"es\",\"@id\":\"https:\/\/diario.madrid.es\/decidemadrid\/#\/schema\/person\/image\/\",\"url\":\"https:\/\/secure.gravatar.com\/avatar\/51186ba4d0098ad7548dfe94df68e208bdf6224aadf672f6cbcafcec90cd48cc?s=96&d=mm&r=g\",\"contentUrl\":\"https:\/\/secure.gravatar.com\/avatar\/51186ba4d0098ad7548dfe94df68e208bdf6224aadf672f6cbcafcec90cd48cc?s=96&d=mm&r=g\",\"caption\":\"gobabierto\"},\"url\":\"https:\/\/diario.madrid.es\/decidemadrid\/author\/gobabierto\/\"}]}<\/script>\n<!-- \/ Yoast SEO Premium plugin. -->","yoast_head_json":{"title":"Avances en la Atenci\u00f3n Integral a Personas con Espina B\u00edfida: Una Perspectiva Actualizada - Decide Madrid","robots":{"index":"index","follow":"follow","max-snippet":"max-snippet:-1","max-image-preview":"max-image-preview:large","max-video-preview":"max-video-preview:-1"},"canonical":"https:\/\/diario.madrid.es\/decidemadrid\/2025\/09\/03\/avances-en-la-atencion-integral-a-personas-con-espina-bifida-una-perspectiva-actualizada\/","og_locale":"es_ES","og_type":"article","og_title":"Avances en la Atenci\u00f3n Integral a Personas con Espina B\u00edfida: Una Perspectiva Actualizada","og_description":"La espina b\u00edfida representa uno de los defectos del tubo neural m\u00e1s complejos y persistentes en la neurolog\u00eda pedi\u00e1trica, con implicaciones que atraviesan desde la fase prenatal hasta la adultez. Los avances en la atenci\u00f3n multidisciplinaria y la innovaci\u00f3n en tratamientos han transformado significativamente la calidad de vida de quienes la padecen. En este contexto, [&hellip;]","og_url":"https:\/\/diario.madrid.es\/decidemadrid\/2025\/09\/03\/avances-en-la-atencion-integral-a-personas-con-espina-bifida-una-perspectiva-actualizada\/","og_site_name":"Decide Madrid","article_published_time":"2025-09-03T00:27:51+00:00","article_modified_time":"2026-09-03T00:27:54+00:00","author":"gobabierto","twitter_card":"summary_large_image","twitter_misc":{"Escrito por":"gobabierto","Tiempo de lectura":"3 minutos"},"schema":{"@context":"https:\/\/schema.org","@graph":[{"@type":"WebPage","@id":"https:\/\/diario.madrid.es\/decidemadrid\/2025\/09\/03\/avances-en-la-atencion-integral-a-personas-con-espina-bifida-una-perspectiva-actualizada\/","url":"https:\/\/diario.madrid.es\/decidemadrid\/2025\/09\/03\/avances-en-la-atencion-integral-a-personas-con-espina-bifida-una-perspectiva-actualizada\/","name":"Avances en la Atenci\u00f3n Integral a Personas con Espina B\u00edfida: Una Perspectiva Actualizada - Decide Madrid","isPartOf":{"@id":"https:\/\/diario.madrid.es\/decidemadrid\/#website"},"datePublished":"2025-09-03T00:27:51+00:00","dateModified":"2026-09-03T00:27:54+00:00","author":{"@id":"https:\/\/diario.madrid.es\/decidemadrid\/#\/schema\/person\/a0018a37d4af777c31256063fd89363d"},"breadcrumb":{"@id":"https:\/\/diario.madrid.es\/decidemadrid\/2025\/09\/03\/avances-en-la-atencion-integral-a-personas-con-espina-bifida-una-perspectiva-actualizada\/#breadcrumb"},"inLanguage":"es","potentialAction":[{"@type":"ReadAction","target":["https:\/\/diario.madrid.es\/decidemadrid\/2025\/09\/03\/avances-en-la-atencion-integral-a-personas-con-espina-bifida-una-perspectiva-actualizada\/"]}]},{"@type":"BreadcrumbList","@id":"https:\/\/diario.madrid.es\/decidemadrid\/2025\/09\/03\/avances-en-la-atencion-integral-a-personas-con-espina-bifida-una-perspectiva-actualizada\/#breadcrumb","itemListElement":[{"@type":"ListItem","position":1,"name":"Portada","item":"https:\/\/diario.madrid.es\/decidemadrid\/"},{"@type":"ListItem","position":2,"name":"Avances en la Atenci\u00f3n Integral a Personas con Espina B\u00edfida: Una Perspectiva Actualizada"}]},{"@type":"WebSite","@id":"https:\/\/diario.madrid.es\/decidemadrid\/#website","url":"https:\/\/diario.madrid.es\/decidemadrid\/","name":"Decide Madrid","description":"Blog de Participaci\u00f3n Ciudadana del Ayuntamiento de Madrid","potentialAction":[{"@type":"SearchAction","target":{"@type":"EntryPoint","urlTemplate":"https:\/\/diario.madrid.es\/decidemadrid\/?s={search_term_string}"},"query-input":{"@type":"PropertyValueSpecification","valueRequired":true,"valueName":"search_term_string"}}],"inLanguage":"es"},{"@type":"Person","@id":"https:\/\/diario.madrid.es\/decidemadrid\/#\/schema\/person\/a0018a37d4af777c31256063fd89363d","name":"gobabierto","image":{"@type":"ImageObject","inLanguage":"es","@id":"https:\/\/diario.madrid.es\/decidemadrid\/#\/schema\/person\/image\/","url":"https:\/\/secure.gravatar.com\/avatar\/51186ba4d0098ad7548dfe94df68e208bdf6224aadf672f6cbcafcec90cd48cc?s=96&d=mm&r=g","contentUrl":"https:\/\/secure.gravatar.com\/avatar\/51186ba4d0098ad7548dfe94df68e208bdf6224aadf672f6cbcafcec90cd48cc?s=96&d=mm&r=g","caption":"gobabierto"},"url":"https:\/\/diario.madrid.es\/decidemadrid\/author\/gobabierto\/"}]}},"_links":{"self":[{"href":"https:\/\/diario.madrid.es\/decidemadrid\/wp-json\/wp\/v2\/posts\/12154","targetHints":{"allow":["GET"]}}],"collection":[{"href":"https:\/\/diario.madrid.es\/decidemadrid\/wp-json\/wp\/v2\/posts"}],"about":[{"href":"https:\/\/diario.madrid.es\/decidemadrid\/wp-json\/wp\/v2\/types\/post"}],"author":[{"embeddable":true,"href":"https:\/\/diario.madrid.es\/decidemadrid\/wp-json\/wp\/v2\/users\/161"}],"replies":[{"embeddable":true,"href":"https:\/\/diario.madrid.es\/decidemadrid\/wp-json\/wp\/v2\/comments?post=12154"}],"version-history":[{"count":1,"href":"https:\/\/diario.madrid.es\/decidemadrid\/wp-json\/wp\/v2\/posts\/12154\/revisions"}],"predecessor-version":[{"id":12155,"href":"https:\/\/diario.madrid.es\/decidemadrid\/wp-json\/wp\/v2\/posts\/12154\/revisions\/12155"}],"wp:attachment":[{"href":"https:\/\/diario.madrid.es\/decidemadrid\/wp-json\/wp\/v2\/media?parent=12154"}],"wp:term":[{"taxonomy":"category","embeddable":true,"href":"https:\/\/diario.madrid.es\/decidemadrid\/wp-json\/wp\/v2\/categories?post=12154"},{"taxonomy":"post_tag","embeddable":true,"href":"https:\/\/diario.madrid.es\/decidemadrid\/wp-json\/wp\/v2\/tags?post=12154"}],"curies":[{"name":"wp","href":"https:\/\/api.w.org\/{rel}","templated":true}]}}