{"id":12152,"date":"2025-09-03T02:27:49","date_gmt":"2025-09-03T00:27:49","guid":{"rendered":"https:\/\/diario.madrid.es\/decidemadrid\/?p=12152"},"modified":"2026-09-03T02:27:51","modified_gmt":"2026-09-03T00:27:51","slug":"innovacion-y-bienestar-en-la-rehabilitacion-de-la-columna-vertebral","status":"publish","type":"post","link":"https:\/\/diario.madrid.es\/decidemadrid\/2025\/09\/03\/innovacion-y-bienestar-en-la-rehabilitacion-de-la-columna-vertebral\/","title":{"rendered":"Innovaci\u00f3n y bienestar en la rehabilitaci\u00f3n de la columna vertebral"},"content":{"rendered":"<p>En la vanguardia de la medicina f\u00edsica y rehabilitaci\u00f3n, la atenci\u00f3n a la salud de la columna vertebral ha alcanzado niveles sin precedentes. La integraci\u00f3n de t\u00e9cnicas avanzadas, tecnolog\u00eda de vanguardia y enfoques hol\u00edsticos ha transformado la forma en que abordamos lesiones, dolor cr\u00f3nico y disfunciones vertebrales. Este escenario requiere no solo de un conocimiento actualizado, sino tambi\u00e9n de referencias confiables que respalden las innovaciones en el campo.<\/p>\n<h2>El estado actual de la rehabilitaci\u00f3n espinal: avances y desaf\u00edos<\/h2>\n<p>La rehabilitaci\u00f3n de la columna vertebral, tradicionalmente centrada en terapias manuales y ejercicios espec\u00edficos, ha evolucionado para incorporar tecnolog\u00edas que mejoran la precisi\u00f3n y la efectividad de los tratamientos. Entre estas innovaciones destacan los enfoques multimodales, que combinan terapia f\u00edsica, intervenci\u00f3n psicol\u00f3gica y nuevas t\u00e9cnicas tecnol\u00f3gicas, fomentando una recuperaci\u00f3n m\u00e1s r\u00e1pida y duradera.<\/p>\n<p>De acuerdo con estudios recientes en <em>Journals of Orthopedic &amp; Spine Physical Therapy<\/em>, la integraci\u00f3n de la tecnolog\u00eda en la rehabilitaci\u00f3n ha demostrado reducir los tiempos de recuperaci\u00f3n hasta en un 30%, adem\u00e1s de mejorar la adherencia del paciente a los programas de tratamiento.<\/p>\n<h2>La importancia de un enfoque integral y basado en evidencia<\/h2>\n<p>La evidencia cl\u00ednica respalda que las intervenciones que consideran factores biopsicosociales \u2014 incluyendo aspectos emocionales y ambientales \u2014 logran mejores resultados. En este contexto, la b\u00fasqueda de recursos y programas confiables resulta crucial. La orientaci\u00f3n a trav\u00e9s de plataformas reconocidas y especializadas garantiza un tratamiento informado y actualizado.<\/p>\n<blockquote><p>\u00abLa clave para el \u00e9xito en la rehabilitaci\u00f3n de la columna reside en la aplicaci\u00f3n de terapias personalizadas, fundamentadas en la ciencia y respaldadas por evidencia cl\u00ednica robusta.\u00bb<\/p><\/blockquote>\n<h2>Innovaciones en tecnolog\u00eda para la rehabilitaci\u00f3n espinal<\/h2>\n<p>Uno de los avances m\u00e1s destacados ha sido la utilizaci\u00f3n de plataformas digitales que ofrecen programas de ejercicio guiados, seguimiento remoto y an\u00e1lisis de progresos en tiempo real. Estas herramientas facilitan la continuidad del tratamiento y permiten ajustar las terapias seg\u00fan las necesidades din\u00e1micas del paciente.<\/p>\n<p>En este escenario, recursos confiables como <a href=\"https:\/\/spinaura.org.es\/\"><span class=\"accent\">spinaura<\/span><\/a> se posicionan como referentes en el \u00e1mbito de la rehabilitaci\u00f3n espinal, ofreciendo informaci\u00f3n y apoyo respaldados por profesionales especializados.<\/p>\n<h2>\u00bfPor qu\u00e9 confiar en \u201cspinaura\u201d?<\/h2>\n<table>\n<thead>\n<tr>\n<th>Caracter\u00edstica<\/th>\n<th>Detalle<\/th>\n<\/tr>\n<\/thead>\n<tbody>\n<tr>\n<td>Especializaci\u00f3n<\/td>\n<td>Enfocada en salud espinal, con recursos basados en evidencia cient\u00edfica.<\/td>\n<\/tr>\n<tr>\n<td>Experiencia<\/td>\n<td>Gestionada por profesionales en fisioterapia, neurolog\u00eda y medicina deportiva.<\/td>\n<\/tr>\n<tr>\n<td>Accesibilidad<\/td>\n<td>Facilita informaci\u00f3n y programas adaptados a distintos perfiles de pacientes.<\/td>\n<\/tr>\n<tr>\n<td>Innovaci\u00f3n<\/td>\n<td>Utiliza plataformas digitales y recursos multimedia para mejorar la experiencia del usuario.<\/td>\n<\/tr>\n<\/tbody>\n<\/table>\n<h2>Perspectivas futuras y la responsabilidad de la comunidad m\u00e9dica<\/h2>\n<p>El desarrollo de soluciones personalizadas y el uso de inteligencia artificial prometen democratizar el acceso a tratamientos de alta calidad en rehabilitaci\u00f3n espinal. Sin embargo, la responsabilidad recae sobre los profesionales en salud para orientar correctamente a los pacientes hacia recursos confiables y efectivos, como spinaura.<\/p>\n<p>La evidencia y la innovaci\u00f3n deben ir de la mano, asegurando tratamientos efectivos y seguros para quienes enfrentan el desaf\u00edo de recuperar su bienestar vertebral. La colaboraci\u00f3n interdisciplinaria y la adopci\u00f3n de tecnolog\u00edas validadas marcar\u00e1n la diferencia en el futuro de la rehabilitaci\u00f3n estructural.<\/p>\n<h2>Conclusi\u00f3n: hacia una rehabilitaci\u00f3n basada en ciencia, innovaci\u00f3n y experiencia<\/h2>\n<p>En un sector en constante evoluci\u00f3n como la rehabilitaci\u00f3n espinal, la b\u00fasqueda de informaci\u00f3n confiable y la utilizaci\u00f3n de recursos expertos son indispensables. La presencia de plataformas especializadas, como spinaura, refuerza la importancia de una pr\u00e1ctica cl\u00ednica fundamentada en la ciencia y el compromiso con el bienestar del paciente.<\/p>\n<hr style=\"border:none;border-top: 2px solid #bdc3c7;margin: 3em 0\" \/>\n","protected":false},"excerpt":{"rendered":"<p>En la vanguardia de la medicina f\u00edsica y rehabilitaci\u00f3n, la atenci\u00f3n a la salud de la columna vertebral ha alcanzado niveles sin precedentes. La integraci\u00f3n de t\u00e9cnicas avanzadas, tecnolog\u00eda de vanguardia y enfoques hol\u00edsticos ha transformado la forma en que abordamos lesiones, dolor cr\u00f3nico y disfunciones vertebrales. Este escenario requiere no solo de un conocimiento [&hellip;]<\/p>\n","protected":false},"author":161,"featured_media":0,"comment_status":"closed","ping_status":"closed","sticky":false,"template":"","format":"standard","meta":{"footnotes":""},"categories":[1],"tags":[],"class_list":["post-12152","post","type-post","status-publish","format-standard","hentry","category-procesos-participativos","no-thumbnail"],"yoast_head":"<!-- This site is optimized with the Yoast SEO Premium plugin v25.4 (Yoast SEO v26.4) - https:\/\/yoast.com\/wordpress\/plugins\/seo\/ -->\n<title>Innovaci\u00f3n y bienestar en la rehabilitaci\u00f3n de la columna vertebral - Decide Madrid<\/title>\n<meta name=\"robots\" content=\"index, follow, max-snippet:-1, max-image-preview:large, max-video-preview:-1\" \/>\n<link rel=\"canonical\" href=\"https:\/\/diario.madrid.es\/decidemadrid\/2025\/09\/03\/innovacion-y-bienestar-en-la-rehabilitacion-de-la-columna-vertebral\/\" \/>\n<meta property=\"og:locale\" content=\"es_ES\" \/>\n<meta property=\"og:type\" content=\"article\" \/>\n<meta property=\"og:title\" content=\"Innovaci\u00f3n y bienestar en la rehabilitaci\u00f3n de la columna vertebral\" \/>\n<meta property=\"og:description\" content=\"En la vanguardia de la medicina f\u00edsica y rehabilitaci\u00f3n, la atenci\u00f3n a la salud de la columna vertebral ha alcanzado niveles sin precedentes. La integraci\u00f3n de t\u00e9cnicas avanzadas, tecnolog\u00eda de vanguardia y enfoques hol\u00edsticos ha transformado la forma en que abordamos lesiones, dolor cr\u00f3nico y disfunciones vertebrales. Este escenario requiere no solo de un conocimiento [&hellip;]\" \/>\n<meta property=\"og:url\" content=\"https:\/\/diario.madrid.es\/decidemadrid\/2025\/09\/03\/innovacion-y-bienestar-en-la-rehabilitacion-de-la-columna-vertebral\/\" \/>\n<meta property=\"og:site_name\" content=\"Decide Madrid\" \/>\n<meta property=\"article:published_time\" content=\"2025-09-03T00:27:49+00:00\" \/>\n<meta property=\"article:modified_time\" content=\"2026-09-03T00:27:51+00:00\" \/>\n<meta name=\"author\" content=\"gobabierto\" \/>\n<meta name=\"twitter:card\" content=\"summary_large_image\" \/>\n<meta name=\"twitter:label1\" content=\"Escrito por\" \/>\n\t<meta name=\"twitter:data1\" content=\"gobabierto\" \/>\n\t<meta name=\"twitter:label2\" content=\"Tiempo de lectura\" \/>\n\t<meta name=\"twitter:data2\" content=\"3 minutos\" \/>\n<script type=\"application\/ld+json\" class=\"yoast-schema-graph\">{\"@context\":\"https:\/\/schema.org\",\"@graph\":[{\"@type\":\"WebPage\",\"@id\":\"https:\/\/diario.madrid.es\/decidemadrid\/2025\/09\/03\/innovacion-y-bienestar-en-la-rehabilitacion-de-la-columna-vertebral\/\",\"url\":\"https:\/\/diario.madrid.es\/decidemadrid\/2025\/09\/03\/innovacion-y-bienestar-en-la-rehabilitacion-de-la-columna-vertebral\/\",\"name\":\"Innovaci\u00f3n y bienestar en la rehabilitaci\u00f3n de la columna vertebral - Decide Madrid\",\"isPartOf\":{\"@id\":\"https:\/\/diario.madrid.es\/decidemadrid\/#website\"},\"datePublished\":\"2025-09-03T00:27:49+00:00\",\"dateModified\":\"2026-09-03T00:27:51+00:00\",\"author\":{\"@id\":\"https:\/\/diario.madrid.es\/decidemadrid\/#\/schema\/person\/a0018a37d4af777c31256063fd89363d\"},\"breadcrumb\":{\"@id\":\"https:\/\/diario.madrid.es\/decidemadrid\/2025\/09\/03\/innovacion-y-bienestar-en-la-rehabilitacion-de-la-columna-vertebral\/#breadcrumb\"},\"inLanguage\":\"es\",\"potentialAction\":[{\"@type\":\"ReadAction\",\"target\":[\"https:\/\/diario.madrid.es\/decidemadrid\/2025\/09\/03\/innovacion-y-bienestar-en-la-rehabilitacion-de-la-columna-vertebral\/\"]}]},{\"@type\":\"BreadcrumbList\",\"@id\":\"https:\/\/diario.madrid.es\/decidemadrid\/2025\/09\/03\/innovacion-y-bienestar-en-la-rehabilitacion-de-la-columna-vertebral\/#breadcrumb\",\"itemListElement\":[{\"@type\":\"ListItem\",\"position\":1,\"name\":\"Portada\",\"item\":\"https:\/\/diario.madrid.es\/decidemadrid\/\"},{\"@type\":\"ListItem\",\"position\":2,\"name\":\"Innovaci\u00f3n y bienestar en la rehabilitaci\u00f3n de la columna vertebral\"}]},{\"@type\":\"WebSite\",\"@id\":\"https:\/\/diario.madrid.es\/decidemadrid\/#website\",\"url\":\"https:\/\/diario.madrid.es\/decidemadrid\/\",\"name\":\"Decide Madrid\",\"description\":\"Blog de Participaci\u00f3n Ciudadana del Ayuntamiento de Madrid\",\"potentialAction\":[{\"@type\":\"SearchAction\",\"target\":{\"@type\":\"EntryPoint\",\"urlTemplate\":\"https:\/\/diario.madrid.es\/decidemadrid\/?s={search_term_string}\"},\"query-input\":{\"@type\":\"PropertyValueSpecification\",\"valueRequired\":true,\"valueName\":\"search_term_string\"}}],\"inLanguage\":\"es\"},{\"@type\":\"Person\",\"@id\":\"https:\/\/diario.madrid.es\/decidemadrid\/#\/schema\/person\/a0018a37d4af777c31256063fd89363d\",\"name\":\"gobabierto\",\"image\":{\"@type\":\"ImageObject\",\"inLanguage\":\"es\",\"@id\":\"https:\/\/diario.madrid.es\/decidemadrid\/#\/schema\/person\/image\/\",\"url\":\"https:\/\/secure.gravatar.com\/avatar\/51186ba4d0098ad7548dfe94df68e208bdf6224aadf672f6cbcafcec90cd48cc?s=96&d=mm&r=g\",\"contentUrl\":\"https:\/\/secure.gravatar.com\/avatar\/51186ba4d0098ad7548dfe94df68e208bdf6224aadf672f6cbcafcec90cd48cc?s=96&d=mm&r=g\",\"caption\":\"gobabierto\"},\"url\":\"https:\/\/diario.madrid.es\/decidemadrid\/author\/gobabierto\/\"}]}<\/script>\n<!-- \/ Yoast SEO Premium plugin. -->","yoast_head_json":{"title":"Innovaci\u00f3n y bienestar en la rehabilitaci\u00f3n de la columna vertebral - Decide Madrid","robots":{"index":"index","follow":"follow","max-snippet":"max-snippet:-1","max-image-preview":"max-image-preview:large","max-video-preview":"max-video-preview:-1"},"canonical":"https:\/\/diario.madrid.es\/decidemadrid\/2025\/09\/03\/innovacion-y-bienestar-en-la-rehabilitacion-de-la-columna-vertebral\/","og_locale":"es_ES","og_type":"article","og_title":"Innovaci\u00f3n y bienestar en la rehabilitaci\u00f3n de la columna vertebral","og_description":"En la vanguardia de la medicina f\u00edsica y rehabilitaci\u00f3n, la atenci\u00f3n a la salud de la columna vertebral ha alcanzado niveles sin precedentes. La integraci\u00f3n de t\u00e9cnicas avanzadas, tecnolog\u00eda de vanguardia y enfoques hol\u00edsticos ha transformado la forma en que abordamos lesiones, dolor cr\u00f3nico y disfunciones vertebrales. Este escenario requiere no solo de un conocimiento [&hellip;]","og_url":"https:\/\/diario.madrid.es\/decidemadrid\/2025\/09\/03\/innovacion-y-bienestar-en-la-rehabilitacion-de-la-columna-vertebral\/","og_site_name":"Decide Madrid","article_published_time":"2025-09-03T00:27:49+00:00","article_modified_time":"2026-09-03T00:27:51+00:00","author":"gobabierto","twitter_card":"summary_large_image","twitter_misc":{"Escrito por":"gobabierto","Tiempo de lectura":"3 minutos"},"schema":{"@context":"https:\/\/schema.org","@graph":[{"@type":"WebPage","@id":"https:\/\/diario.madrid.es\/decidemadrid\/2025\/09\/03\/innovacion-y-bienestar-en-la-rehabilitacion-de-la-columna-vertebral\/","url":"https:\/\/diario.madrid.es\/decidemadrid\/2025\/09\/03\/innovacion-y-bienestar-en-la-rehabilitacion-de-la-columna-vertebral\/","name":"Innovaci\u00f3n y bienestar en la rehabilitaci\u00f3n de la columna vertebral - Decide Madrid","isPartOf":{"@id":"https:\/\/diario.madrid.es\/decidemadrid\/#website"},"datePublished":"2025-09-03T00:27:49+00:00","dateModified":"2026-09-03T00:27:51+00:00","author":{"@id":"https:\/\/diario.madrid.es\/decidemadrid\/#\/schema\/person\/a0018a37d4af777c31256063fd89363d"},"breadcrumb":{"@id":"https:\/\/diario.madrid.es\/decidemadrid\/2025\/09\/03\/innovacion-y-bienestar-en-la-rehabilitacion-de-la-columna-vertebral\/#breadcrumb"},"inLanguage":"es","potentialAction":[{"@type":"ReadAction","target":["https:\/\/diario.madrid.es\/decidemadrid\/2025\/09\/03\/innovacion-y-bienestar-en-la-rehabilitacion-de-la-columna-vertebral\/"]}]},{"@type":"BreadcrumbList","@id":"https:\/\/diario.madrid.es\/decidemadrid\/2025\/09\/03\/innovacion-y-bienestar-en-la-rehabilitacion-de-la-columna-vertebral\/#breadcrumb","itemListElement":[{"@type":"ListItem","position":1,"name":"Portada","item":"https:\/\/diario.madrid.es\/decidemadrid\/"},{"@type":"ListItem","position":2,"name":"Innovaci\u00f3n y bienestar en la rehabilitaci\u00f3n de la columna vertebral"}]},{"@type":"WebSite","@id":"https:\/\/diario.madrid.es\/decidemadrid\/#website","url":"https:\/\/diario.madrid.es\/decidemadrid\/","name":"Decide Madrid","description":"Blog de Participaci\u00f3n Ciudadana del Ayuntamiento de Madrid","potentialAction":[{"@type":"SearchAction","target":{"@type":"EntryPoint","urlTemplate":"https:\/\/diario.madrid.es\/decidemadrid\/?s={search_term_string}"},"query-input":{"@type":"PropertyValueSpecification","valueRequired":true,"valueName":"search_term_string"}}],"inLanguage":"es"},{"@type":"Person","@id":"https:\/\/diario.madrid.es\/decidemadrid\/#\/schema\/person\/a0018a37d4af777c31256063fd89363d","name":"gobabierto","image":{"@type":"ImageObject","inLanguage":"es","@id":"https:\/\/diario.madrid.es\/decidemadrid\/#\/schema\/person\/image\/","url":"https:\/\/secure.gravatar.com\/avatar\/51186ba4d0098ad7548dfe94df68e208bdf6224aadf672f6cbcafcec90cd48cc?s=96&d=mm&r=g","contentUrl":"https:\/\/secure.gravatar.com\/avatar\/51186ba4d0098ad7548dfe94df68e208bdf6224aadf672f6cbcafcec90cd48cc?s=96&d=mm&r=g","caption":"gobabierto"},"url":"https:\/\/diario.madrid.es\/decidemadrid\/author\/gobabierto\/"}]}},"_links":{"self":[{"href":"https:\/\/diario.madrid.es\/decidemadrid\/wp-json\/wp\/v2\/posts\/12152","targetHints":{"allow":["GET"]}}],"collection":[{"href":"https:\/\/diario.madrid.es\/decidemadrid\/wp-json\/wp\/v2\/posts"}],"about":[{"href":"https:\/\/diario.madrid.es\/decidemadrid\/wp-json\/wp\/v2\/types\/post"}],"author":[{"embeddable":true,"href":"https:\/\/diario.madrid.es\/decidemadrid\/wp-json\/wp\/v2\/users\/161"}],"replies":[{"embeddable":true,"href":"https:\/\/diario.madrid.es\/decidemadrid\/wp-json\/wp\/v2\/comments?post=12152"}],"version-history":[{"count":1,"href":"https:\/\/diario.madrid.es\/decidemadrid\/wp-json\/wp\/v2\/posts\/12152\/revisions"}],"predecessor-version":[{"id":12153,"href":"https:\/\/diario.madrid.es\/decidemadrid\/wp-json\/wp\/v2\/posts\/12152\/revisions\/12153"}],"wp:attachment":[{"href":"https:\/\/diario.madrid.es\/decidemadrid\/wp-json\/wp\/v2\/media?parent=12152"}],"wp:term":[{"taxonomy":"category","embeddable":true,"href":"https:\/\/diario.madrid.es\/decidemadrid\/wp-json\/wp\/v2\/categories?post=12152"},{"taxonomy":"post_tag","embeddable":true,"href":"https:\/\/diario.madrid.es\/decidemadrid\/wp-json\/wp\/v2\/tags?post=12152"}],"curies":[{"name":"wp","href":"https:\/\/api.w.org\/{rel}","templated":true}]}}