{"id":11255,"date":"2025-09-02T10:44:58","date_gmt":"2025-09-02T08:44:58","guid":{"rendered":"https:\/\/diario.madrid.es\/decidemadrid\/?p=11255"},"modified":"2026-09-02T10:44:59","modified_gmt":"2026-09-02T08:44:59","slug":"digital-journaling-och-integritet-hur-premium-appar-forma-var-sjalvreflektion","status":"publish","type":"post","link":"https:\/\/diario.madrid.es\/decidemadrid\/2025\/09\/02\/digital-journaling-och-integritet-hur-premium-appar-forma-var-sjalvreflektion\/","title":{"rendered":"Digital Journaling och Integritet: Hur Premium Appar Forma V\u00e5r Sj\u00e4lvreflektion"},"content":{"rendered":"<article>\n<p>I dagens digitala epok har textbaserade sj\u00e4lvreflekterande verktyg f\u00f6rv\u00e4ntats vara enkla att anv\u00e4nda, men st\u00f6rst framg\u00e5ng n\u00e5r de som samtidigt erbjuder trygghet och integritet. Sj\u00e4lvklart v\u00e4cker detta ett intresse f\u00f6r avancerade, ofta premium, digitala journalingl\u00f6sningar som kan bidra till en djupare sj\u00e4lvutveckling \u2013 utan att kompromissa med datas\u00e4kerheten.<\/p>\n<h2>Evolutionen av Digital Journaling: Fr\u00e5n Papper till Premium Appar<\/h2>\n<p>Historiskt har sj\u00e4lvreflektion och dagboksf\u00f6ring varit en central del av sj\u00e4lvutveckling, fr\u00e5n antikens filosofier till moderna psykologiska metoder. N\u00e4r teknologin blev mer tillg\u00e4nglig, flyttade mycket av denna praxis till digitala medier. Denna utveckling m\u00f6jliggjorde inte bara enklare arkivering, utan ocks\u00e5 nya m\u00f6jligheter f\u00f6r integrerad analys och s\u00e4kerhet.<\/p>\n<p>Men den \u00f6kade teknologiska komplexiteten betyder ocks\u00e5 att v\u00e5r digitala sj\u00e4lvreflektion kr\u00e4ver verktyg som kombinerar tillf\u00f6rlitlighet, anv\u00e4ndarv\u00e4nlighet och integritet. Det \u00e4r h\u00e4r premium-appar tar plats \u2014 l\u00f6sningar som \u00e4r designade f\u00f6r att skydda data, samtidigt som de erbjuder funktioner f\u00f6r att st\u00f6dja djuplodande reflektion.<\/p>\n<h2>Betydelsen av Datas\u00e4kerhet i Digitala Journalingverktyg<\/h2>\n<table>\n<tr>\n<th>Faktor<\/th>\n<th>Betydelse<\/th>\n<th>Exempel<\/th>\n<\/tr>\n<tr>\n<td><strong>End-to-end-kryptering<\/strong><\/td>\n<td>S\u00e4kerst\u00e4ller att endast anv\u00e4ndaren och avsedda mottagare kan l\u00e4sa inneh\u00e5llet<\/td>\n<td>Implementeras av appar som Memory Jar Private Journal<\/td>\n<\/tr>\n<tr>\n<td><strong>Anv\u00e4ndarautentisering<\/strong><\/td>\n<td>Skyddar journalen fr\u00e5n obeh\u00f6rig \u00e5tkomst<\/td>\n<td>Biometriska l\u00e5s, l\u00f6senord, multifaktorautentisering<\/td>\n<\/tr>\n<tr>\n<td><strong>Data\u00e4gandeskap<\/strong><\/td>\n<td>Ger anv\u00e4ndaren kontroll \u00f6ver sina data och hur de lagras<\/td>\n<td>Lokala enheter eller krypterad molnlagring<\/td>\n<\/tr>\n<\/table>\n<p>Att g\u00f6ra dessa element till en del av den dagliga journaling-upplevelsen inneb\u00e4r att anv\u00e4ndare kan k\u00e4nna sig s\u00e4kra samtidigt som de utforskar sina innersta tankar.<\/p>\n<h2>Hur Innovativa Appar Skiljer Sig<\/h2>\n<p>De b\u00e4sta appar f\u00f6r digital journaling inkluderar funktioner som hj\u00e4lper anv\u00e4ndare att f\u00f6rb\u00e4ttra insiktsniv\u00e5n, samtidigt som de prioriterar datas\u00e4kerhet. Detta inkluderar ofta anpassningsbara teman, kodade dagboksperioder eller till och med m\u00f6jligheten att skapa krypterade journalblock.<\/p>\n<p>Ett exempel p\u00e5 en avancerad l\u00f6sning \u00e4r <a href=\"https:\/\/memoryjarprivatejournal.app\/sv\/\" title=\"Memory Jar Private Journal webbapp f\u00f6r Android\">Memory Jar Private Journal webbapp f\u00f6r Android<\/a>. Denna plattform representerar en modern kombination av anv\u00e4ndarv\u00e4nlighet, h\u00f6g datas\u00e4kerhet och anpassningsbar design \u2014 vilket g\u00f6r den till ett idealiskt verktyg f\u00f6r den medvetna brukaren.<\/p>\n<div class=\"callout\">\n<p><strong>Nyckelfaktorer f\u00f6r ett framg\u00e5ngsrikt digitalt journaling:<\/strong> S\u00e4kerhet, tillg\u00e4nglighet, intuitiv design och m\u00f6jligheten till sj\u00e4lvreflektion utan begr\u00e4nsningar.<\/p>\n<\/div>\n<h2>Framtiden f\u00f6r Digital Sj\u00e4lvreflektion: Integration och AI<\/h2>\n<p>Med teknologiska framsteg s\u00e5som artificiell intelligens f\u00f6rv\u00e4ntas journaling-verktyg bli \u00e4nnu mer personligt anpassade och insiktsdrivna. AI kan hj\u00e4lpa till att identifiera m\u00f6nster i tankar och k\u00e4nslor, men detta b\u00f6r g\u00f6ras med st\u00f6rsta respekt f\u00f6r anv\u00e4ndarens integritet.<\/p>\n<p>Premiuml\u00f6sningar anpassar d\u00e4rf\u00f6r sina funktioner f\u00f6r att underl\u00e4tta detta, samtidigt som de f\u00f6rs\u00e4krar att all data f\u00f6rblir privilegium f\u00f6r anv\u00e4ndaren. Att v\u00e4lja r\u00e4tt app \u00e4r den f\u00f6rsta steget mot en f\u00f6rdjupad, s\u00e4ker sj\u00e4lvreflektion.<\/p>\n<h2>Slutsats: En S\u00e4ker Resa in i Sj\u00e4lvet<\/h2>\n<p>Att integrera avancerade digitala verktyg i sj\u00e4lvreflektion inneb\u00e4r att balansen mellan funktion och s\u00e4kerhet \u00e4r fundamental. Plattformar som Memory Jar Private Journal webbapp f\u00f6r Android visar hur detta kan g\u00f6ras till en konstform \u2014 en som st\u00e4rker anv\u00e4ndaren i att utforska sin inre v\u00e4rld, trygg i vetskapen om att data \u00e4r s\u00e4kert skyddad.<\/p>\n<p>F\u00f6r den seri\u00f6sa anv\u00e4ndaren som s\u00f6ker ett p\u00e5litligt och avancerat journalingverktyg, blir valet av plattform en investering i mental h\u00e4lsa, sj\u00e4lvdisciplin och personlig utveckling \u2014 i en digital v\u00e4rld som kr\u00e4ver st\u00f6rre integritetsmedvetenhet \u00e4n n\u00e5gonsin tidigare.<\/p>\n<\/article>\n","protected":false},"excerpt":{"rendered":"<p>I dagens digitala epok har textbaserade sj\u00e4lvreflekterande verktyg f\u00f6rv\u00e4ntats vara enkla att anv\u00e4nda, men st\u00f6rst framg\u00e5ng n\u00e5r de som samtidigt erbjuder trygghet och integritet. Sj\u00e4lvklart v\u00e4cker detta ett intresse f\u00f6r avancerade, ofta premium, digitala journalingl\u00f6sningar som kan bidra till en djupare sj\u00e4lvutveckling \u2013 utan att kompromissa med datas\u00e4kerheten. Evolutionen av Digital Journaling: Fr\u00e5n Papper till [&hellip;]<\/p>\n","protected":false},"author":161,"featured_media":0,"comment_status":"closed","ping_status":"closed","sticky":false,"template":"","format":"standard","meta":{"footnotes":""},"categories":[1],"tags":[],"class_list":["post-11255","post","type-post","status-publish","format-standard","hentry","category-procesos-participativos","no-thumbnail"],"yoast_head":"<!-- This site is optimized with the Yoast SEO Premium plugin v25.4 (Yoast SEO v26.4) - https:\/\/yoast.com\/wordpress\/plugins\/seo\/ -->\n<title>Digital Journaling och Integritet: Hur Premium Appar Forma V\u00e5r Sj\u00e4lvreflektion - Decide Madrid<\/title>\n<meta name=\"robots\" content=\"index, follow, max-snippet:-1, max-image-preview:large, max-video-preview:-1\" \/>\n<link rel=\"canonical\" href=\"https:\/\/diario.madrid.es\/decidemadrid\/2025\/09\/02\/digital-journaling-och-integritet-hur-premium-appar-forma-var-sjalvreflektion\/\" \/>\n<meta property=\"og:locale\" content=\"es_ES\" \/>\n<meta property=\"og:type\" content=\"article\" \/>\n<meta property=\"og:title\" content=\"Digital Journaling och Integritet: Hur Premium Appar Forma V\u00e5r Sj\u00e4lvreflektion\" \/>\n<meta property=\"og:description\" content=\"I dagens digitala epok har textbaserade sj\u00e4lvreflekterande verktyg f\u00f6rv\u00e4ntats vara enkla att anv\u00e4nda, men st\u00f6rst framg\u00e5ng n\u00e5r de som samtidigt erbjuder trygghet och integritet. Sj\u00e4lvklart v\u00e4cker detta ett intresse f\u00f6r avancerade, ofta premium, digitala journalingl\u00f6sningar som kan bidra till en djupare sj\u00e4lvutveckling \u2013 utan att kompromissa med datas\u00e4kerheten. Evolutionen av Digital Journaling: Fr\u00e5n Papper till [&hellip;]\" \/>\n<meta property=\"og:url\" content=\"https:\/\/diario.madrid.es\/decidemadrid\/2025\/09\/02\/digital-journaling-och-integritet-hur-premium-appar-forma-var-sjalvreflektion\/\" \/>\n<meta property=\"og:site_name\" content=\"Decide Madrid\" \/>\n<meta property=\"article:published_time\" content=\"2025-09-02T08:44:58+00:00\" \/>\n<meta property=\"article:modified_time\" content=\"2026-09-02T08:44:59+00:00\" \/>\n<meta name=\"author\" content=\"gobabierto\" \/>\n<meta name=\"twitter:card\" content=\"summary_large_image\" \/>\n<meta name=\"twitter:label1\" content=\"Escrito por\" \/>\n\t<meta name=\"twitter:data1\" content=\"gobabierto\" \/>\n\t<meta name=\"twitter:label2\" content=\"Tiempo de lectura\" \/>\n\t<meta name=\"twitter:data2\" content=\"3 minutos\" \/>\n<script type=\"application\/ld+json\" class=\"yoast-schema-graph\">{\"@context\":\"https:\/\/schema.org\",\"@graph\":[{\"@type\":\"WebPage\",\"@id\":\"https:\/\/diario.madrid.es\/decidemadrid\/2025\/09\/02\/digital-journaling-och-integritet-hur-premium-appar-forma-var-sjalvreflektion\/\",\"url\":\"https:\/\/diario.madrid.es\/decidemadrid\/2025\/09\/02\/digital-journaling-och-integritet-hur-premium-appar-forma-var-sjalvreflektion\/\",\"name\":\"Digital Journaling och Integritet: Hur Premium Appar Forma V\u00e5r Sj\u00e4lvreflektion - Decide Madrid\",\"isPartOf\":{\"@id\":\"https:\/\/diario.madrid.es\/decidemadrid\/#website\"},\"datePublished\":\"2025-09-02T08:44:58+00:00\",\"dateModified\":\"2026-09-02T08:44:59+00:00\",\"author\":{\"@id\":\"https:\/\/diario.madrid.es\/decidemadrid\/#\/schema\/person\/a0018a37d4af777c31256063fd89363d\"},\"breadcrumb\":{\"@id\":\"https:\/\/diario.madrid.es\/decidemadrid\/2025\/09\/02\/digital-journaling-och-integritet-hur-premium-appar-forma-var-sjalvreflektion\/#breadcrumb\"},\"inLanguage\":\"es\",\"potentialAction\":[{\"@type\":\"ReadAction\",\"target\":[\"https:\/\/diario.madrid.es\/decidemadrid\/2025\/09\/02\/digital-journaling-och-integritet-hur-premium-appar-forma-var-sjalvreflektion\/\"]}]},{\"@type\":\"BreadcrumbList\",\"@id\":\"https:\/\/diario.madrid.es\/decidemadrid\/2025\/09\/02\/digital-journaling-och-integritet-hur-premium-appar-forma-var-sjalvreflektion\/#breadcrumb\",\"itemListElement\":[{\"@type\":\"ListItem\",\"position\":1,\"name\":\"Portada\",\"item\":\"https:\/\/diario.madrid.es\/decidemadrid\/\"},{\"@type\":\"ListItem\",\"position\":2,\"name\":\"Digital Journaling och Integritet: Hur Premium Appar Forma V\u00e5r Sj\u00e4lvreflektion\"}]},{\"@type\":\"WebSite\",\"@id\":\"https:\/\/diario.madrid.es\/decidemadrid\/#website\",\"url\":\"https:\/\/diario.madrid.es\/decidemadrid\/\",\"name\":\"Decide Madrid\",\"description\":\"Blog de Participaci\u00f3n Ciudadana del Ayuntamiento de Madrid\",\"potentialAction\":[{\"@type\":\"SearchAction\",\"target\":{\"@type\":\"EntryPoint\",\"urlTemplate\":\"https:\/\/diario.madrid.es\/decidemadrid\/?s={search_term_string}\"},\"query-input\":{\"@type\":\"PropertyValueSpecification\",\"valueRequired\":true,\"valueName\":\"search_term_string\"}}],\"inLanguage\":\"es\"},{\"@type\":\"Person\",\"@id\":\"https:\/\/diario.madrid.es\/decidemadrid\/#\/schema\/person\/a0018a37d4af777c31256063fd89363d\",\"name\":\"gobabierto\",\"image\":{\"@type\":\"ImageObject\",\"inLanguage\":\"es\",\"@id\":\"https:\/\/diario.madrid.es\/decidemadrid\/#\/schema\/person\/image\/\",\"url\":\"https:\/\/secure.gravatar.com\/avatar\/51186ba4d0098ad7548dfe94df68e208bdf6224aadf672f6cbcafcec90cd48cc?s=96&d=mm&r=g\",\"contentUrl\":\"https:\/\/secure.gravatar.com\/avatar\/51186ba4d0098ad7548dfe94df68e208bdf6224aadf672f6cbcafcec90cd48cc?s=96&d=mm&r=g\",\"caption\":\"gobabierto\"},\"url\":\"https:\/\/diario.madrid.es\/decidemadrid\/author\/gobabierto\/\"}]}<\/script>\n<!-- \/ Yoast SEO Premium plugin. -->","yoast_head_json":{"title":"Digital Journaling och Integritet: Hur Premium Appar Forma V\u00e5r Sj\u00e4lvreflektion - Decide Madrid","robots":{"index":"index","follow":"follow","max-snippet":"max-snippet:-1","max-image-preview":"max-image-preview:large","max-video-preview":"max-video-preview:-1"},"canonical":"https:\/\/diario.madrid.es\/decidemadrid\/2025\/09\/02\/digital-journaling-och-integritet-hur-premium-appar-forma-var-sjalvreflektion\/","og_locale":"es_ES","og_type":"article","og_title":"Digital Journaling och Integritet: Hur Premium Appar Forma V\u00e5r Sj\u00e4lvreflektion","og_description":"I dagens digitala epok har textbaserade sj\u00e4lvreflekterande verktyg f\u00f6rv\u00e4ntats vara enkla att anv\u00e4nda, men st\u00f6rst framg\u00e5ng n\u00e5r de som samtidigt erbjuder trygghet och integritet. Sj\u00e4lvklart v\u00e4cker detta ett intresse f\u00f6r avancerade, ofta premium, digitala journalingl\u00f6sningar som kan bidra till en djupare sj\u00e4lvutveckling \u2013 utan att kompromissa med datas\u00e4kerheten. Evolutionen av Digital Journaling: Fr\u00e5n Papper till [&hellip;]","og_url":"https:\/\/diario.madrid.es\/decidemadrid\/2025\/09\/02\/digital-journaling-och-integritet-hur-premium-appar-forma-var-sjalvreflektion\/","og_site_name":"Decide Madrid","article_published_time":"2025-09-02T08:44:58+00:00","article_modified_time":"2026-09-02T08:44:59+00:00","author":"gobabierto","twitter_card":"summary_large_image","twitter_misc":{"Escrito por":"gobabierto","Tiempo de lectura":"3 minutos"},"schema":{"@context":"https:\/\/schema.org","@graph":[{"@type":"WebPage","@id":"https:\/\/diario.madrid.es\/decidemadrid\/2025\/09\/02\/digital-journaling-och-integritet-hur-premium-appar-forma-var-sjalvreflektion\/","url":"https:\/\/diario.madrid.es\/decidemadrid\/2025\/09\/02\/digital-journaling-och-integritet-hur-premium-appar-forma-var-sjalvreflektion\/","name":"Digital Journaling och Integritet: Hur Premium Appar Forma V\u00e5r Sj\u00e4lvreflektion - Decide Madrid","isPartOf":{"@id":"https:\/\/diario.madrid.es\/decidemadrid\/#website"},"datePublished":"2025-09-02T08:44:58+00:00","dateModified":"2026-09-02T08:44:59+00:00","author":{"@id":"https:\/\/diario.madrid.es\/decidemadrid\/#\/schema\/person\/a0018a37d4af777c31256063fd89363d"},"breadcrumb":{"@id":"https:\/\/diario.madrid.es\/decidemadrid\/2025\/09\/02\/digital-journaling-och-integritet-hur-premium-appar-forma-var-sjalvreflektion\/#breadcrumb"},"inLanguage":"es","potentialAction":[{"@type":"ReadAction","target":["https:\/\/diario.madrid.es\/decidemadrid\/2025\/09\/02\/digital-journaling-och-integritet-hur-premium-appar-forma-var-sjalvreflektion\/"]}]},{"@type":"BreadcrumbList","@id":"https:\/\/diario.madrid.es\/decidemadrid\/2025\/09\/02\/digital-journaling-och-integritet-hur-premium-appar-forma-var-sjalvreflektion\/#breadcrumb","itemListElement":[{"@type":"ListItem","position":1,"name":"Portada","item":"https:\/\/diario.madrid.es\/decidemadrid\/"},{"@type":"ListItem","position":2,"name":"Digital Journaling och Integritet: Hur Premium Appar Forma V\u00e5r Sj\u00e4lvreflektion"}]},{"@type":"WebSite","@id":"https:\/\/diario.madrid.es\/decidemadrid\/#website","url":"https:\/\/diario.madrid.es\/decidemadrid\/","name":"Decide Madrid","description":"Blog de Participaci\u00f3n Ciudadana del Ayuntamiento de Madrid","potentialAction":[{"@type":"SearchAction","target":{"@type":"EntryPoint","urlTemplate":"https:\/\/diario.madrid.es\/decidemadrid\/?s={search_term_string}"},"query-input":{"@type":"PropertyValueSpecification","valueRequired":true,"valueName":"search_term_string"}}],"inLanguage":"es"},{"@type":"Person","@id":"https:\/\/diario.madrid.es\/decidemadrid\/#\/schema\/person\/a0018a37d4af777c31256063fd89363d","name":"gobabierto","image":{"@type":"ImageObject","inLanguage":"es","@id":"https:\/\/diario.madrid.es\/decidemadrid\/#\/schema\/person\/image\/","url":"https:\/\/secure.gravatar.com\/avatar\/51186ba4d0098ad7548dfe94df68e208bdf6224aadf672f6cbcafcec90cd48cc?s=96&d=mm&r=g","contentUrl":"https:\/\/secure.gravatar.com\/avatar\/51186ba4d0098ad7548dfe94df68e208bdf6224aadf672f6cbcafcec90cd48cc?s=96&d=mm&r=g","caption":"gobabierto"},"url":"https:\/\/diario.madrid.es\/decidemadrid\/author\/gobabierto\/"}]}},"_links":{"self":[{"href":"https:\/\/diario.madrid.es\/decidemadrid\/wp-json\/wp\/v2\/posts\/11255","targetHints":{"allow":["GET"]}}],"collection":[{"href":"https:\/\/diario.madrid.es\/decidemadrid\/wp-json\/wp\/v2\/posts"}],"about":[{"href":"https:\/\/diario.madrid.es\/decidemadrid\/wp-json\/wp\/v2\/types\/post"}],"author":[{"embeddable":true,"href":"https:\/\/diario.madrid.es\/decidemadrid\/wp-json\/wp\/v2\/users\/161"}],"replies":[{"embeddable":true,"href":"https:\/\/diario.madrid.es\/decidemadrid\/wp-json\/wp\/v2\/comments?post=11255"}],"version-history":[{"count":1,"href":"https:\/\/diario.madrid.es\/decidemadrid\/wp-json\/wp\/v2\/posts\/11255\/revisions"}],"predecessor-version":[{"id":11257,"href":"https:\/\/diario.madrid.es\/decidemadrid\/wp-json\/wp\/v2\/posts\/11255\/revisions\/11257"}],"wp:attachment":[{"href":"https:\/\/diario.madrid.es\/decidemadrid\/wp-json\/wp\/v2\/media?parent=11255"}],"wp:term":[{"taxonomy":"category","embeddable":true,"href":"https:\/\/diario.madrid.es\/decidemadrid\/wp-json\/wp\/v2\/categories?post=11255"},{"taxonomy":"post_tag","embeddable":true,"href":"https:\/\/diario.madrid.es\/decidemadrid\/wp-json\/wp\/v2\/tags?post=11255"}],"curies":[{"name":"wp","href":"https:\/\/api.w.org\/{rel}","templated":true}]}}