{"id":11252,"date":"2025-09-02T10:33:29","date_gmt":"2025-09-02T08:33:29","guid":{"rendered":"https:\/\/diario.madrid.es\/decidemadrid\/?p=11252"},"modified":"2026-09-02T10:33:31","modified_gmt":"2026-09-02T08:33:31","slug":"forstaelse-af-digitale-vanevaerktojer-en-guide-til-baeredygtig-personlig-udvikling","status":"publish","type":"post","link":"https:\/\/diario.madrid.es\/decidemadrid\/2025\/09\/02\/forstaelse-af-digitale-vanevaerktojer-en-guide-til-baeredygtig-personlig-udvikling\/","title":{"rendered":"Forst\u00e5else af digitale vanev\u00e6rkt\u00f8jer: En guide til b\u00e6redygtig personlig udvikling"},"content":{"rendered":"<p>Moderne livsstil og konstante digitale p\u00e5virkninger har revolutioneret hvordan vi arbejder p\u00e5 vores vaner og personlige m\u00e5l. I takt med at teknologien bliver mere integreret i vores daglige rutiner, opst\u00e5r sp\u00f8rgsm\u00e5let: Hvordan kan vi bedst bruge apps og digitale v\u00e6rkt\u00f8jer til at underst\u00f8tte langsigtet adf\u00e6rds\u00e6ndring?<\/p>\n<h2>Vigtigheden af evidensbaserede digitale v\u00e6rkt\u00f8jer<\/h2>\n<p>Over de seneste \u00e5r har forskningen indenfor adf\u00e6rds\u00e6ndring og vanebygning vist, at strukturerede digitale platforme kan hj\u00e6lpe med at forbedre produktiviteten, mental sundhed og trivsel. For eksempel underst\u00f8tter metoder som *trend tracking*, *selvmonitorering* og *gamification* evidens for at \u00f8ge vedholdenhed i vanedannelse.<\/p>\n<p>Et afg\u00f8rende aspekt er, at de bedst fungerende apps har indarbejdet principper fra kognitiv adf\u00e6rds\u00e6ndring, herunder tydelige m\u00e5l, feedback-loop&#8217;s og motiverende bel\u00f8nningssystemer. Her kan dedikerede v\u00e6rkt\u00f8jer som Habit Hub Booster spille en v\u00e6sentlig rolle.<\/p>\n<h2>Digitale v\u00e6rkt\u00f8jer som en integreret del af personlig udvikling<\/h2>\n<p>Udviklingen indenfor vanebygning underst\u00f8ttes i stigende grad af specialiserede apps, der hj\u00e6lper brugere med at kortl\u00e6gge, analysere og justere deres adf\u00e6rd. Det g\u00e6lder ikke mindst for personer, der s\u00f8ger langsigtede resultater frem for midlertidige l\u00f8sninger. Det er her, burde vi se p\u00e5 vigtigheden af kvalitet og trov\u00e6rdighed i de digitale l\u00f8sninger, vi anvender.<\/p>\n<h2>Praktiske eksempler og forskningsdata<\/h2>\n<table>\n<thead>\n<tr>\n<th>V\u00e6rkt\u00f8j<\/th>\n<th>Prim\u00e6re funktioner<\/th>\n<th>Forskningsevidens<\/th>\n<\/tr>\n<\/thead>\n<tbody>\n<tr>\n<td><strong>Habit Tracker Apps<\/strong><\/td>\n<td>Daglig overv\u00e5gning, p\u00e5mindelser, statistik<\/td>\n<td>\u00d8ger sandsynligheden for vaneoverholdelse med op til 30%<\/td>\n<\/tr>\n<tr>\n<td><strong>Gamification Platforme<\/strong><\/td>\n<td>Bel\u00f8nningssystemer, konkurrence, m\u00e5l<\/td>\n<td>Motiverer brugere gennem selvefficacy og engagement<\/td>\n<\/tr>\n<\/tbody>\n<\/table>\n<p>En unders\u00f8gelse udgivet i <em>Journal of Behavioral Medicine<\/em> viser, at regelm\u00e6ssig brug af vanebygger-apps kan f\u00f8re til forbedret livskvalitet, is\u00e6r n\u00e5r de kombineres med st\u00f8ttende f\u00e6llesskaber og selvrefleksion.<\/p>\n<h2>Indf\u00f8relsen af digital vaneadministration i professionelle rammer<\/h2>\n<p>Selskaber og organisationer har i stigende grad anerkendt potentialet i at underst\u00f8tte medarbejderes personlige v\u00e6kst gennem digitale v\u00e6rkt\u00f8jer. En unders\u00f8gelse fra 2022 viser, at medarbejdere, der bruger personlige vaneapp\u2019er, oplever st\u00f8rre jobtilfredshed og bedre balance mellem arbejde og fritid.<\/p>\n<h2>Fremtidens personlige udvikling: Integration og personalisering<\/h2>\n<p>Det er tydeligt, at succesfuld vane\u00e6ndring i h\u00f8j grad afh\u00e6nger af appens evne til at tilpasse sig den enkelte bruger. Dette kr\u00e6ver avanceret dataanalyse, AI-drevne anbefalinger og intuitiv brugertilpasning. Ansvaret ligger dog ogs\u00e5 hos udviklere og udbydere for at sikre, at disse v\u00e6rkt\u00f8jer er trov\u00e6rdige og videnskabeligt funderede.<\/p>\n<p>Hvis du \u00f8nsker at tage kontrollen over dine vaner med et p\u00e5lideligt digitalt v\u00e6rkt\u00f8j, kan du med fordel <a href=\"https:\/\/habithubbooster.app\/da\/\">download Habit Hub Booster til Android<\/a>. Dette v\u00e6rkt\u00f8j er designet ud fra den nyeste forskning og praksis for at hj\u00e6lpe dig med at skabe vedvarende forandring.<\/p>\n<h2>Konklusion: V\u00e6rkt\u00f8jet som en hj\u00f8rnesten i din v\u00e6kstproces<\/h2>\n<p>At v\u00e6lge den rigtige digitale platform kan v\u00e6re forskellen mellem midlertidige motivationsefterligninger og varig livs\u00e6ndring. Det handler om kvalitet, evidensgrundlag og brugercentreret design. N\u00e5r du kombinerer disse elementer, f\u00e5r du et st\u00e6rkt fundament for at opbygge og opretholde de vaner, der driver din personlige og professionelle udvikling.<\/p>\n<blockquote><p>\n  \u00abTeknologisk innovation skal tjene menneskers v\u00e6kst, ikke erstatte den.\u00bb \u2014 <em>Ekspert i digital adf\u00e6rds\u00e6ndring<\/em>\n<\/p><\/blockquote>\n","protected":false},"excerpt":{"rendered":"<p>Moderne livsstil og konstante digitale p\u00e5virkninger har revolutioneret hvordan vi arbejder p\u00e5 vores vaner og personlige m\u00e5l. I takt med at teknologien bliver mere integreret i vores daglige rutiner, opst\u00e5r sp\u00f8rgsm\u00e5let: Hvordan kan vi bedst bruge apps og digitale v\u00e6rkt\u00f8jer til at underst\u00f8tte langsigtet adf\u00e6rds\u00e6ndring? Vigtigheden af evidensbaserede digitale v\u00e6rkt\u00f8jer Over de seneste \u00e5r har [&hellip;]<\/p>\n","protected":false},"author":161,"featured_media":0,"comment_status":"closed","ping_status":"closed","sticky":false,"template":"","format":"standard","meta":{"footnotes":""},"categories":[1],"tags":[],"class_list":["post-11252","post","type-post","status-publish","format-standard","hentry","category-procesos-participativos","no-thumbnail"],"yoast_head":"<!-- This site is optimized with the Yoast SEO Premium plugin v25.4 (Yoast SEO v26.4) - https:\/\/yoast.com\/wordpress\/plugins\/seo\/ -->\n<title>Forst\u00e5else af digitale vanev\u00e6rkt\u00f8jer: En guide til b\u00e6redygtig personlig udvikling - Decide Madrid<\/title>\n<meta name=\"robots\" content=\"index, follow, max-snippet:-1, max-image-preview:large, max-video-preview:-1\" \/>\n<link rel=\"canonical\" href=\"https:\/\/diario.madrid.es\/decidemadrid\/2025\/09\/02\/forstaelse-af-digitale-vanevaerktojer-en-guide-til-baeredygtig-personlig-udvikling\/\" \/>\n<meta property=\"og:locale\" content=\"es_ES\" \/>\n<meta property=\"og:type\" content=\"article\" \/>\n<meta property=\"og:title\" content=\"Forst\u00e5else af digitale vanev\u00e6rkt\u00f8jer: En guide til b\u00e6redygtig personlig udvikling\" \/>\n<meta property=\"og:description\" content=\"Moderne livsstil og konstante digitale p\u00e5virkninger har revolutioneret hvordan vi arbejder p\u00e5 vores vaner og personlige m\u00e5l. I takt med at teknologien bliver mere integreret i vores daglige rutiner, opst\u00e5r sp\u00f8rgsm\u00e5let: Hvordan kan vi bedst bruge apps og digitale v\u00e6rkt\u00f8jer til at underst\u00f8tte langsigtet adf\u00e6rds\u00e6ndring? Vigtigheden af evidensbaserede digitale v\u00e6rkt\u00f8jer Over de seneste \u00e5r har [&hellip;]\" \/>\n<meta property=\"og:url\" content=\"https:\/\/diario.madrid.es\/decidemadrid\/2025\/09\/02\/forstaelse-af-digitale-vanevaerktojer-en-guide-til-baeredygtig-personlig-udvikling\/\" \/>\n<meta property=\"og:site_name\" content=\"Decide Madrid\" \/>\n<meta property=\"article:published_time\" content=\"2025-09-02T08:33:29+00:00\" \/>\n<meta property=\"article:modified_time\" content=\"2026-09-02T08:33:31+00:00\" \/>\n<meta name=\"author\" content=\"gobabierto\" \/>\n<meta name=\"twitter:card\" content=\"summary_large_image\" \/>\n<meta name=\"twitter:label1\" content=\"Escrito por\" \/>\n\t<meta name=\"twitter:data1\" content=\"gobabierto\" \/>\n\t<meta name=\"twitter:label2\" content=\"Tiempo de lectura\" \/>\n\t<meta name=\"twitter:data2\" content=\"3 minutos\" \/>\n<script type=\"application\/ld+json\" class=\"yoast-schema-graph\">{\"@context\":\"https:\/\/schema.org\",\"@graph\":[{\"@type\":\"WebPage\",\"@id\":\"https:\/\/diario.madrid.es\/decidemadrid\/2025\/09\/02\/forstaelse-af-digitale-vanevaerktojer-en-guide-til-baeredygtig-personlig-udvikling\/\",\"url\":\"https:\/\/diario.madrid.es\/decidemadrid\/2025\/09\/02\/forstaelse-af-digitale-vanevaerktojer-en-guide-til-baeredygtig-personlig-udvikling\/\",\"name\":\"Forst\u00e5else af digitale vanev\u00e6rkt\u00f8jer: En guide til b\u00e6redygtig personlig udvikling - Decide Madrid\",\"isPartOf\":{\"@id\":\"https:\/\/diario.madrid.es\/decidemadrid\/#website\"},\"datePublished\":\"2025-09-02T08:33:29+00:00\",\"dateModified\":\"2026-09-02T08:33:31+00:00\",\"author\":{\"@id\":\"https:\/\/diario.madrid.es\/decidemadrid\/#\/schema\/person\/a0018a37d4af777c31256063fd89363d\"},\"breadcrumb\":{\"@id\":\"https:\/\/diario.madrid.es\/decidemadrid\/2025\/09\/02\/forstaelse-af-digitale-vanevaerktojer-en-guide-til-baeredygtig-personlig-udvikling\/#breadcrumb\"},\"inLanguage\":\"es\",\"potentialAction\":[{\"@type\":\"ReadAction\",\"target\":[\"https:\/\/diario.madrid.es\/decidemadrid\/2025\/09\/02\/forstaelse-af-digitale-vanevaerktojer-en-guide-til-baeredygtig-personlig-udvikling\/\"]}]},{\"@type\":\"BreadcrumbList\",\"@id\":\"https:\/\/diario.madrid.es\/decidemadrid\/2025\/09\/02\/forstaelse-af-digitale-vanevaerktojer-en-guide-til-baeredygtig-personlig-udvikling\/#breadcrumb\",\"itemListElement\":[{\"@type\":\"ListItem\",\"position\":1,\"name\":\"Portada\",\"item\":\"https:\/\/diario.madrid.es\/decidemadrid\/\"},{\"@type\":\"ListItem\",\"position\":2,\"name\":\"Forst\u00e5else af digitale vanev\u00e6rkt\u00f8jer: En guide til b\u00e6redygtig personlig udvikling\"}]},{\"@type\":\"WebSite\",\"@id\":\"https:\/\/diario.madrid.es\/decidemadrid\/#website\",\"url\":\"https:\/\/diario.madrid.es\/decidemadrid\/\",\"name\":\"Decide Madrid\",\"description\":\"Blog de Participaci\u00f3n Ciudadana del Ayuntamiento de Madrid\",\"potentialAction\":[{\"@type\":\"SearchAction\",\"target\":{\"@type\":\"EntryPoint\",\"urlTemplate\":\"https:\/\/diario.madrid.es\/decidemadrid\/?s={search_term_string}\"},\"query-input\":{\"@type\":\"PropertyValueSpecification\",\"valueRequired\":true,\"valueName\":\"search_term_string\"}}],\"inLanguage\":\"es\"},{\"@type\":\"Person\",\"@id\":\"https:\/\/diario.madrid.es\/decidemadrid\/#\/schema\/person\/a0018a37d4af777c31256063fd89363d\",\"name\":\"gobabierto\",\"image\":{\"@type\":\"ImageObject\",\"inLanguage\":\"es\",\"@id\":\"https:\/\/diario.madrid.es\/decidemadrid\/#\/schema\/person\/image\/\",\"url\":\"https:\/\/secure.gravatar.com\/avatar\/51186ba4d0098ad7548dfe94df68e208bdf6224aadf672f6cbcafcec90cd48cc?s=96&d=mm&r=g\",\"contentUrl\":\"https:\/\/secure.gravatar.com\/avatar\/51186ba4d0098ad7548dfe94df68e208bdf6224aadf672f6cbcafcec90cd48cc?s=96&d=mm&r=g\",\"caption\":\"gobabierto\"},\"url\":\"https:\/\/diario.madrid.es\/decidemadrid\/author\/gobabierto\/\"}]}<\/script>\n<!-- \/ Yoast SEO Premium plugin. -->","yoast_head_json":{"title":"Forst\u00e5else af digitale vanev\u00e6rkt\u00f8jer: En guide til b\u00e6redygtig personlig udvikling - Decide Madrid","robots":{"index":"index","follow":"follow","max-snippet":"max-snippet:-1","max-image-preview":"max-image-preview:large","max-video-preview":"max-video-preview:-1"},"canonical":"https:\/\/diario.madrid.es\/decidemadrid\/2025\/09\/02\/forstaelse-af-digitale-vanevaerktojer-en-guide-til-baeredygtig-personlig-udvikling\/","og_locale":"es_ES","og_type":"article","og_title":"Forst\u00e5else af digitale vanev\u00e6rkt\u00f8jer: En guide til b\u00e6redygtig personlig udvikling","og_description":"Moderne livsstil og konstante digitale p\u00e5virkninger har revolutioneret hvordan vi arbejder p\u00e5 vores vaner og personlige m\u00e5l. I takt med at teknologien bliver mere integreret i vores daglige rutiner, opst\u00e5r sp\u00f8rgsm\u00e5let: Hvordan kan vi bedst bruge apps og digitale v\u00e6rkt\u00f8jer til at underst\u00f8tte langsigtet adf\u00e6rds\u00e6ndring? Vigtigheden af evidensbaserede digitale v\u00e6rkt\u00f8jer Over de seneste \u00e5r har [&hellip;]","og_url":"https:\/\/diario.madrid.es\/decidemadrid\/2025\/09\/02\/forstaelse-af-digitale-vanevaerktojer-en-guide-til-baeredygtig-personlig-udvikling\/","og_site_name":"Decide Madrid","article_published_time":"2025-09-02T08:33:29+00:00","article_modified_time":"2026-09-02T08:33:31+00:00","author":"gobabierto","twitter_card":"summary_large_image","twitter_misc":{"Escrito por":"gobabierto","Tiempo de lectura":"3 minutos"},"schema":{"@context":"https:\/\/schema.org","@graph":[{"@type":"WebPage","@id":"https:\/\/diario.madrid.es\/decidemadrid\/2025\/09\/02\/forstaelse-af-digitale-vanevaerktojer-en-guide-til-baeredygtig-personlig-udvikling\/","url":"https:\/\/diario.madrid.es\/decidemadrid\/2025\/09\/02\/forstaelse-af-digitale-vanevaerktojer-en-guide-til-baeredygtig-personlig-udvikling\/","name":"Forst\u00e5else af digitale vanev\u00e6rkt\u00f8jer: En guide til b\u00e6redygtig personlig udvikling - Decide Madrid","isPartOf":{"@id":"https:\/\/diario.madrid.es\/decidemadrid\/#website"},"datePublished":"2025-09-02T08:33:29+00:00","dateModified":"2026-09-02T08:33:31+00:00","author":{"@id":"https:\/\/diario.madrid.es\/decidemadrid\/#\/schema\/person\/a0018a37d4af777c31256063fd89363d"},"breadcrumb":{"@id":"https:\/\/diario.madrid.es\/decidemadrid\/2025\/09\/02\/forstaelse-af-digitale-vanevaerktojer-en-guide-til-baeredygtig-personlig-udvikling\/#breadcrumb"},"inLanguage":"es","potentialAction":[{"@type":"ReadAction","target":["https:\/\/diario.madrid.es\/decidemadrid\/2025\/09\/02\/forstaelse-af-digitale-vanevaerktojer-en-guide-til-baeredygtig-personlig-udvikling\/"]}]},{"@type":"BreadcrumbList","@id":"https:\/\/diario.madrid.es\/decidemadrid\/2025\/09\/02\/forstaelse-af-digitale-vanevaerktojer-en-guide-til-baeredygtig-personlig-udvikling\/#breadcrumb","itemListElement":[{"@type":"ListItem","position":1,"name":"Portada","item":"https:\/\/diario.madrid.es\/decidemadrid\/"},{"@type":"ListItem","position":2,"name":"Forst\u00e5else af digitale vanev\u00e6rkt\u00f8jer: En guide til b\u00e6redygtig personlig udvikling"}]},{"@type":"WebSite","@id":"https:\/\/diario.madrid.es\/decidemadrid\/#website","url":"https:\/\/diario.madrid.es\/decidemadrid\/","name":"Decide Madrid","description":"Blog de Participaci\u00f3n Ciudadana del Ayuntamiento de Madrid","potentialAction":[{"@type":"SearchAction","target":{"@type":"EntryPoint","urlTemplate":"https:\/\/diario.madrid.es\/decidemadrid\/?s={search_term_string}"},"query-input":{"@type":"PropertyValueSpecification","valueRequired":true,"valueName":"search_term_string"}}],"inLanguage":"es"},{"@type":"Person","@id":"https:\/\/diario.madrid.es\/decidemadrid\/#\/schema\/person\/a0018a37d4af777c31256063fd89363d","name":"gobabierto","image":{"@type":"ImageObject","inLanguage":"es","@id":"https:\/\/diario.madrid.es\/decidemadrid\/#\/schema\/person\/image\/","url":"https:\/\/secure.gravatar.com\/avatar\/51186ba4d0098ad7548dfe94df68e208bdf6224aadf672f6cbcafcec90cd48cc?s=96&d=mm&r=g","contentUrl":"https:\/\/secure.gravatar.com\/avatar\/51186ba4d0098ad7548dfe94df68e208bdf6224aadf672f6cbcafcec90cd48cc?s=96&d=mm&r=g","caption":"gobabierto"},"url":"https:\/\/diario.madrid.es\/decidemadrid\/author\/gobabierto\/"}]}},"_links":{"self":[{"href":"https:\/\/diario.madrid.es\/decidemadrid\/wp-json\/wp\/v2\/posts\/11252","targetHints":{"allow":["GET"]}}],"collection":[{"href":"https:\/\/diario.madrid.es\/decidemadrid\/wp-json\/wp\/v2\/posts"}],"about":[{"href":"https:\/\/diario.madrid.es\/decidemadrid\/wp-json\/wp\/v2\/types\/post"}],"author":[{"embeddable":true,"href":"https:\/\/diario.madrid.es\/decidemadrid\/wp-json\/wp\/v2\/users\/161"}],"replies":[{"embeddable":true,"href":"https:\/\/diario.madrid.es\/decidemadrid\/wp-json\/wp\/v2\/comments?post=11252"}],"version-history":[{"count":1,"href":"https:\/\/diario.madrid.es\/decidemadrid\/wp-json\/wp\/v2\/posts\/11252\/revisions"}],"predecessor-version":[{"id":11254,"href":"https:\/\/diario.madrid.es\/decidemadrid\/wp-json\/wp\/v2\/posts\/11252\/revisions\/11254"}],"wp:attachment":[{"href":"https:\/\/diario.madrid.es\/decidemadrid\/wp-json\/wp\/v2\/media?parent=11252"}],"wp:term":[{"taxonomy":"category","embeddable":true,"href":"https:\/\/diario.madrid.es\/decidemadrid\/wp-json\/wp\/v2\/categories?post=11252"},{"taxonomy":"post_tag","embeddable":true,"href":"https:\/\/diario.madrid.es\/decidemadrid\/wp-json\/wp\/v2\/tags?post=11252"}],"curies":[{"name":"wp","href":"https:\/\/api.w.org\/{rel}","templated":true}]}}