{"id":11251,"date":"2025-09-02T10:33:29","date_gmt":"2025-09-02T08:33:29","guid":{"rendered":"https:\/\/diario.madrid.es\/decidemadrid\/?p=11251"},"modified":"2026-09-02T10:33:30","modified_gmt":"2026-09-02T08:33:30","slug":"effektivitet-och-motivation-digitala-verktyg-for-battre-vanor","status":"publish","type":"post","link":"https:\/\/diario.madrid.es\/decidemadrid\/2025\/09\/02\/effektivitet-och-motivation-digitala-verktyg-for-battre-vanor\/","title":{"rendered":"Effektivitet och Motivation: Digitala Verktyg f\u00f6r B\u00e4ttre Vanor"},"content":{"rendered":"<div class=\"section\">\n<p>I dagens digitala samh\u00e4lle spelar teknologin en central roll f\u00f6r att f\u00f6rb\u00e4ttra v\u00e5ra dagliga rutiner och st\u00e4rka personlig motivation. Att skapa och bibeh\u00e5lla h\u00e4lsosamma vanor kr\u00e4ver inte bara viljestyrka, utan ocks\u00e5 tillg\u00e5ng till effektiva verktyg som underl\u00e4ttar processen. Det \u00e4r h\u00e4r moderna mobilapplikationer kommer in, och bland dessa framst\u00e5r digitala plattformar som en nyckel till att f\u00f6rst\u00e4rka beteendef\u00f6r\u00e4ndringar p\u00e5 ett vetenskapligt v\u00e4lgrundat s\u00e4tt.<\/p>\n<\/div>\n<h2>Den Vetenskapliga Grunden f\u00f6r Beteendef\u00f6r\u00e4ndring via Digitala Verktyg<\/h2>\n<div class=\"section\">\n<p>Forskning inom psykologi och beteendevetenskap visar att skapandet av h\u00e5llbara vanor \u00e4r en process som bygger p\u00e5 sm\u00e5, stegvisa f\u00f6r\u00e4ndringar och kontinuerlig feedback. Enligt modellernar f\u00f6r vanedannelse, s\u00e5som *The Habit Loop* av Charles Duhigg, \u00e4r tre element kritiska: *Cue*, *Routine* och *Reward*. Digitala verktyg som appar kan effektivt f\u00f6rst\u00e4rka dessa element genom att erbjuda personliga p\u00e5minnelser, sp\u00e5rning av framsteg och bel\u00f6ningssystem.<\/p>\n<p>En studie publicerad i *Journal of Medical Internet Research* visade att anv\u00e4ndare av motiverande appar rapporterade h\u00f6gre framg\u00e5ng i att etablera dagliga h\u00e4lsovanor j\u00e4mf\u00f6rt med de som inte anv\u00e4nde n\u00e5gon digital hj\u00e4lp. Denna data understryker vikten av att ha tillg\u00e5ng till intelligent och anv\u00e4ndarcentrerad teknik.<\/p>\n<\/div>\n<h2>Teknologins Roll i Att F\u00f6rst\u00e4rka Vanor och Motivation<\/h2>\n<div class=\"section\">\n<p>Digitala plattformar m\u00f6jligg\u00f6r inte enbart sp\u00e5rning av beteenden, utan ocks\u00e5 personlig anpassning och realtidsfeedback, vilket \u00e4r avg\u00f6rande f\u00f6r att bibeh\u00e5lla motivationen. Exempelvis kan gamification-element som niv\u00e5er, bel\u00f6ningar och sociala utmaningar skapa en \u00f6kad engagemangsgrad.<\/p>\n<p>Men det \u00e4r viktigt att anv\u00e4nda verktyg som \u00e4r baserade p\u00e5 vetenskapliga principer, snarare \u00e4n p\u00e5 rena gimmicks. En kritisk aspekt \u00e4r att verktyget ska erbjuda anv\u00e4ndaren en struktur som underl\u00e4ttar f\u00f6r sj\u00e4lvreglering, en nyckelfaktor f\u00f6r l\u00e5ngsiktig beteendef\u00f6r\u00e4ndring.<\/p>\n<\/div>\n<h2>Hur Digitala Appar Kan Bidra till Framg\u00e5ng<\/h2>\n<div class=\"section\">\n<p>Det \u00e4r h\u00e4r digitala applikationer som **Habit Hub Booster** kan spela en instrumental roll. Denna plattform \u00e4r utformad f\u00f6r att hj\u00e4lpa anv\u00e4ndaren att etablera och f\u00f6rst\u00e4rka nya vanor genom att erbjuda ett anpassat system f\u00f6r p\u00e5minnelser, framstegs\u00f6vervakning och bel\u00f6ningsmekanismer. Att kunna ladda ner appen till mobilen betyder att st\u00f6d finns tillg\u00e4ngligt oavsett var du befinner dig \u2014 en avg\u00f6rande f\u00f6rdel i dagens mobila samh\u00e4lle.<\/p>\n<p>F\u00f6r dig som \u00e4r redo att ta ditt beteendef\u00f6r\u00e4ndringsarbete till n\u00e4sta niv\u00e5, kan du med f\u00f6rdel bes\u00f6ka den officiella sidan och <a href=\"https:\/\/habithubbooster.app\/sv\/\">ladda ner Habit Hub Booster f\u00f6r mobilen spela nu<\/a>. Applikationen kombinerar vetenskaplig forskning med anv\u00e4ndarv\u00e4nlig design f\u00f6r att maximera chanserna till framg\u00e5ng.<\/p>\n<\/div>\n<h2>Sammanfattning: Teknologi som Strategiskt Verktyg f\u00f6r Personlig Utveckling<\/h2>\n<div class=\"section\">\n<p>Att f\u00f6rst\u00e5 den roll som digitala verktyg kan spela f\u00f6r att skapa meningsfulla och h\u00e5llbara vanor \u00e4r avg\u00f6rande f\u00f6r b\u00e5de forskare och praktiker inom h\u00e4lsov\u00e5rd, coaching och personlig utveckling. Genom att integrera evidensbaserade metoder i anv\u00e4ndarv\u00e4nliga appar, skapas en kraftfull kombination som kan driva p\u00e5 beteendef\u00f6r\u00e4ndring p\u00e5 djupet.<\/p>\n<p>Med moderna l\u00f6sningar som Habit Hub Booster erbjuder vi ett exempel p\u00e5 hur digital innovation kan leverera m\u00e4tbara resultat och st\u00e4rka individens motivation. Det \u00e4r dock viktigt att dessa verktyg ses som komplement snarare \u00e4n ers\u00e4ttning f\u00f6r personligt st\u00f6d och sj\u00e4lvreflektion.<\/p>\n<\/div>\n<div style=\"text-align:center;margin-top:3em\">\nladda ner Habit Hub Booster f\u00f6r mobilen spela nu\n<\/div>\n","protected":false},"excerpt":{"rendered":"<p>I dagens digitala samh\u00e4lle spelar teknologin en central roll f\u00f6r att f\u00f6rb\u00e4ttra v\u00e5ra dagliga rutiner och st\u00e4rka personlig motivation. Att skapa och bibeh\u00e5lla h\u00e4lsosamma vanor kr\u00e4ver inte bara viljestyrka, utan ocks\u00e5 tillg\u00e5ng till effektiva verktyg som underl\u00e4ttar processen. Det \u00e4r h\u00e4r moderna mobilapplikationer kommer in, och bland dessa framst\u00e5r digitala plattformar som en nyckel till [&hellip;]<\/p>\n","protected":false},"author":161,"featured_media":0,"comment_status":"closed","ping_status":"closed","sticky":false,"template":"","format":"standard","meta":{"footnotes":""},"categories":[1],"tags":[],"class_list":["post-11251","post","type-post","status-publish","format-standard","hentry","category-procesos-participativos","no-thumbnail"],"yoast_head":"<!-- This site is optimized with the Yoast SEO Premium plugin v25.4 (Yoast SEO v26.4) - https:\/\/yoast.com\/wordpress\/plugins\/seo\/ -->\n<title>Effektivitet och Motivation: Digitala Verktyg f\u00f6r B\u00e4ttre Vanor - Decide Madrid<\/title>\n<meta name=\"robots\" content=\"index, follow, max-snippet:-1, max-image-preview:large, max-video-preview:-1\" \/>\n<link rel=\"canonical\" href=\"https:\/\/diario.madrid.es\/decidemadrid\/2025\/09\/02\/effektivitet-och-motivation-digitala-verktyg-for-battre-vanor\/\" \/>\n<meta property=\"og:locale\" content=\"es_ES\" \/>\n<meta property=\"og:type\" content=\"article\" \/>\n<meta property=\"og:title\" content=\"Effektivitet och Motivation: Digitala Verktyg f\u00f6r B\u00e4ttre Vanor\" \/>\n<meta property=\"og:description\" content=\"I dagens digitala samh\u00e4lle spelar teknologin en central roll f\u00f6r att f\u00f6rb\u00e4ttra v\u00e5ra dagliga rutiner och st\u00e4rka personlig motivation. Att skapa och bibeh\u00e5lla h\u00e4lsosamma vanor kr\u00e4ver inte bara viljestyrka, utan ocks\u00e5 tillg\u00e5ng till effektiva verktyg som underl\u00e4ttar processen. Det \u00e4r h\u00e4r moderna mobilapplikationer kommer in, och bland dessa framst\u00e5r digitala plattformar som en nyckel till [&hellip;]\" \/>\n<meta property=\"og:url\" content=\"https:\/\/diario.madrid.es\/decidemadrid\/2025\/09\/02\/effektivitet-och-motivation-digitala-verktyg-for-battre-vanor\/\" \/>\n<meta property=\"og:site_name\" content=\"Decide Madrid\" \/>\n<meta property=\"article:published_time\" content=\"2025-09-02T08:33:29+00:00\" \/>\n<meta property=\"article:modified_time\" content=\"2026-09-02T08:33:30+00:00\" \/>\n<meta name=\"author\" content=\"gobabierto\" \/>\n<meta name=\"twitter:card\" content=\"summary_large_image\" \/>\n<meta name=\"twitter:label1\" content=\"Escrito por\" \/>\n\t<meta name=\"twitter:data1\" content=\"gobabierto\" \/>\n\t<meta name=\"twitter:label2\" content=\"Tiempo de lectura\" \/>\n\t<meta name=\"twitter:data2\" content=\"3 minutos\" \/>\n<script type=\"application\/ld+json\" class=\"yoast-schema-graph\">{\"@context\":\"https:\/\/schema.org\",\"@graph\":[{\"@type\":\"WebPage\",\"@id\":\"https:\/\/diario.madrid.es\/decidemadrid\/2025\/09\/02\/effektivitet-och-motivation-digitala-verktyg-for-battre-vanor\/\",\"url\":\"https:\/\/diario.madrid.es\/decidemadrid\/2025\/09\/02\/effektivitet-och-motivation-digitala-verktyg-for-battre-vanor\/\",\"name\":\"Effektivitet och Motivation: Digitala Verktyg f\u00f6r B\u00e4ttre Vanor - Decide Madrid\",\"isPartOf\":{\"@id\":\"https:\/\/diario.madrid.es\/decidemadrid\/#website\"},\"datePublished\":\"2025-09-02T08:33:29+00:00\",\"dateModified\":\"2026-09-02T08:33:30+00:00\",\"author\":{\"@id\":\"https:\/\/diario.madrid.es\/decidemadrid\/#\/schema\/person\/a0018a37d4af777c31256063fd89363d\"},\"breadcrumb\":{\"@id\":\"https:\/\/diario.madrid.es\/decidemadrid\/2025\/09\/02\/effektivitet-och-motivation-digitala-verktyg-for-battre-vanor\/#breadcrumb\"},\"inLanguage\":\"es\",\"potentialAction\":[{\"@type\":\"ReadAction\",\"target\":[\"https:\/\/diario.madrid.es\/decidemadrid\/2025\/09\/02\/effektivitet-och-motivation-digitala-verktyg-for-battre-vanor\/\"]}]},{\"@type\":\"BreadcrumbList\",\"@id\":\"https:\/\/diario.madrid.es\/decidemadrid\/2025\/09\/02\/effektivitet-och-motivation-digitala-verktyg-for-battre-vanor\/#breadcrumb\",\"itemListElement\":[{\"@type\":\"ListItem\",\"position\":1,\"name\":\"Portada\",\"item\":\"https:\/\/diario.madrid.es\/decidemadrid\/\"},{\"@type\":\"ListItem\",\"position\":2,\"name\":\"Effektivitet och Motivation: Digitala Verktyg f\u00f6r B\u00e4ttre Vanor\"}]},{\"@type\":\"WebSite\",\"@id\":\"https:\/\/diario.madrid.es\/decidemadrid\/#website\",\"url\":\"https:\/\/diario.madrid.es\/decidemadrid\/\",\"name\":\"Decide Madrid\",\"description\":\"Blog de Participaci\u00f3n Ciudadana del Ayuntamiento de Madrid\",\"potentialAction\":[{\"@type\":\"SearchAction\",\"target\":{\"@type\":\"EntryPoint\",\"urlTemplate\":\"https:\/\/diario.madrid.es\/decidemadrid\/?s={search_term_string}\"},\"query-input\":{\"@type\":\"PropertyValueSpecification\",\"valueRequired\":true,\"valueName\":\"search_term_string\"}}],\"inLanguage\":\"es\"},{\"@type\":\"Person\",\"@id\":\"https:\/\/diario.madrid.es\/decidemadrid\/#\/schema\/person\/a0018a37d4af777c31256063fd89363d\",\"name\":\"gobabierto\",\"image\":{\"@type\":\"ImageObject\",\"inLanguage\":\"es\",\"@id\":\"https:\/\/diario.madrid.es\/decidemadrid\/#\/schema\/person\/image\/\",\"url\":\"https:\/\/secure.gravatar.com\/avatar\/51186ba4d0098ad7548dfe94df68e208bdf6224aadf672f6cbcafcec90cd48cc?s=96&d=mm&r=g\",\"contentUrl\":\"https:\/\/secure.gravatar.com\/avatar\/51186ba4d0098ad7548dfe94df68e208bdf6224aadf672f6cbcafcec90cd48cc?s=96&d=mm&r=g\",\"caption\":\"gobabierto\"},\"url\":\"https:\/\/diario.madrid.es\/decidemadrid\/author\/gobabierto\/\"}]}<\/script>\n<!-- \/ Yoast SEO Premium plugin. -->","yoast_head_json":{"title":"Effektivitet och Motivation: Digitala Verktyg f\u00f6r B\u00e4ttre Vanor - Decide Madrid","robots":{"index":"index","follow":"follow","max-snippet":"max-snippet:-1","max-image-preview":"max-image-preview:large","max-video-preview":"max-video-preview:-1"},"canonical":"https:\/\/diario.madrid.es\/decidemadrid\/2025\/09\/02\/effektivitet-och-motivation-digitala-verktyg-for-battre-vanor\/","og_locale":"es_ES","og_type":"article","og_title":"Effektivitet och Motivation: Digitala Verktyg f\u00f6r B\u00e4ttre Vanor","og_description":"I dagens digitala samh\u00e4lle spelar teknologin en central roll f\u00f6r att f\u00f6rb\u00e4ttra v\u00e5ra dagliga rutiner och st\u00e4rka personlig motivation. Att skapa och bibeh\u00e5lla h\u00e4lsosamma vanor kr\u00e4ver inte bara viljestyrka, utan ocks\u00e5 tillg\u00e5ng till effektiva verktyg som underl\u00e4ttar processen. Det \u00e4r h\u00e4r moderna mobilapplikationer kommer in, och bland dessa framst\u00e5r digitala plattformar som en nyckel till [&hellip;]","og_url":"https:\/\/diario.madrid.es\/decidemadrid\/2025\/09\/02\/effektivitet-och-motivation-digitala-verktyg-for-battre-vanor\/","og_site_name":"Decide Madrid","article_published_time":"2025-09-02T08:33:29+00:00","article_modified_time":"2026-09-02T08:33:30+00:00","author":"gobabierto","twitter_card":"summary_large_image","twitter_misc":{"Escrito por":"gobabierto","Tiempo de lectura":"3 minutos"},"schema":{"@context":"https:\/\/schema.org","@graph":[{"@type":"WebPage","@id":"https:\/\/diario.madrid.es\/decidemadrid\/2025\/09\/02\/effektivitet-och-motivation-digitala-verktyg-for-battre-vanor\/","url":"https:\/\/diario.madrid.es\/decidemadrid\/2025\/09\/02\/effektivitet-och-motivation-digitala-verktyg-for-battre-vanor\/","name":"Effektivitet och Motivation: Digitala Verktyg f\u00f6r B\u00e4ttre Vanor - Decide Madrid","isPartOf":{"@id":"https:\/\/diario.madrid.es\/decidemadrid\/#website"},"datePublished":"2025-09-02T08:33:29+00:00","dateModified":"2026-09-02T08:33:30+00:00","author":{"@id":"https:\/\/diario.madrid.es\/decidemadrid\/#\/schema\/person\/a0018a37d4af777c31256063fd89363d"},"breadcrumb":{"@id":"https:\/\/diario.madrid.es\/decidemadrid\/2025\/09\/02\/effektivitet-och-motivation-digitala-verktyg-for-battre-vanor\/#breadcrumb"},"inLanguage":"es","potentialAction":[{"@type":"ReadAction","target":["https:\/\/diario.madrid.es\/decidemadrid\/2025\/09\/02\/effektivitet-och-motivation-digitala-verktyg-for-battre-vanor\/"]}]},{"@type":"BreadcrumbList","@id":"https:\/\/diario.madrid.es\/decidemadrid\/2025\/09\/02\/effektivitet-och-motivation-digitala-verktyg-for-battre-vanor\/#breadcrumb","itemListElement":[{"@type":"ListItem","position":1,"name":"Portada","item":"https:\/\/diario.madrid.es\/decidemadrid\/"},{"@type":"ListItem","position":2,"name":"Effektivitet och Motivation: Digitala Verktyg f\u00f6r B\u00e4ttre Vanor"}]},{"@type":"WebSite","@id":"https:\/\/diario.madrid.es\/decidemadrid\/#website","url":"https:\/\/diario.madrid.es\/decidemadrid\/","name":"Decide Madrid","description":"Blog de Participaci\u00f3n Ciudadana del Ayuntamiento de Madrid","potentialAction":[{"@type":"SearchAction","target":{"@type":"EntryPoint","urlTemplate":"https:\/\/diario.madrid.es\/decidemadrid\/?s={search_term_string}"},"query-input":{"@type":"PropertyValueSpecification","valueRequired":true,"valueName":"search_term_string"}}],"inLanguage":"es"},{"@type":"Person","@id":"https:\/\/diario.madrid.es\/decidemadrid\/#\/schema\/person\/a0018a37d4af777c31256063fd89363d","name":"gobabierto","image":{"@type":"ImageObject","inLanguage":"es","@id":"https:\/\/diario.madrid.es\/decidemadrid\/#\/schema\/person\/image\/","url":"https:\/\/secure.gravatar.com\/avatar\/51186ba4d0098ad7548dfe94df68e208bdf6224aadf672f6cbcafcec90cd48cc?s=96&d=mm&r=g","contentUrl":"https:\/\/secure.gravatar.com\/avatar\/51186ba4d0098ad7548dfe94df68e208bdf6224aadf672f6cbcafcec90cd48cc?s=96&d=mm&r=g","caption":"gobabierto"},"url":"https:\/\/diario.madrid.es\/decidemadrid\/author\/gobabierto\/"}]}},"_links":{"self":[{"href":"https:\/\/diario.madrid.es\/decidemadrid\/wp-json\/wp\/v2\/posts\/11251","targetHints":{"allow":["GET"]}}],"collection":[{"href":"https:\/\/diario.madrid.es\/decidemadrid\/wp-json\/wp\/v2\/posts"}],"about":[{"href":"https:\/\/diario.madrid.es\/decidemadrid\/wp-json\/wp\/v2\/types\/post"}],"author":[{"embeddable":true,"href":"https:\/\/diario.madrid.es\/decidemadrid\/wp-json\/wp\/v2\/users\/161"}],"replies":[{"embeddable":true,"href":"https:\/\/diario.madrid.es\/decidemadrid\/wp-json\/wp\/v2\/comments?post=11251"}],"version-history":[{"count":1,"href":"https:\/\/diario.madrid.es\/decidemadrid\/wp-json\/wp\/v2\/posts\/11251\/revisions"}],"predecessor-version":[{"id":11253,"href":"https:\/\/diario.madrid.es\/decidemadrid\/wp-json\/wp\/v2\/posts\/11251\/revisions\/11253"}],"wp:attachment":[{"href":"https:\/\/diario.madrid.es\/decidemadrid\/wp-json\/wp\/v2\/media?parent=11251"}],"wp:term":[{"taxonomy":"category","embeddable":true,"href":"https:\/\/diario.madrid.es\/decidemadrid\/wp-json\/wp\/v2\/categories?post=11251"},{"taxonomy":"post_tag","embeddable":true,"href":"https:\/\/diario.madrid.es\/decidemadrid\/wp-json\/wp\/v2\/tags?post=11251"}],"curies":[{"name":"wp","href":"https:\/\/api.w.org\/{rel}","templated":true}]}}