{"id":11215,"date":"2025-09-02T07:40:44","date_gmt":"2025-09-02T05:40:44","guid":{"rendered":"https:\/\/diario.madrid.es\/decidemadrid\/?p=11215"},"modified":"2026-09-02T07:40:47","modified_gmt":"2026-09-02T05:40:47","slug":"innovative-digital-solutions-for-farvevalg-en-dybdegaende-analyse","status":"publish","type":"post","link":"https:\/\/diario.madrid.es\/decidemadrid\/2025\/09\/02\/innovative-digital-solutions-for-farvevalg-en-dybdegaende-analyse\/","title":{"rendered":"Innovative Digital Solutions for Farvevalg: En Dybdeg\u00e5ende Analyse"},"content":{"rendered":"<div class=\"prose\">\n<p>I dagens digitale tidsalder har teknologien transformeret m\u00e5den, b\u00e5de professionelle og private, v\u00e6lger og anvender farver i design- og boligprojekter. Farveh\u00e5ndtering er blevet mere tilg\u00e6ngeligt og pr\u00e6cist gennem avancerede web- og mobilapplikationer. Denne artikel analyserer, hvordan moderne digitale v\u00e6rkt\u00f8jer skaber nye muligheder for at optimere farvevalg, og hvorfor integrationen af s\u00e5danne l\u00f8sninger er essentiel for b\u00e5de farveindustrien og konsumenterne.<\/p>\n<h2>Det Digitale Landskab inden for Farvestyring<\/h2>\n<p>Traditionelt har farveudv\u00e6lgelse v\u00e6ret en manuel proces, ofte baseret p\u00e5 fysiske farvekort, pr\u00f8ver og subjektiv vurdering. Denne tilgang kan f\u00f8re til uoverensstemmelser, is\u00e6r n\u00e5r farver skal overs\u00e6ttes mellem forskellige medier eller materialer. Med fremkomsten af digitale v\u00e6rkt\u00f8jer er det nu muligt at standardisere, visualisere og justere farver med h\u00f8j pr\u00e6cision.<\/p>\n<table>\n<thead>\n<tr>\n<th>Funktion<\/th>\n<th>Fordel<\/th>\n<\/tr>\n<\/thead>\n<tbody>\n<tr>\n<td>Farbgevisualisering<\/td>\n<td>Realistiske previews i forskellige omgivelser<\/td>\n<\/tr>\n<tr>\n<td>Farveharmonisering<\/td>\n<td>Automatiske matchingsystemer baseret p\u00e5 farveteori<\/td>\n<\/tr>\n<tr>\n<td>Projektsamarbejde<\/td>\n<td>Cloud-baseret adgang for teams<\/td>\n<\/tr>\n<\/tbody>\n<\/table>\n<h2>Pr\u00e6cist Farvevalg via Mobilapp: En N\u00f8dvendighed for Moderne Design<\/h2>\n<p>Selvom tablets og computersk\u00e6rme har forbedret farvegengivelsen, forbliver n\u00f8jagtigheden en udfordring, is\u00e6r n\u00e5r man arbejder ude i felten eller hos klienten. Her bliver mobilapplikationer afg\u00f8rende. Mobil Apps giver brugere mulighed for at v\u00e6lge, matche og dele farver i realtid, hvilket skaber st\u00f8rre fleksibilitet og tillid i projekter.<\/p>\n<blockquote><p>\n\u00abN\u00e5r man kombinerer mobilteknologi med avancerede farvefunktioner, f\u00e5r man et v\u00e6rkt\u00f8j, der ikke bare er praktisk, men ogs\u00e5 skaber st\u00f8rre n\u00f8jagtighed og konfidens i farvevalg.\u00bb \u2014 Farveteoretiker og industriekspert\n<\/p><\/blockquote>\n<h2>Case Study: Integration af Digital Farvestyring i Bygge- og Indretningsprojekter<\/h2>\n<p>En af de mest bem\u00e6rkelsesv\u00e6rdige udviklinger er integrationen af specialiserede web- og mobilapps, der underst\u00f8tter hele designprocessen. For eksempel har professionelle malere, indretningsarkitekter og DIY-entusiaster gavn af apps, der kan hente farvekoder, simulere resultater i forskellige rum, og endda synkronisere med fysiske malerpudder for at matche pr\u00e6cise nuancer.<\/p>\n<p>Et eksempel er udviklingen af <a href=\"https:\/\/tintmixpaint.app\/da\/\"><strong>Tint Mix Paint webapp til Android<\/strong><\/a>, som tillader brugere at blande og skabe unikke farvekombinationer direkte fra deres mobiltelefon. Denne digitale platform er blevet en revolutionerende ressource i branchen ved at kombinere brugervenlighed med professionelle funktioner, hvilket muligg\u00f8r mere pr\u00e6cise og kreative farvebeslutninger.<\/p>\n<h2>Fordele ved Cloud-Integrerede Farvev\u00e6rkt\u00f8jer<\/h2>\n<ul>\n<li><strong>Tilg\u00e6ngelighed:<\/strong> F\u00e5s p\u00e5 flere platforme for nem adgang hvor som helst.<\/li>\n<li><strong>Samarbejde:<\/strong> Faciliterer f\u00e6lles projekter med realtidsopdateringer og deling.<\/li>\n<li><strong>Dataintegration:<\/strong> G\u00f8r det muligt at koble fysiske produkter med digitale farver, hvilket minimerer fejl og spild.<\/li>\n<\/ul>\n<h2>Fremtidens Farvestyring: AI og Augmented Reality<\/h2>\n<p>Den mest banebrydende trend er integration af kunstig intelligens og augmented reality (AR). AI kan analysere farvehistorik, materiale og lyset i et rum for at anbefale optimale farvekombinationer. AR muligg\u00f8r, at brugere kan visualisere hjemmets forandringer i realtid gennem deres mobilsk\u00e6rm, hvilket sikrer, at valgte farver matcher den \u00f8nskede \u00e6stetik f\u00f8r malingstrykksb\u00f8rn.<\/p>\n<p>Med disse teknologier bliver det stadig mere tydeligt, at digital innovation er en katalysator for mere pr\u00e6cise, effektive og kreative farvel\u00f8sninger, og at v\u00e6rkt\u00f8jer som Tint Mix Paint webapp til Android er eksempler p\u00e5 branchen i frontlinjen.<\/p>\n<h2>Konklusion<\/h2>\n<p>Det er tydeligt, at sammenkoblingen mellem digitalisering og farveh\u00e5ndtering \u00e6ndrer m\u00e5den, vi opfatter og anvender farver p\u00e5, hvilket giver b\u00e5de professionelle og forbrugere st\u00f8rre kontrol og kreativitet. Teknologiske v\u00e6rkt\u00f8jer, is\u00e6r mobilapps som den n\u00e6vnte, spiller en n\u00f8glerolle i at bringe pr\u00e6cision, samarbejde og innovation ind i farvebranchen. Fremtiden tilh\u00f8rer dem, der omfavner disse digitale muligheder for at skabe mere harmoniske og personlige rum.<\/p>\n<\/div>\n","protected":false},"excerpt":{"rendered":"<p>I dagens digitale tidsalder har teknologien transformeret m\u00e5den, b\u00e5de professionelle og private, v\u00e6lger og anvender farver i design- og boligprojekter. Farveh\u00e5ndtering er blevet mere tilg\u00e6ngeligt og pr\u00e6cist gennem avancerede web- og mobilapplikationer. Denne artikel analyserer, hvordan moderne digitale v\u00e6rkt\u00f8jer skaber nye muligheder for at optimere farvevalg, og hvorfor integrationen af s\u00e5danne l\u00f8sninger er essentiel for [&hellip;]<\/p>\n","protected":false},"author":161,"featured_media":0,"comment_status":"closed","ping_status":"closed","sticky":false,"template":"","format":"standard","meta":{"footnotes":""},"categories":[1],"tags":[],"class_list":["post-11215","post","type-post","status-publish","format-standard","hentry","category-procesos-participativos","no-thumbnail"],"yoast_head":"<!-- This site is optimized with the Yoast SEO Premium plugin v25.4 (Yoast SEO v26.4) - https:\/\/yoast.com\/wordpress\/plugins\/seo\/ -->\n<title>Innovative Digital Solutions for Farvevalg: En Dybdeg\u00e5ende Analyse - Decide Madrid<\/title>\n<meta name=\"robots\" content=\"index, follow, max-snippet:-1, max-image-preview:large, max-video-preview:-1\" \/>\n<link rel=\"canonical\" href=\"https:\/\/diario.madrid.es\/decidemadrid\/2025\/09\/02\/innovative-digital-solutions-for-farvevalg-en-dybdegaende-analyse\/\" \/>\n<meta property=\"og:locale\" content=\"es_ES\" \/>\n<meta property=\"og:type\" content=\"article\" \/>\n<meta property=\"og:title\" content=\"Innovative Digital Solutions for Farvevalg: En Dybdeg\u00e5ende Analyse\" \/>\n<meta property=\"og:description\" content=\"I dagens digitale tidsalder har teknologien transformeret m\u00e5den, b\u00e5de professionelle og private, v\u00e6lger og anvender farver i design- og boligprojekter. Farveh\u00e5ndtering er blevet mere tilg\u00e6ngeligt og pr\u00e6cist gennem avancerede web- og mobilapplikationer. Denne artikel analyserer, hvordan moderne digitale v\u00e6rkt\u00f8jer skaber nye muligheder for at optimere farvevalg, og hvorfor integrationen af s\u00e5danne l\u00f8sninger er essentiel for [&hellip;]\" \/>\n<meta property=\"og:url\" content=\"https:\/\/diario.madrid.es\/decidemadrid\/2025\/09\/02\/innovative-digital-solutions-for-farvevalg-en-dybdegaende-analyse\/\" \/>\n<meta property=\"og:site_name\" content=\"Decide Madrid\" \/>\n<meta property=\"article:published_time\" content=\"2025-09-02T05:40:44+00:00\" \/>\n<meta property=\"article:modified_time\" content=\"2026-09-02T05:40:47+00:00\" \/>\n<meta name=\"author\" content=\"gobabierto\" \/>\n<meta name=\"twitter:card\" content=\"summary_large_image\" \/>\n<meta name=\"twitter:label1\" content=\"Escrito por\" \/>\n\t<meta name=\"twitter:data1\" content=\"gobabierto\" \/>\n\t<meta name=\"twitter:label2\" content=\"Tiempo de lectura\" \/>\n\t<meta name=\"twitter:data2\" content=\"3 minutos\" \/>\n<script type=\"application\/ld+json\" class=\"yoast-schema-graph\">{\"@context\":\"https:\/\/schema.org\",\"@graph\":[{\"@type\":\"WebPage\",\"@id\":\"https:\/\/diario.madrid.es\/decidemadrid\/2025\/09\/02\/innovative-digital-solutions-for-farvevalg-en-dybdegaende-analyse\/\",\"url\":\"https:\/\/diario.madrid.es\/decidemadrid\/2025\/09\/02\/innovative-digital-solutions-for-farvevalg-en-dybdegaende-analyse\/\",\"name\":\"Innovative Digital Solutions for Farvevalg: En Dybdeg\u00e5ende Analyse - Decide Madrid\",\"isPartOf\":{\"@id\":\"https:\/\/diario.madrid.es\/decidemadrid\/#website\"},\"datePublished\":\"2025-09-02T05:40:44+00:00\",\"dateModified\":\"2026-09-02T05:40:47+00:00\",\"author\":{\"@id\":\"https:\/\/diario.madrid.es\/decidemadrid\/#\/schema\/person\/a0018a37d4af777c31256063fd89363d\"},\"breadcrumb\":{\"@id\":\"https:\/\/diario.madrid.es\/decidemadrid\/2025\/09\/02\/innovative-digital-solutions-for-farvevalg-en-dybdegaende-analyse\/#breadcrumb\"},\"inLanguage\":\"es\",\"potentialAction\":[{\"@type\":\"ReadAction\",\"target\":[\"https:\/\/diario.madrid.es\/decidemadrid\/2025\/09\/02\/innovative-digital-solutions-for-farvevalg-en-dybdegaende-analyse\/\"]}]},{\"@type\":\"BreadcrumbList\",\"@id\":\"https:\/\/diario.madrid.es\/decidemadrid\/2025\/09\/02\/innovative-digital-solutions-for-farvevalg-en-dybdegaende-analyse\/#breadcrumb\",\"itemListElement\":[{\"@type\":\"ListItem\",\"position\":1,\"name\":\"Portada\",\"item\":\"https:\/\/diario.madrid.es\/decidemadrid\/\"},{\"@type\":\"ListItem\",\"position\":2,\"name\":\"Innovative Digital Solutions for Farvevalg: En Dybdeg\u00e5ende Analyse\"}]},{\"@type\":\"WebSite\",\"@id\":\"https:\/\/diario.madrid.es\/decidemadrid\/#website\",\"url\":\"https:\/\/diario.madrid.es\/decidemadrid\/\",\"name\":\"Decide Madrid\",\"description\":\"Blog de Participaci\u00f3n Ciudadana del Ayuntamiento de Madrid\",\"potentialAction\":[{\"@type\":\"SearchAction\",\"target\":{\"@type\":\"EntryPoint\",\"urlTemplate\":\"https:\/\/diario.madrid.es\/decidemadrid\/?s={search_term_string}\"},\"query-input\":{\"@type\":\"PropertyValueSpecification\",\"valueRequired\":true,\"valueName\":\"search_term_string\"}}],\"inLanguage\":\"es\"},{\"@type\":\"Person\",\"@id\":\"https:\/\/diario.madrid.es\/decidemadrid\/#\/schema\/person\/a0018a37d4af777c31256063fd89363d\",\"name\":\"gobabierto\",\"image\":{\"@type\":\"ImageObject\",\"inLanguage\":\"es\",\"@id\":\"https:\/\/diario.madrid.es\/decidemadrid\/#\/schema\/person\/image\/\",\"url\":\"https:\/\/secure.gravatar.com\/avatar\/51186ba4d0098ad7548dfe94df68e208bdf6224aadf672f6cbcafcec90cd48cc?s=96&d=mm&r=g\",\"contentUrl\":\"https:\/\/secure.gravatar.com\/avatar\/51186ba4d0098ad7548dfe94df68e208bdf6224aadf672f6cbcafcec90cd48cc?s=96&d=mm&r=g\",\"caption\":\"gobabierto\"},\"url\":\"https:\/\/diario.madrid.es\/decidemadrid\/author\/gobabierto\/\"}]}<\/script>\n<!-- \/ Yoast SEO Premium plugin. -->","yoast_head_json":{"title":"Innovative Digital Solutions for Farvevalg: En Dybdeg\u00e5ende Analyse - Decide Madrid","robots":{"index":"index","follow":"follow","max-snippet":"max-snippet:-1","max-image-preview":"max-image-preview:large","max-video-preview":"max-video-preview:-1"},"canonical":"https:\/\/diario.madrid.es\/decidemadrid\/2025\/09\/02\/innovative-digital-solutions-for-farvevalg-en-dybdegaende-analyse\/","og_locale":"es_ES","og_type":"article","og_title":"Innovative Digital Solutions for Farvevalg: En Dybdeg\u00e5ende Analyse","og_description":"I dagens digitale tidsalder har teknologien transformeret m\u00e5den, b\u00e5de professionelle og private, v\u00e6lger og anvender farver i design- og boligprojekter. Farveh\u00e5ndtering er blevet mere tilg\u00e6ngeligt og pr\u00e6cist gennem avancerede web- og mobilapplikationer. Denne artikel analyserer, hvordan moderne digitale v\u00e6rkt\u00f8jer skaber nye muligheder for at optimere farvevalg, og hvorfor integrationen af s\u00e5danne l\u00f8sninger er essentiel for [&hellip;]","og_url":"https:\/\/diario.madrid.es\/decidemadrid\/2025\/09\/02\/innovative-digital-solutions-for-farvevalg-en-dybdegaende-analyse\/","og_site_name":"Decide Madrid","article_published_time":"2025-09-02T05:40:44+00:00","article_modified_time":"2026-09-02T05:40:47+00:00","author":"gobabierto","twitter_card":"summary_large_image","twitter_misc":{"Escrito por":"gobabierto","Tiempo de lectura":"3 minutos"},"schema":{"@context":"https:\/\/schema.org","@graph":[{"@type":"WebPage","@id":"https:\/\/diario.madrid.es\/decidemadrid\/2025\/09\/02\/innovative-digital-solutions-for-farvevalg-en-dybdegaende-analyse\/","url":"https:\/\/diario.madrid.es\/decidemadrid\/2025\/09\/02\/innovative-digital-solutions-for-farvevalg-en-dybdegaende-analyse\/","name":"Innovative Digital Solutions for Farvevalg: En Dybdeg\u00e5ende Analyse - Decide Madrid","isPartOf":{"@id":"https:\/\/diario.madrid.es\/decidemadrid\/#website"},"datePublished":"2025-09-02T05:40:44+00:00","dateModified":"2026-09-02T05:40:47+00:00","author":{"@id":"https:\/\/diario.madrid.es\/decidemadrid\/#\/schema\/person\/a0018a37d4af777c31256063fd89363d"},"breadcrumb":{"@id":"https:\/\/diario.madrid.es\/decidemadrid\/2025\/09\/02\/innovative-digital-solutions-for-farvevalg-en-dybdegaende-analyse\/#breadcrumb"},"inLanguage":"es","potentialAction":[{"@type":"ReadAction","target":["https:\/\/diario.madrid.es\/decidemadrid\/2025\/09\/02\/innovative-digital-solutions-for-farvevalg-en-dybdegaende-analyse\/"]}]},{"@type":"BreadcrumbList","@id":"https:\/\/diario.madrid.es\/decidemadrid\/2025\/09\/02\/innovative-digital-solutions-for-farvevalg-en-dybdegaende-analyse\/#breadcrumb","itemListElement":[{"@type":"ListItem","position":1,"name":"Portada","item":"https:\/\/diario.madrid.es\/decidemadrid\/"},{"@type":"ListItem","position":2,"name":"Innovative Digital Solutions for Farvevalg: En Dybdeg\u00e5ende Analyse"}]},{"@type":"WebSite","@id":"https:\/\/diario.madrid.es\/decidemadrid\/#website","url":"https:\/\/diario.madrid.es\/decidemadrid\/","name":"Decide Madrid","description":"Blog de Participaci\u00f3n Ciudadana del Ayuntamiento de Madrid","potentialAction":[{"@type":"SearchAction","target":{"@type":"EntryPoint","urlTemplate":"https:\/\/diario.madrid.es\/decidemadrid\/?s={search_term_string}"},"query-input":{"@type":"PropertyValueSpecification","valueRequired":true,"valueName":"search_term_string"}}],"inLanguage":"es"},{"@type":"Person","@id":"https:\/\/diario.madrid.es\/decidemadrid\/#\/schema\/person\/a0018a37d4af777c31256063fd89363d","name":"gobabierto","image":{"@type":"ImageObject","inLanguage":"es","@id":"https:\/\/diario.madrid.es\/decidemadrid\/#\/schema\/person\/image\/","url":"https:\/\/secure.gravatar.com\/avatar\/51186ba4d0098ad7548dfe94df68e208bdf6224aadf672f6cbcafcec90cd48cc?s=96&d=mm&r=g","contentUrl":"https:\/\/secure.gravatar.com\/avatar\/51186ba4d0098ad7548dfe94df68e208bdf6224aadf672f6cbcafcec90cd48cc?s=96&d=mm&r=g","caption":"gobabierto"},"url":"https:\/\/diario.madrid.es\/decidemadrid\/author\/gobabierto\/"}]}},"_links":{"self":[{"href":"https:\/\/diario.madrid.es\/decidemadrid\/wp-json\/wp\/v2\/posts\/11215","targetHints":{"allow":["GET"]}}],"collection":[{"href":"https:\/\/diario.madrid.es\/decidemadrid\/wp-json\/wp\/v2\/posts"}],"about":[{"href":"https:\/\/diario.madrid.es\/decidemadrid\/wp-json\/wp\/v2\/types\/post"}],"author":[{"embeddable":true,"href":"https:\/\/diario.madrid.es\/decidemadrid\/wp-json\/wp\/v2\/users\/161"}],"replies":[{"embeddable":true,"href":"https:\/\/diario.madrid.es\/decidemadrid\/wp-json\/wp\/v2\/comments?post=11215"}],"version-history":[{"count":1,"href":"https:\/\/diario.madrid.es\/decidemadrid\/wp-json\/wp\/v2\/posts\/11215\/revisions"}],"predecessor-version":[{"id":11216,"href":"https:\/\/diario.madrid.es\/decidemadrid\/wp-json\/wp\/v2\/posts\/11215\/revisions\/11216"}],"wp:attachment":[{"href":"https:\/\/diario.madrid.es\/decidemadrid\/wp-json\/wp\/v2\/media?parent=11215"}],"wp:term":[{"taxonomy":"category","embeddable":true,"href":"https:\/\/diario.madrid.es\/decidemadrid\/wp-json\/wp\/v2\/categories?post=11215"},{"taxonomy":"post_tag","embeddable":true,"href":"https:\/\/diario.madrid.es\/decidemadrid\/wp-json\/wp\/v2\/tags?post=11215"}],"curies":[{"name":"wp","href":"https:\/\/api.w.org\/{rel}","templated":true}]}}