{"id":11045,"date":"2025-09-01T23:15:29","date_gmt":"2025-09-01T21:15:29","guid":{"rendered":"https:\/\/diario.madrid.es\/decidemadrid\/?p=11045"},"modified":"2026-09-01T23:15:30","modified_gmt":"2026-09-01T21:15:30","slug":"pokrok-v-oblasti-fyziologickych-testu-a-vyvoje-diagnostickych-metod","status":"publish","type":"post","link":"https:\/\/diario.madrid.es\/decidemadrid\/2025\/09\/01\/pokrok-v-oblasti-fyziologickych-testu-a-vyvoje-diagnostickych-metod\/","title":{"rendered":"Pokrok v oblasti fyziologick\u00fdch test\u016f a v\u00fdvoje diagnostick\u00fdch metod"},"content":{"rendered":"<p>V dne\u0161n\u00ed \u00e9\u0159e zdravotnick\u00e9ho pokroku je p\u0159esn\u00e1 a v\u010dasn\u00e1 diagnostika kl\u00ed\u010dov\u00fdm faktorem pro \u00fasp\u011b\u0161nou l\u00e9\u010dbu a prevenci \u0159ady onemocn\u011bn\u00ed. V\u00fdzkum a inovace v oblasti biologick\u00fdch test\u016f a diagnostick\u00fdch metod se neust\u00e1le posouvaj\u00ed kup\u0159edu, umo\u017e\u0148uj\u00edc\u00ed l\u00e9ka\u0159\u016fm a v\u011bdc\u016fm efektivn\u011bji identifikovat zdravotn\u00ed rizika, sledovat fyziologick\u00e9 parametry a optimalizovat l\u00e9\u010debn\u00e9 pl\u00e1ny.<\/p>\n<h2>Modern\u00ed p\u0159\u00edstupy k fyziologick\u00e9 diagnostice<\/h2>\n<p>V posledn\u00edch dvou dek\u00e1d\u00e1ch do\u0161lo k z\u00e1sadn\u00edmu zlep\u0161en\u00ed v technologi\u00edch pou\u017e\u00edvan\u00fdch k m\u011b\u0159en\u00ed a anal\u00fdze biologick\u00fdch dat. Sou\u010dasn\u00e9 metody kombinuj\u00ed tradi\u010dn\u00ed laboratorn\u00ed testy s pokro\u010dil\u00fdm digit\u00e1ln\u00edm zpracov\u00e1n\u00edm dat, co\u017e umo\u017e\u0148uje hlub\u0161\u00ed vhled do dynamiky organismu. Nap\u0159\u00edklad st\u00e1le roz\u0161\u00ed\u0159en\u011bj\u0161\u00ed jsou genetick\u00e9 anal\u00fdzy a biomarkerov\u00e9 testy, kter\u00e9 poskytuj\u00ed detailn\u00ed pohled na individu\u00e1ln\u00ed predispozice a aktu\u00e1ln\u00ed stav pacient\u016f.<\/p>\n<blockquote><p>\n\u00abRozvoj diagnostick\u00fdch technologi\u00ed je kl\u00ed\u010dov\u00fd pro personalizovanou medic\u00ednu. \u010c\u00edm p\u0159esn\u011bj\u0161\u00ed jsou na\u0161e m\u011b\u0159en\u00ed, t\u00edm l\u00e9pe se dok\u00e1\u017eeme p\u0159izp\u016fsobit l\u00e9\u010db\u011b specifick\u00fdm pot\u0159eb\u00e1m jednotlivce.\u00bb \u2014 odborn\u00edci z oblasti biotechnologi\u00ed\n<\/p><\/blockquote>\n<h2>Kl\u00ed\u010dov\u00e9 oblasti implementace nov\u00fdch diagnostick\u00fdch metod<\/h2>\n<table>\n<thead>\n<tr>\n<th>Oblast<\/th>\n<th>Popis<\/th>\n<th>P\u0159\u00edklad inovace<\/th>\n<\/tr>\n<\/thead>\n<tbody>\n<tr>\n<td>Fyzio biometrie<\/td>\n<td>M\u011b\u0159en\u00ed parametr\u016f pohybov\u00e9ho apar\u00e1tu a svalov\u00e9 aktivity<\/td>\n<td>Pokro\u010dil\u00e9 EMG syst\u00e9my<\/td>\n<\/tr>\n<tr>\n<td>Genetick\u00e9 testov\u00e1n\u00ed<\/td>\n<td>Analyzuje genetick\u00e9 predispozice k ur\u010dit\u00fdm onemocn\u011bn\u00edm<\/td>\n<td>Nitro genetick\u00e9 screeningy<\/td>\n<\/tr>\n<tr>\n<td>Cvi\u010debn\u00ed a v\u00fdkonnostn\u00ed diagnostika<\/td>\n<td>Individu\u00e1ln\u00ed posouzen\u00ed mobility a s\u00edly<\/td>\n<td>Digit\u00e1ln\u00ed fitness syst\u00e9my<\/td>\n<\/tr>\n<\/tbody>\n<\/table>\n<h2>P\u0159\u00edklad pokro\u010dil\u00fdch diagnostick\u00fdch projekt\u016f<\/h2>\n<p>V\u00fdznamn\u00fdm p\u0159\u00edkladem je projekt <strong>Endorphina<\/strong>, kter\u00fd poskytuje komplexn\u00ed anal\u00fdzu fyziologick\u00fdch parametr\u016f, nap\u0159\u00edklad prost\u0159ednictv\u00edm test\u016f zam\u011b\u0159en\u00fdch na endorfinov\u00e9 syst\u00e9my a stresov\u00e9 reakce. V\u00edce informac\u00ed o jejich specifick\u00e9m v\u00fdzkumu a slu\u017eb\u00e1ch najdete na jejich ofici\u00e1ln\u00ed str\u00e1nce: <a href=\"https:\/\/endorphina.cz\/ccstcz-g-o\/\">http:\/\/endorphina.cz\/ccstcz-g-o<\/a> \u2014 <em>doporu\u010dujeme nahl\u00e9dnout do detail\u016f jejich inovativn\u00edho p\u0159\u00edstupu k diagnostice a v\u00fdzkumu endorfinov\u00fdch syst\u00e9m\u016f.<\/em><\/p>\n<div class=\"callout\">\n<h2>V\u00fdznam d\u016fv\u011bryhodn\u00fdch zdroj\u016f ve v\u011bdeck\u00e9m v\u00fdzkumu<\/h2>\n<p>\u010c\u00edm v\u00edce je v\u00fdzkum podlo\u017eeno ov\u011b\u0159en\u00fdmi daty a spoluprac\u00ed s p\u0159edn\u00edmi institucemi, t\u00edm v\u00edce p\u0159isp\u00edv\u00e1 ke zvy\u0161ov\u00e1n\u00ed kvality diagnostick\u00fdch n\u00e1stroj\u016f a efektivnosti l\u00e9\u010debn\u00fdch metod. Linka http:\/\/endorphina.cz\/ccstcz-g-o p\u0159edstavuje p\u0159\u00edklad spolehliv\u00e9ho zdroje, kter\u00fd dokumentuje nejnov\u011bj\u0161\u00ed progresy v t\u00e9to oblasti. Takov\u00e9 v\u011bdeck\u00e9 projekty jsou z\u00e1kladem modern\u00ed medic\u00edny, je\u017e se sna\u017e\u00ed poskytnout pacient\u016fm p\u0159esn\u011bj\u0161\u00ed a individualizovan\u011bj\u0161\u00ed p\u00e9\u010di.<\/p>\n<\/div>\n<h2>Perspektivy a budouc\u00ed trendy<\/h2>\n<p>Rostouc\u00ed p\u0159esnost diagnostick\u00fdch metod povede k \u00fapln\u00e9 zm\u011bn\u011b v p\u0159\u00edstupu ke zdravotn\u00ed p\u00e9\u010di \u2014 od reakce na ji\u017e vznikl\u00e9 probl\u00e9my po prevenci a p\u0159edch\u00e1zen\u00ed onemocn\u011bn\u00ed. Integrace um\u011bl\u00e9 inteligence a strojov\u00e9ho u\u010den\u00ed v anal\u00fdze dat nab\u00edz\u00ed dal\u0161\u00ed stupe\u0148 personalizace a efektivity.<\/p>\n<p>Nap\u0159\u00edklad nap\u0159\u00edklad v\u00fdvoj specializovan\u00fdch syst\u00e9m\u016f pro sledov\u00e1n\u00ed stresov\u00fdch reakc\u00ed a fyzick\u00e9ho zotaven\u00ed, kter\u00e9 vyu\u017e\u00edvaj\u00ed data z bio-senzor\u016f, ur\u010dit\u011b povede k v\u00fdznamn\u00e9mu pokroku v z\u00f3n\u00e1ch jako je sportovn\u00ed medic\u00edna, rehabilitace nebo p\u00e9\u010de o chronick\u00e9 pacienty. Tyto projekty, v\u010detn\u011b n\u011bkter\u00fdch v\u00fdsledk\u016f z Endorphina, p\u0159edstavuj\u00ed \u0161pi\u010dku sou\u010dasn\u00e9ho v\u00fdzkumu v oblasti fyziologick\u00e9 diagnostiky.<\/p>\n<h2>Z\u00e1v\u011br<\/h2>\n<p>Pokrok v diagnostick\u00fdch technologi\u00edch je neoddiskutovateln\u00fdm hybatelem modern\u00ed medic\u00edny. Spolupr\u00e1ce mezi v\u00fdzkumn\u00fdmi institucemi a soukrom\u00fdm sektorem je kl\u00ed\u010dem k v\u00fdvoji inovativn\u00edch \u0159e\u0161en\u00ed, kter\u00e1 umo\u017en\u00ed l\u00e9ka\u0159\u016fm p\u0159esn\u011bj\u0161\u00ed, rychlej\u0161\u00ed a bezpe\u010dn\u011bj\u0161\u00ed odhalen\u00ed zdravotn\u00edch probl\u00e9m\u016f. Osv\u011bd\u010den\u00e9 zdroje, jako je http:\/\/endorphina.cz\/ccstcz-g-o, hraj\u00ed z\u00e1sadn\u00ed roli v t\u00e9to dynamick\u00e9 oblasti, poskytuj\u00edc v\u011bdeckou podlo\u017eku pro budouc\u00ed pr\u016flomy v diagnostice a l\u00e9\u010db\u011b.<\/p>\n","protected":false},"excerpt":{"rendered":"<p>V dne\u0161n\u00ed \u00e9\u0159e zdravotnick\u00e9ho pokroku je p\u0159esn\u00e1 a v\u010dasn\u00e1 diagnostika kl\u00ed\u010dov\u00fdm faktorem pro \u00fasp\u011b\u0161nou l\u00e9\u010dbu a prevenci \u0159ady onemocn\u011bn\u00ed. V\u00fdzkum a inovace v oblasti biologick\u00fdch test\u016f a diagnostick\u00fdch metod se neust\u00e1le posouvaj\u00ed kup\u0159edu, umo\u017e\u0148uj\u00edc\u00ed l\u00e9ka\u0159\u016fm a v\u011bdc\u016fm efektivn\u011bji identifikovat zdravotn\u00ed rizika, sledovat fyziologick\u00e9 parametry a optimalizovat l\u00e9\u010debn\u00e9 pl\u00e1ny. Modern\u00ed p\u0159\u00edstupy k fyziologick\u00e9 diagnostice V posledn\u00edch [&hellip;]<\/p>\n","protected":false},"author":161,"featured_media":0,"comment_status":"closed","ping_status":"closed","sticky":false,"template":"","format":"standard","meta":{"footnotes":""},"categories":[1],"tags":[],"class_list":["post-11045","post","type-post","status-publish","format-standard","hentry","category-procesos-participativos","no-thumbnail"],"yoast_head":"<!-- This site is optimized with the Yoast SEO Premium plugin v25.4 (Yoast SEO v26.4) - https:\/\/yoast.com\/wordpress\/plugins\/seo\/ -->\n<title>Pokrok v oblasti fyziologick\u00fdch test\u016f a v\u00fdvoje diagnostick\u00fdch metod - Decide Madrid<\/title>\n<meta name=\"robots\" content=\"index, follow, max-snippet:-1, max-image-preview:large, max-video-preview:-1\" \/>\n<link rel=\"canonical\" href=\"https:\/\/diario.madrid.es\/decidemadrid\/2025\/09\/01\/pokrok-v-oblasti-fyziologickych-testu-a-vyvoje-diagnostickych-metod\/\" \/>\n<meta property=\"og:locale\" content=\"es_ES\" \/>\n<meta property=\"og:type\" content=\"article\" \/>\n<meta property=\"og:title\" content=\"Pokrok v oblasti fyziologick\u00fdch test\u016f a v\u00fdvoje diagnostick\u00fdch metod\" \/>\n<meta property=\"og:description\" content=\"V dne\u0161n\u00ed \u00e9\u0159e zdravotnick\u00e9ho pokroku je p\u0159esn\u00e1 a v\u010dasn\u00e1 diagnostika kl\u00ed\u010dov\u00fdm faktorem pro \u00fasp\u011b\u0161nou l\u00e9\u010dbu a prevenci \u0159ady onemocn\u011bn\u00ed. V\u00fdzkum a inovace v oblasti biologick\u00fdch test\u016f a diagnostick\u00fdch metod se neust\u00e1le posouvaj\u00ed kup\u0159edu, umo\u017e\u0148uj\u00edc\u00ed l\u00e9ka\u0159\u016fm a v\u011bdc\u016fm efektivn\u011bji identifikovat zdravotn\u00ed rizika, sledovat fyziologick\u00e9 parametry a optimalizovat l\u00e9\u010debn\u00e9 pl\u00e1ny. Modern\u00ed p\u0159\u00edstupy k fyziologick\u00e9 diagnostice V posledn\u00edch [&hellip;]\" \/>\n<meta property=\"og:url\" content=\"https:\/\/diario.madrid.es\/decidemadrid\/2025\/09\/01\/pokrok-v-oblasti-fyziologickych-testu-a-vyvoje-diagnostickych-metod\/\" \/>\n<meta property=\"og:site_name\" content=\"Decide Madrid\" \/>\n<meta property=\"article:published_time\" content=\"2025-09-01T21:15:29+00:00\" \/>\n<meta property=\"article:modified_time\" content=\"2026-09-01T21:15:30+00:00\" \/>\n<meta name=\"author\" content=\"gobabierto\" \/>\n<meta name=\"twitter:card\" content=\"summary_large_image\" \/>\n<meta name=\"twitter:label1\" content=\"Escrito por\" \/>\n\t<meta name=\"twitter:data1\" content=\"gobabierto\" \/>\n\t<meta name=\"twitter:label2\" content=\"Tiempo de lectura\" \/>\n\t<meta name=\"twitter:data2\" content=\"3 minutos\" \/>\n<script type=\"application\/ld+json\" class=\"yoast-schema-graph\">{\"@context\":\"https:\/\/schema.org\",\"@graph\":[{\"@type\":\"WebPage\",\"@id\":\"https:\/\/diario.madrid.es\/decidemadrid\/2025\/09\/01\/pokrok-v-oblasti-fyziologickych-testu-a-vyvoje-diagnostickych-metod\/\",\"url\":\"https:\/\/diario.madrid.es\/decidemadrid\/2025\/09\/01\/pokrok-v-oblasti-fyziologickych-testu-a-vyvoje-diagnostickych-metod\/\",\"name\":\"Pokrok v oblasti fyziologick\u00fdch test\u016f a v\u00fdvoje diagnostick\u00fdch metod - Decide Madrid\",\"isPartOf\":{\"@id\":\"https:\/\/diario.madrid.es\/decidemadrid\/#website\"},\"datePublished\":\"2025-09-01T21:15:29+00:00\",\"dateModified\":\"2026-09-01T21:15:30+00:00\",\"author\":{\"@id\":\"https:\/\/diario.madrid.es\/decidemadrid\/#\/schema\/person\/a0018a37d4af777c31256063fd89363d\"},\"breadcrumb\":{\"@id\":\"https:\/\/diario.madrid.es\/decidemadrid\/2025\/09\/01\/pokrok-v-oblasti-fyziologickych-testu-a-vyvoje-diagnostickych-metod\/#breadcrumb\"},\"inLanguage\":\"es\",\"potentialAction\":[{\"@type\":\"ReadAction\",\"target\":[\"https:\/\/diario.madrid.es\/decidemadrid\/2025\/09\/01\/pokrok-v-oblasti-fyziologickych-testu-a-vyvoje-diagnostickych-metod\/\"]}]},{\"@type\":\"BreadcrumbList\",\"@id\":\"https:\/\/diario.madrid.es\/decidemadrid\/2025\/09\/01\/pokrok-v-oblasti-fyziologickych-testu-a-vyvoje-diagnostickych-metod\/#breadcrumb\",\"itemListElement\":[{\"@type\":\"ListItem\",\"position\":1,\"name\":\"Portada\",\"item\":\"https:\/\/diario.madrid.es\/decidemadrid\/\"},{\"@type\":\"ListItem\",\"position\":2,\"name\":\"Pokrok v oblasti fyziologick\u00fdch test\u016f a v\u00fdvoje diagnostick\u00fdch metod\"}]},{\"@type\":\"WebSite\",\"@id\":\"https:\/\/diario.madrid.es\/decidemadrid\/#website\",\"url\":\"https:\/\/diario.madrid.es\/decidemadrid\/\",\"name\":\"Decide Madrid\",\"description\":\"Blog de Participaci\u00f3n Ciudadana del Ayuntamiento de Madrid\",\"potentialAction\":[{\"@type\":\"SearchAction\",\"target\":{\"@type\":\"EntryPoint\",\"urlTemplate\":\"https:\/\/diario.madrid.es\/decidemadrid\/?s={search_term_string}\"},\"query-input\":{\"@type\":\"PropertyValueSpecification\",\"valueRequired\":true,\"valueName\":\"search_term_string\"}}],\"inLanguage\":\"es\"},{\"@type\":\"Person\",\"@id\":\"https:\/\/diario.madrid.es\/decidemadrid\/#\/schema\/person\/a0018a37d4af777c31256063fd89363d\",\"name\":\"gobabierto\",\"image\":{\"@type\":\"ImageObject\",\"inLanguage\":\"es\",\"@id\":\"https:\/\/diario.madrid.es\/decidemadrid\/#\/schema\/person\/image\/\",\"url\":\"https:\/\/secure.gravatar.com\/avatar\/51186ba4d0098ad7548dfe94df68e208bdf6224aadf672f6cbcafcec90cd48cc?s=96&d=mm&r=g\",\"contentUrl\":\"https:\/\/secure.gravatar.com\/avatar\/51186ba4d0098ad7548dfe94df68e208bdf6224aadf672f6cbcafcec90cd48cc?s=96&d=mm&r=g\",\"caption\":\"gobabierto\"},\"url\":\"https:\/\/diario.madrid.es\/decidemadrid\/author\/gobabierto\/\"}]}<\/script>\n<!-- \/ Yoast SEO Premium plugin. -->","yoast_head_json":{"title":"Pokrok v oblasti fyziologick\u00fdch test\u016f a v\u00fdvoje diagnostick\u00fdch metod - Decide Madrid","robots":{"index":"index","follow":"follow","max-snippet":"max-snippet:-1","max-image-preview":"max-image-preview:large","max-video-preview":"max-video-preview:-1"},"canonical":"https:\/\/diario.madrid.es\/decidemadrid\/2025\/09\/01\/pokrok-v-oblasti-fyziologickych-testu-a-vyvoje-diagnostickych-metod\/","og_locale":"es_ES","og_type":"article","og_title":"Pokrok v oblasti fyziologick\u00fdch test\u016f a v\u00fdvoje diagnostick\u00fdch metod","og_description":"V dne\u0161n\u00ed \u00e9\u0159e zdravotnick\u00e9ho pokroku je p\u0159esn\u00e1 a v\u010dasn\u00e1 diagnostika kl\u00ed\u010dov\u00fdm faktorem pro \u00fasp\u011b\u0161nou l\u00e9\u010dbu a prevenci \u0159ady onemocn\u011bn\u00ed. V\u00fdzkum a inovace v oblasti biologick\u00fdch test\u016f a diagnostick\u00fdch metod se neust\u00e1le posouvaj\u00ed kup\u0159edu, umo\u017e\u0148uj\u00edc\u00ed l\u00e9ka\u0159\u016fm a v\u011bdc\u016fm efektivn\u011bji identifikovat zdravotn\u00ed rizika, sledovat fyziologick\u00e9 parametry a optimalizovat l\u00e9\u010debn\u00e9 pl\u00e1ny. Modern\u00ed p\u0159\u00edstupy k fyziologick\u00e9 diagnostice V posledn\u00edch [&hellip;]","og_url":"https:\/\/diario.madrid.es\/decidemadrid\/2025\/09\/01\/pokrok-v-oblasti-fyziologickych-testu-a-vyvoje-diagnostickych-metod\/","og_site_name":"Decide Madrid","article_published_time":"2025-09-01T21:15:29+00:00","article_modified_time":"2026-09-01T21:15:30+00:00","author":"gobabierto","twitter_card":"summary_large_image","twitter_misc":{"Escrito por":"gobabierto","Tiempo de lectura":"3 minutos"},"schema":{"@context":"https:\/\/schema.org","@graph":[{"@type":"WebPage","@id":"https:\/\/diario.madrid.es\/decidemadrid\/2025\/09\/01\/pokrok-v-oblasti-fyziologickych-testu-a-vyvoje-diagnostickych-metod\/","url":"https:\/\/diario.madrid.es\/decidemadrid\/2025\/09\/01\/pokrok-v-oblasti-fyziologickych-testu-a-vyvoje-diagnostickych-metod\/","name":"Pokrok v oblasti fyziologick\u00fdch test\u016f a v\u00fdvoje diagnostick\u00fdch metod - Decide Madrid","isPartOf":{"@id":"https:\/\/diario.madrid.es\/decidemadrid\/#website"},"datePublished":"2025-09-01T21:15:29+00:00","dateModified":"2026-09-01T21:15:30+00:00","author":{"@id":"https:\/\/diario.madrid.es\/decidemadrid\/#\/schema\/person\/a0018a37d4af777c31256063fd89363d"},"breadcrumb":{"@id":"https:\/\/diario.madrid.es\/decidemadrid\/2025\/09\/01\/pokrok-v-oblasti-fyziologickych-testu-a-vyvoje-diagnostickych-metod\/#breadcrumb"},"inLanguage":"es","potentialAction":[{"@type":"ReadAction","target":["https:\/\/diario.madrid.es\/decidemadrid\/2025\/09\/01\/pokrok-v-oblasti-fyziologickych-testu-a-vyvoje-diagnostickych-metod\/"]}]},{"@type":"BreadcrumbList","@id":"https:\/\/diario.madrid.es\/decidemadrid\/2025\/09\/01\/pokrok-v-oblasti-fyziologickych-testu-a-vyvoje-diagnostickych-metod\/#breadcrumb","itemListElement":[{"@type":"ListItem","position":1,"name":"Portada","item":"https:\/\/diario.madrid.es\/decidemadrid\/"},{"@type":"ListItem","position":2,"name":"Pokrok v oblasti fyziologick\u00fdch test\u016f a v\u00fdvoje diagnostick\u00fdch metod"}]},{"@type":"WebSite","@id":"https:\/\/diario.madrid.es\/decidemadrid\/#website","url":"https:\/\/diario.madrid.es\/decidemadrid\/","name":"Decide Madrid","description":"Blog de Participaci\u00f3n Ciudadana del Ayuntamiento de Madrid","potentialAction":[{"@type":"SearchAction","target":{"@type":"EntryPoint","urlTemplate":"https:\/\/diario.madrid.es\/decidemadrid\/?s={search_term_string}"},"query-input":{"@type":"PropertyValueSpecification","valueRequired":true,"valueName":"search_term_string"}}],"inLanguage":"es"},{"@type":"Person","@id":"https:\/\/diario.madrid.es\/decidemadrid\/#\/schema\/person\/a0018a37d4af777c31256063fd89363d","name":"gobabierto","image":{"@type":"ImageObject","inLanguage":"es","@id":"https:\/\/diario.madrid.es\/decidemadrid\/#\/schema\/person\/image\/","url":"https:\/\/secure.gravatar.com\/avatar\/51186ba4d0098ad7548dfe94df68e208bdf6224aadf672f6cbcafcec90cd48cc?s=96&d=mm&r=g","contentUrl":"https:\/\/secure.gravatar.com\/avatar\/51186ba4d0098ad7548dfe94df68e208bdf6224aadf672f6cbcafcec90cd48cc?s=96&d=mm&r=g","caption":"gobabierto"},"url":"https:\/\/diario.madrid.es\/decidemadrid\/author\/gobabierto\/"}]}},"_links":{"self":[{"href":"https:\/\/diario.madrid.es\/decidemadrid\/wp-json\/wp\/v2\/posts\/11045","targetHints":{"allow":["GET"]}}],"collection":[{"href":"https:\/\/diario.madrid.es\/decidemadrid\/wp-json\/wp\/v2\/posts"}],"about":[{"href":"https:\/\/diario.madrid.es\/decidemadrid\/wp-json\/wp\/v2\/types\/post"}],"author":[{"embeddable":true,"href":"https:\/\/diario.madrid.es\/decidemadrid\/wp-json\/wp\/v2\/users\/161"}],"replies":[{"embeddable":true,"href":"https:\/\/diario.madrid.es\/decidemadrid\/wp-json\/wp\/v2\/comments?post=11045"}],"version-history":[{"count":1,"href":"https:\/\/diario.madrid.es\/decidemadrid\/wp-json\/wp\/v2\/posts\/11045\/revisions"}],"predecessor-version":[{"id":11046,"href":"https:\/\/diario.madrid.es\/decidemadrid\/wp-json\/wp\/v2\/posts\/11045\/revisions\/11046"}],"wp:attachment":[{"href":"https:\/\/diario.madrid.es\/decidemadrid\/wp-json\/wp\/v2\/media?parent=11045"}],"wp:term":[{"taxonomy":"category","embeddable":true,"href":"https:\/\/diario.madrid.es\/decidemadrid\/wp-json\/wp\/v2\/categories?post=11045"},{"taxonomy":"post_tag","embeddable":true,"href":"https:\/\/diario.madrid.es\/decidemadrid\/wp-json\/wp\/v2\/tags?post=11045"}],"curies":[{"name":"wp","href":"https:\/\/api.w.org\/{rel}","templated":true}]}}