{"id":10568,"date":"2025-08-27T14:14:40","date_gmt":"2025-08-27T12:14:40","guid":{"rendered":"https:\/\/diario.madrid.es\/decidemadrid\/?p=10568"},"modified":"2026-08-27T14:14:42","modified_gmt":"2026-08-27T12:14:42","slug":"znaczenie-profesjonalnych-rozwiazan-oswietleniowych-w-architekturze-wnetrz","status":"publish","type":"post","link":"https:\/\/diario.madrid.es\/decidemadrid\/2025\/08\/27\/znaczenie-profesjonalnych-rozwiazan-oswietleniowych-w-architekturze-wnetrz\/","title":{"rendered":"Znaczenie profesjonalnych rozwi\u0105za\u0144 o\u015bwietleniowych w architekturze wn\u0119trz"},"content":{"rendered":"<p>O\u015bwietlenie odgrywa kluczow\u0105 rol\u0119 w kszta\u0142towaniu atmosfery oraz funkcjonalno\u015bci wn\u0119trz. Nie chodzi wy\u0142\u0105cznie o zapewnienie widoczno\u015bci, lecz o tworzenie harmonijnej przestrzeni, kt\u00f3ra odpowiada zar\u00f3wno estetycznym, jak i u\u017cytkowym potrzebom mieszka\u0144c\u00f3w czy u\u017cytkownik\u00f3w obiekt\u00f3w komercyjnych. W ostatnich latach ro\u015bnie \u015bwiadomo\u015b\u0107 znaczenia odpowiednio dobranego o\u015bwietlenia, co poci\u0105ga za sob\u0105 coraz wi\u0119ksze zainteresowanie rozwi\u0105zaniami na poziomie projektowania i realizacji.<\/p>\n<h2>Profesjonalne planowanie i realizacja system\u00f3w o\u015bwietleniowych<\/h2>\n<p>Podstaw\u0105 skutecznych system\u00f3w o\u015bwietleniowych jest dok\u0142adne planowanie. Architekci i projektanci wn\u0119trz coraz cz\u0119\u015bciej korzystaj\u0105 z us\u0142ug specjalist\u00f3w ds. o\u015bwietlenia, aby opracowa\u0107 rozwi\u0105zania spe\u0142niaj\u0105ce wysokie standardy funkcjonalno\u015bci, energooszcz\u0119dno\u015bci oraz estetyki. Realizacja tych projekt\u00f3w wymaga nie tylko znajomo\u015bci najnowszych trend\u00f3w, ale te\u017c g\u0142\u0119bokiej wiedzy technicznej o dost\u0119pnych technologiach i materia\u0142a\u2011ch o\u015bwietleniowych.<\/p>\n<p>Na rynku funkcjonuj\u0105 firmy specjalizuj\u0105ce si\u0119 w dostarczaniu kompleksowych rozwi\u0105za\u0144, \u0142\u0105cz\u0105c produkty najwy\u017cszej jako\u015bci z wykorzystywaniem innowacyjnych technologii. Takie przedsi\u0119biorstwa cz\u0119sto zapewniaj\u0105 dost\u0119p do pe\u0142nej gamy produkt\u00f3w \u2014 od nowoczesnych opraw LED, przez systemy sterowania, a\u017c po rozwi\u0105zania dedykowane specyficznym potrzebom klient\u00f3w. Warto korzysta\u0107 z ofert renomowanych dostawc\u00f3w, aby mie\u0107 pewno\u015b\u0107, \u017ce instalacja b\u0119dzie trwa\u0142a i funkcjonalna przez d\u0142ugie lata.<\/p>\n<p>Przyk\u0142adowo, niezawodnym \u017ar\u00f3d\u0142em informacji i dostawc\u0105 wysokiej jako\u015bci produkt\u00f3w jest <a href=\"https:\/\/glorion.com.pl\/\">glorion.com.pl<\/a>. Firma ta oferuje szeroki wyb\u00f3r opraw, system\u00f3w sterowania i akcesori\u00f3w o\u015bwietleniowych, kt\u00f3re s\u0105 u\u017cywane zar\u00f3wno w projektach komercyjnych, jak i prywatnych. Skorzystanie z ich oferty umo\u017cliwia architektom i inwestorom dost\u0119p do sprawdzonych rozwi\u0105za\u0144, co jest kluczowe dla zapewnienia wysokiej jako\u015bci ko\u0144cowego efektu.<\/p>\n<h2>Technologiczne trendy wp\u0142ywaj\u0105ce na o\u015bwietlenie wn\u0119trz<\/h2>\n<ul>\n<li>O\u015bwietlenie LED \u2014 energooszcz\u0119dne i d\u0142ugowieczne \u017ar\u00f3d\u0142a \u015bwiat\u0142a, kt\u00f3re pozwalaj\u0105 na kreatywne kszta\u0142towanie przestrzeni.<\/li>\n<li>Sterowanie inteligentne \u2014 integracja system\u00f3w o\u015bwietleniowych z technologiami smart home, umo\u017cliwiaj\u0105ca precyzyjn\u0105 kontrol\u0119 i automatyzacj\u0119.<\/li>\n<li>Rozwi\u0105zania ekologiczne \u2014 minimalizacja zu\u017cycia energii i wykorzystanie materia\u0142\u00f3w przyjaznych \u015brodowisku.<\/li>\n<li>Kreowanie atmosfery za pomoc\u0105 zmiennej temperatury barwowej i nat\u0119\u017cenia \u015bwiat\u0142a.<\/li>\n<\/ul>\n<h2>Wyzwania w implementacji rozwi\u0105za\u0144 o\u015bwietleniowych<\/h2>\n<p>Wdro\u017cenie zaawansowanych system\u00f3w o\u015bwietleniowych wymaga nie tylko wyboru odpowiednich produkt\u00f3w, lecz tak\u017ce dok\u0142adnego dostosowania ich do charakterystyki wn\u0119trza. Wyzwania obejmuj\u0105 m.in. zapewnienie harmonii mi\u0119dzy o\u015bwietleniem g\u0142\u00f3wnym a akcentuj\u0105cym, eliminowanie efekt\u00f3w odblaskowych, a tak\u017ce optymalizacj\u0119 zu\u017cycia energii przy zachowaniu wysokiej jako\u015bci \u015bwiat\u0142a.<\/p>\n<h2>Podsumowanie<\/h2>\n<p>Profesjonalne rozwi\u0105zania o\u015bwietleniowe stanowi\u0105 fundament nowoczesnych projekt\u00f3w wn\u0119trzarskich i architektonicznych. Ich odpowiedni dob\u00f3r i implementacja pozwalaj\u0105 nie tylko na funkcjonalne wykorzystanie przestrzeni, ale tak\u017ce na jej atrakcyjne wizualne przedstawienie. W dzisiejszych czasach dost\u0119p do wysokiej jako\u015bci produkt\u00f3w i kompleksowych us\u0142ug, jak te oferowane przez glorion.com.pl, jest nieoceniony dla uzyskania optymalnych efekt\u00f3w.<\/p>\n<table>\n<caption>Podsumowanie kluczowych element\u00f3w system\u00f3w o\u015bwietleniowych<\/caption>\n<thead>\n<tr>\n<th>Aspekt<\/th>\n<th>Opis<\/th>\n<\/tr>\n<\/thead>\n<tbody>\n<tr>\n<td>Technologia<\/td>\n<td>Nowoczesne \u017ar\u00f3d\u0142a \u015bwiat\u0142a i systemy sterowania<\/td>\n<\/tr>\n<tr>\n<td>Funkcjonalno\u015b\u0107<\/td>\n<td>Adaptacja do potrzeb u\u017cytkownik\u00f3w i charakterystyki przestrzeni<\/td>\n<\/tr>\n<tr>\n<td>Estetyka<\/td>\n<td>Integracja z aran\u017cacj\u0105 wn\u0119trza i designem<\/td>\n<\/tr>\n<tr>\n<td>Efektywno\u015b\u0107<\/td>\n<td>Minimalizacja koszt\u00f3w energii przy maksymalnej wydajno\u015bci<\/td>\n<\/tr>\n<\/tbody>\n<\/table>\n<blockquote><p>Dob\u00f3r odpowiednich rozwi\u0105za\u0144 o\u015bwietleniowych to nie tylko kwestie estetyczne, ale przede wszystkim techniczne i funkcjonalne, kt\u00f3re zadecydowa\u0107 mog\u0105 o komforcie i bezpiecze\u0144stwie u\u017cytkownik\u00f3w przestrzeni.<\/p><\/blockquote>\n","protected":false},"excerpt":{"rendered":"<p>O\u015bwietlenie odgrywa kluczow\u0105 rol\u0119 w kszta\u0142towaniu atmosfery oraz funkcjonalno\u015bci wn\u0119trz. Nie chodzi wy\u0142\u0105cznie o zapewnienie widoczno\u015bci, lecz o tworzenie harmonijnej przestrzeni, kt\u00f3ra odpowiada zar\u00f3wno estetycznym, jak i u\u017cytkowym potrzebom mieszka\u0144c\u00f3w czy u\u017cytkownik\u00f3w obiekt\u00f3w komercyjnych. W ostatnich latach ro\u015bnie \u015bwiadomo\u015b\u0107 znaczenia odpowiednio dobranego o\u015bwietlenia, co poci\u0105ga za sob\u0105 coraz wi\u0119ksze zainteresowanie rozwi\u0105zaniami na poziomie projektowania i [&hellip;]<\/p>\n","protected":false},"author":161,"featured_media":0,"comment_status":"closed","ping_status":"closed","sticky":false,"template":"","format":"standard","meta":{"footnotes":""},"categories":[1],"tags":[],"class_list":["post-10568","post","type-post","status-publish","format-standard","hentry","category-procesos-participativos","no-thumbnail"],"yoast_head":"<!-- This site is optimized with the Yoast SEO Premium plugin v25.4 (Yoast SEO v26.4) - https:\/\/yoast.com\/wordpress\/plugins\/seo\/ -->\n<title>Znaczenie profesjonalnych rozwi\u0105za\u0144 o\u015bwietleniowych w architekturze wn\u0119trz - Decide Madrid<\/title>\n<meta name=\"robots\" content=\"index, follow, max-snippet:-1, max-image-preview:large, max-video-preview:-1\" \/>\n<link rel=\"canonical\" href=\"https:\/\/diario.madrid.es\/decidemadrid\/2025\/08\/27\/znaczenie-profesjonalnych-rozwiazan-oswietleniowych-w-architekturze-wnetrz\/\" \/>\n<meta property=\"og:locale\" content=\"es_ES\" \/>\n<meta property=\"og:type\" content=\"article\" \/>\n<meta property=\"og:title\" content=\"Znaczenie profesjonalnych rozwi\u0105za\u0144 o\u015bwietleniowych w architekturze wn\u0119trz\" \/>\n<meta property=\"og:description\" content=\"O\u015bwietlenie odgrywa kluczow\u0105 rol\u0119 w kszta\u0142towaniu atmosfery oraz funkcjonalno\u015bci wn\u0119trz. Nie chodzi wy\u0142\u0105cznie o zapewnienie widoczno\u015bci, lecz o tworzenie harmonijnej przestrzeni, kt\u00f3ra odpowiada zar\u00f3wno estetycznym, jak i u\u017cytkowym potrzebom mieszka\u0144c\u00f3w czy u\u017cytkownik\u00f3w obiekt\u00f3w komercyjnych. W ostatnich latach ro\u015bnie \u015bwiadomo\u015b\u0107 znaczenia odpowiednio dobranego o\u015bwietlenia, co poci\u0105ga za sob\u0105 coraz wi\u0119ksze zainteresowanie rozwi\u0105zaniami na poziomie projektowania i [&hellip;]\" \/>\n<meta property=\"og:url\" content=\"https:\/\/diario.madrid.es\/decidemadrid\/2025\/08\/27\/znaczenie-profesjonalnych-rozwiazan-oswietleniowych-w-architekturze-wnetrz\/\" \/>\n<meta property=\"og:site_name\" content=\"Decide Madrid\" \/>\n<meta property=\"article:published_time\" content=\"2025-08-27T12:14:40+00:00\" \/>\n<meta property=\"article:modified_time\" content=\"2026-08-27T12:14:42+00:00\" \/>\n<meta name=\"author\" content=\"gobabierto\" \/>\n<meta name=\"twitter:card\" content=\"summary_large_image\" \/>\n<meta name=\"twitter:label1\" content=\"Escrito por\" \/>\n\t<meta name=\"twitter:data1\" content=\"gobabierto\" \/>\n\t<meta name=\"twitter:label2\" content=\"Tiempo de lectura\" \/>\n\t<meta name=\"twitter:data2\" content=\"3 minutos\" \/>\n<script type=\"application\/ld+json\" class=\"yoast-schema-graph\">{\"@context\":\"https:\/\/schema.org\",\"@graph\":[{\"@type\":\"WebPage\",\"@id\":\"https:\/\/diario.madrid.es\/decidemadrid\/2025\/08\/27\/znaczenie-profesjonalnych-rozwiazan-oswietleniowych-w-architekturze-wnetrz\/\",\"url\":\"https:\/\/diario.madrid.es\/decidemadrid\/2025\/08\/27\/znaczenie-profesjonalnych-rozwiazan-oswietleniowych-w-architekturze-wnetrz\/\",\"name\":\"Znaczenie profesjonalnych rozwi\u0105za\u0144 o\u015bwietleniowych w architekturze wn\u0119trz - Decide Madrid\",\"isPartOf\":{\"@id\":\"https:\/\/diario.madrid.es\/decidemadrid\/#website\"},\"datePublished\":\"2025-08-27T12:14:40+00:00\",\"dateModified\":\"2026-08-27T12:14:42+00:00\",\"author\":{\"@id\":\"https:\/\/diario.madrid.es\/decidemadrid\/#\/schema\/person\/a0018a37d4af777c31256063fd89363d\"},\"breadcrumb\":{\"@id\":\"https:\/\/diario.madrid.es\/decidemadrid\/2025\/08\/27\/znaczenie-profesjonalnych-rozwiazan-oswietleniowych-w-architekturze-wnetrz\/#breadcrumb\"},\"inLanguage\":\"es\",\"potentialAction\":[{\"@type\":\"ReadAction\",\"target\":[\"https:\/\/diario.madrid.es\/decidemadrid\/2025\/08\/27\/znaczenie-profesjonalnych-rozwiazan-oswietleniowych-w-architekturze-wnetrz\/\"]}]},{\"@type\":\"BreadcrumbList\",\"@id\":\"https:\/\/diario.madrid.es\/decidemadrid\/2025\/08\/27\/znaczenie-profesjonalnych-rozwiazan-oswietleniowych-w-architekturze-wnetrz\/#breadcrumb\",\"itemListElement\":[{\"@type\":\"ListItem\",\"position\":1,\"name\":\"Portada\",\"item\":\"https:\/\/diario.madrid.es\/decidemadrid\/\"},{\"@type\":\"ListItem\",\"position\":2,\"name\":\"Znaczenie profesjonalnych rozwi\u0105za\u0144 o\u015bwietleniowych w architekturze wn\u0119trz\"}]},{\"@type\":\"WebSite\",\"@id\":\"https:\/\/diario.madrid.es\/decidemadrid\/#website\",\"url\":\"https:\/\/diario.madrid.es\/decidemadrid\/\",\"name\":\"Decide Madrid\",\"description\":\"Blog de Participaci\u00f3n Ciudadana del Ayuntamiento de Madrid\",\"potentialAction\":[{\"@type\":\"SearchAction\",\"target\":{\"@type\":\"EntryPoint\",\"urlTemplate\":\"https:\/\/diario.madrid.es\/decidemadrid\/?s={search_term_string}\"},\"query-input\":{\"@type\":\"PropertyValueSpecification\",\"valueRequired\":true,\"valueName\":\"search_term_string\"}}],\"inLanguage\":\"es\"},{\"@type\":\"Person\",\"@id\":\"https:\/\/diario.madrid.es\/decidemadrid\/#\/schema\/person\/a0018a37d4af777c31256063fd89363d\",\"name\":\"gobabierto\",\"image\":{\"@type\":\"ImageObject\",\"inLanguage\":\"es\",\"@id\":\"https:\/\/diario.madrid.es\/decidemadrid\/#\/schema\/person\/image\/\",\"url\":\"https:\/\/secure.gravatar.com\/avatar\/51186ba4d0098ad7548dfe94df68e208bdf6224aadf672f6cbcafcec90cd48cc?s=96&d=mm&r=g\",\"contentUrl\":\"https:\/\/secure.gravatar.com\/avatar\/51186ba4d0098ad7548dfe94df68e208bdf6224aadf672f6cbcafcec90cd48cc?s=96&d=mm&r=g\",\"caption\":\"gobabierto\"},\"url\":\"https:\/\/diario.madrid.es\/decidemadrid\/author\/gobabierto\/\"}]}<\/script>\n<!-- \/ Yoast SEO Premium plugin. -->","yoast_head_json":{"title":"Znaczenie profesjonalnych rozwi\u0105za\u0144 o\u015bwietleniowych w architekturze wn\u0119trz - Decide Madrid","robots":{"index":"index","follow":"follow","max-snippet":"max-snippet:-1","max-image-preview":"max-image-preview:large","max-video-preview":"max-video-preview:-1"},"canonical":"https:\/\/diario.madrid.es\/decidemadrid\/2025\/08\/27\/znaczenie-profesjonalnych-rozwiazan-oswietleniowych-w-architekturze-wnetrz\/","og_locale":"es_ES","og_type":"article","og_title":"Znaczenie profesjonalnych rozwi\u0105za\u0144 o\u015bwietleniowych w architekturze wn\u0119trz","og_description":"O\u015bwietlenie odgrywa kluczow\u0105 rol\u0119 w kszta\u0142towaniu atmosfery oraz funkcjonalno\u015bci wn\u0119trz. Nie chodzi wy\u0142\u0105cznie o zapewnienie widoczno\u015bci, lecz o tworzenie harmonijnej przestrzeni, kt\u00f3ra odpowiada zar\u00f3wno estetycznym, jak i u\u017cytkowym potrzebom mieszka\u0144c\u00f3w czy u\u017cytkownik\u00f3w obiekt\u00f3w komercyjnych. W ostatnich latach ro\u015bnie \u015bwiadomo\u015b\u0107 znaczenia odpowiednio dobranego o\u015bwietlenia, co poci\u0105ga za sob\u0105 coraz wi\u0119ksze zainteresowanie rozwi\u0105zaniami na poziomie projektowania i [&hellip;]","og_url":"https:\/\/diario.madrid.es\/decidemadrid\/2025\/08\/27\/znaczenie-profesjonalnych-rozwiazan-oswietleniowych-w-architekturze-wnetrz\/","og_site_name":"Decide Madrid","article_published_time":"2025-08-27T12:14:40+00:00","article_modified_time":"2026-08-27T12:14:42+00:00","author":"gobabierto","twitter_card":"summary_large_image","twitter_misc":{"Escrito por":"gobabierto","Tiempo de lectura":"3 minutos"},"schema":{"@context":"https:\/\/schema.org","@graph":[{"@type":"WebPage","@id":"https:\/\/diario.madrid.es\/decidemadrid\/2025\/08\/27\/znaczenie-profesjonalnych-rozwiazan-oswietleniowych-w-architekturze-wnetrz\/","url":"https:\/\/diario.madrid.es\/decidemadrid\/2025\/08\/27\/znaczenie-profesjonalnych-rozwiazan-oswietleniowych-w-architekturze-wnetrz\/","name":"Znaczenie profesjonalnych rozwi\u0105za\u0144 o\u015bwietleniowych w architekturze wn\u0119trz - Decide Madrid","isPartOf":{"@id":"https:\/\/diario.madrid.es\/decidemadrid\/#website"},"datePublished":"2025-08-27T12:14:40+00:00","dateModified":"2026-08-27T12:14:42+00:00","author":{"@id":"https:\/\/diario.madrid.es\/decidemadrid\/#\/schema\/person\/a0018a37d4af777c31256063fd89363d"},"breadcrumb":{"@id":"https:\/\/diario.madrid.es\/decidemadrid\/2025\/08\/27\/znaczenie-profesjonalnych-rozwiazan-oswietleniowych-w-architekturze-wnetrz\/#breadcrumb"},"inLanguage":"es","potentialAction":[{"@type":"ReadAction","target":["https:\/\/diario.madrid.es\/decidemadrid\/2025\/08\/27\/znaczenie-profesjonalnych-rozwiazan-oswietleniowych-w-architekturze-wnetrz\/"]}]},{"@type":"BreadcrumbList","@id":"https:\/\/diario.madrid.es\/decidemadrid\/2025\/08\/27\/znaczenie-profesjonalnych-rozwiazan-oswietleniowych-w-architekturze-wnetrz\/#breadcrumb","itemListElement":[{"@type":"ListItem","position":1,"name":"Portada","item":"https:\/\/diario.madrid.es\/decidemadrid\/"},{"@type":"ListItem","position":2,"name":"Znaczenie profesjonalnych rozwi\u0105za\u0144 o\u015bwietleniowych w architekturze wn\u0119trz"}]},{"@type":"WebSite","@id":"https:\/\/diario.madrid.es\/decidemadrid\/#website","url":"https:\/\/diario.madrid.es\/decidemadrid\/","name":"Decide Madrid","description":"Blog de Participaci\u00f3n Ciudadana del Ayuntamiento de Madrid","potentialAction":[{"@type":"SearchAction","target":{"@type":"EntryPoint","urlTemplate":"https:\/\/diario.madrid.es\/decidemadrid\/?s={search_term_string}"},"query-input":{"@type":"PropertyValueSpecification","valueRequired":true,"valueName":"search_term_string"}}],"inLanguage":"es"},{"@type":"Person","@id":"https:\/\/diario.madrid.es\/decidemadrid\/#\/schema\/person\/a0018a37d4af777c31256063fd89363d","name":"gobabierto","image":{"@type":"ImageObject","inLanguage":"es","@id":"https:\/\/diario.madrid.es\/decidemadrid\/#\/schema\/person\/image\/","url":"https:\/\/secure.gravatar.com\/avatar\/51186ba4d0098ad7548dfe94df68e208bdf6224aadf672f6cbcafcec90cd48cc?s=96&d=mm&r=g","contentUrl":"https:\/\/secure.gravatar.com\/avatar\/51186ba4d0098ad7548dfe94df68e208bdf6224aadf672f6cbcafcec90cd48cc?s=96&d=mm&r=g","caption":"gobabierto"},"url":"https:\/\/diario.madrid.es\/decidemadrid\/author\/gobabierto\/"}]}},"_links":{"self":[{"href":"https:\/\/diario.madrid.es\/decidemadrid\/wp-json\/wp\/v2\/posts\/10568","targetHints":{"allow":["GET"]}}],"collection":[{"href":"https:\/\/diario.madrid.es\/decidemadrid\/wp-json\/wp\/v2\/posts"}],"about":[{"href":"https:\/\/diario.madrid.es\/decidemadrid\/wp-json\/wp\/v2\/types\/post"}],"author":[{"embeddable":true,"href":"https:\/\/diario.madrid.es\/decidemadrid\/wp-json\/wp\/v2\/users\/161"}],"replies":[{"embeddable":true,"href":"https:\/\/diario.madrid.es\/decidemadrid\/wp-json\/wp\/v2\/comments?post=10568"}],"version-history":[{"count":1,"href":"https:\/\/diario.madrid.es\/decidemadrid\/wp-json\/wp\/v2\/posts\/10568\/revisions"}],"predecessor-version":[{"id":10569,"href":"https:\/\/diario.madrid.es\/decidemadrid\/wp-json\/wp\/v2\/posts\/10568\/revisions\/10569"}],"wp:attachment":[{"href":"https:\/\/diario.madrid.es\/decidemadrid\/wp-json\/wp\/v2\/media?parent=10568"}],"wp:term":[{"taxonomy":"category","embeddable":true,"href":"https:\/\/diario.madrid.es\/decidemadrid\/wp-json\/wp\/v2\/categories?post=10568"},{"taxonomy":"post_tag","embeddable":true,"href":"https:\/\/diario.madrid.es\/decidemadrid\/wp-json\/wp\/v2\/tags?post=10568"}],"curies":[{"name":"wp","href":"https:\/\/api.w.org\/{rel}","templated":true}]}}