{"id":10552,"date":"2025-08-27T14:11:33","date_gmt":"2025-08-27T12:11:33","guid":{"rendered":"https:\/\/diario.madrid.es\/decidemadrid\/?p=10552"},"modified":"2026-08-27T14:11:34","modified_gmt":"2026-08-27T12:11:34","slug":"fyysisen-uhkan-ja-kyberturvallisuuden-yhdistaminen-nykypaivan-uhkakuvaissa","status":"publish","type":"post","link":"https:\/\/diario.madrid.es\/decidemadrid\/2025\/08\/27\/fyysisen-uhkan-ja-kyberturvallisuuden-yhdistaminen-nykypaivan-uhkakuvaissa\/","title":{"rendered":"Fyysisen uhkan ja kyberturvallisuuden yhdist\u00e4minen nykyp\u00e4iv\u00e4n uhkakuvaissa"},"content":{"rendered":"<p>Nykyisess\u00e4 digitaalisessa ymp\u00e4rist\u00f6ss\u00e4 organisaatioiden turvallisuuden hallinta vaatii laaja-alaista l\u00e4hestymistapaa, joka huomioi sek\u00e4 fyysiset ett\u00e4 digitaalisen maailman uhat. Fyysiset turvallisuusn\u00e4k\u00f6kohdat sis\u00e4lt\u00e4v\u00e4t esimerkiksi p\u00e4\u00e4synvalvonnan rakennuksiin, kameravalvonnan ja henkil\u00f6st\u00f6n koulutuksen, kun taas kyberturvallisuus keskittyy verkko- ja tietoj\u00e4rjestelmien suojaamiseen haitallisilta hy\u00f6kk\u00e4yksilt\u00e4.<\/p>\n<h2>Fyysisen ja kyberridankin integraation merkitys<\/h2>\n<p>Usein organisaatiot ovat n\u00e4hneet fyysiset ja kyberuhkat erillisin\u00e4 viitekehyksin\u00e4, mutta todellisuus osoittaa, ett\u00e4 niiden v\u00e4linen yhteys on tiivis ja perustavanlaatuinen. Esimerkiksi materiaalinen p\u00e4\u00e4sy tietokatastrofeihin tai tietojen luvaton kopiointi voi olla saumattomasti yhteydess\u00e4 fyysisiin hy\u00f6kk\u00e4yksiin, kuten tunkeilijoiden p\u00e4\u00e4syyn kriittisiin tiloihin.<\/p>\n<p>Konseptina t\u00e4m\u00e4 on mahdollistanut uudenlaisen hallintamallin, jossa molemmat puolen turvallisuustoimenpiteet integroidaan strategisesti. T\u00e4ll\u00f6in esimerkiksi identiteetin varmentamisen j\u00e4rjestelm\u00e4t voivat sis\u00e4lt\u00e4\u00e4 biometrisi\u00e4 tunnisteita, joita k\u00e4ytet\u00e4\u00e4n sek\u00e4 fyysiseen p\u00e4\u00e4syyn ett\u00e4 tietoj\u00e4rjestelmiin. N\u00e4in varmistetaan, ett\u00e4 oikeat henkil\u00f6t p\u00e4\u00e4sev\u00e4t k\u00e4siksi vain sallittuihin resursseihin, ja vaarat voidaan minimoida huomattavasti.<\/p>\n<h2>Teknologia ja k\u00e4yt\u00e4nn\u00f6n sovellukset<\/h2>\n<p>Yksi konkreettinen esimerkki t\u00e4st\u00e4 integraatiosta on keskitetty valvontaj\u00e4rjestelm\u00e4, joka yhdist\u00e4\u00e4 fyysisen valvonnan ja kyberpuolen monitoroinnin. T\u00e4ll\u00f6in esimerkiksi kameraj\u00e4rjestelm\u00e4t, tunkeutumisen havaitsevat sensorit ja palomuurit toimivat osana yhten\u00e4ist\u00e4 j\u00e4rjestelm\u00e4\u00e4, joka mahdollistaa nopeamman reagoinnin mahdollisiin uhkiin.<\/p>\n<table>\n<thead>\n<tr>\n<th>Ominaisuus<\/th>\n<th>Kuvaus<\/th>\n<\/tr>\n<\/thead>\n<tbody>\n<tr>\n<td>Yhdistetty valvonta<\/td>\n<td>Integroitu j\u00e4rjestelm\u00e4 mahdollistaa reaaliaikaisen n\u00e4kem\u00e4n ja yhdistetyt h\u00e4lytykset fyysisest\u00e4 ja kyberuhkasta.<\/td>\n<\/tr>\n<tr>\n<td>Biometrinen tunnistus<\/td>\n<td>K\u00e4ytt\u00e4jien tunnistaminen ja p\u00e4\u00e4synvalvonta k\u00e4ytt\u00e4m\u00e4ll\u00e4 sormenj\u00e4lki\u00e4, kasvojentunnistusta tai muita biometrisi\u00e4 menetelmi\u00e4.<\/td>\n<\/tr>\n<\/tbody>\n<\/table>\n<h2>Haasteet ja tulevaisuuden n\u00e4kym\u00e4t<\/h2>\n<p>Kokonaisvaltainen turvallisuussuunnnittelu vaatii kuitenkin resursseja ja osaamista, koska fyysisen ja digitaalisen turvallisuuden hallinta edellytt\u00e4\u00e4 usein erikoistuneita j\u00e4rjestelmi\u00e4 ja yhteisty\u00f6t\u00e4 eri tiimien v\u00e4lill\u00e4. Lis\u00e4ksi kyberturvallisuuden nopea kehittyminen aiheuttaa sen, ett\u00e4 yhteisten toimintamallien yll\u00e4pit\u00e4minen pysyy jatkuvassa kehityksess\u00e4.<\/p>\n<blockquote><p>Muutos vaatii organisaatioilta uudenlaista ajattelutapaa, jossa fyysiset ja kyberuhkat n\u00e4hd\u00e4\u00e4n osana samaa kokonaisuutta.<\/p><\/blockquote>\n<p>Turvallisuusasioiden hallinta on tulevaisuudessa yh\u00e4 enemm\u00e4n kehittym\u00e4ss\u00e4 yhdeksi integroiduksi konseptiksi, jossa verifiointi ja valvonta tapahtuvat saumattomasti fyysisen ja digitaalisen maailman v\u00e4lill\u00e4. T\u00e4llainen l\u00e4hestymistapa auttaa ehk\u00e4isem\u00e4\u00e4n monimuotoisia uhkia tehokkaasti ja suojaa organisaatioiden kriittisi\u00e4 resursseja niin fyysiselt\u00e4 kuin kyberuhkilta.<\/p>\n<p>N\u00e4in ollen turvallisuuden asiantuntijat ja IT-ammattilaiset pyrkiv\u00e4t rakentamaan j\u00e4rjestelmi\u00e4, jotka eiv\u00e4t ainoastaan suojaa yksitt\u00e4isi\u00e4 elementtej\u00e4, vaan holistisesti arvioivat ja hallitsevat kaikkia mahdollisia uhkamalleja.<\/p>\n<p>Lis\u00e4tietoa aiheesta tarjoaa esimerkiksi <a href=\"https:\/\/flaksi-kasino.fi\/\">https:\/\/www.flaksi-kasino.fi<\/a>, joka tarjoaa tarkempia n\u00e4kemyksi\u00e4 ja p\u00e4ivityksi\u00e4 turvallisuuden eri osa-alueista.<\/p>\n","protected":false},"excerpt":{"rendered":"<p>Nykyisess\u00e4 digitaalisessa ymp\u00e4rist\u00f6ss\u00e4 organisaatioiden turvallisuuden hallinta vaatii laaja-alaista l\u00e4hestymistapaa, joka huomioi sek\u00e4 fyysiset ett\u00e4 digitaalisen maailman uhat. Fyysiset turvallisuusn\u00e4k\u00f6kohdat sis\u00e4lt\u00e4v\u00e4t esimerkiksi p\u00e4\u00e4synvalvonnan rakennuksiin, kameravalvonnan ja henkil\u00f6st\u00f6n koulutuksen, kun taas kyberturvallisuus keskittyy verkko- ja tietoj\u00e4rjestelmien suojaamiseen haitallisilta hy\u00f6kk\u00e4yksilt\u00e4. Fyysisen ja kyberridankin integraation merkitys Usein organisaatiot ovat n\u00e4hneet fyysiset ja kyberuhkat erillisin\u00e4 viitekehyksin\u00e4, mutta todellisuus osoittaa, ett\u00e4 [&hellip;]<\/p>\n","protected":false},"author":161,"featured_media":0,"comment_status":"closed","ping_status":"closed","sticky":false,"template":"","format":"standard","meta":{"footnotes":""},"categories":[1],"tags":[],"class_list":["post-10552","post","type-post","status-publish","format-standard","hentry","category-procesos-participativos","no-thumbnail"],"yoast_head":"<!-- This site is optimized with the Yoast SEO Premium plugin v25.4 (Yoast SEO v26.4) - https:\/\/yoast.com\/wordpress\/plugins\/seo\/ -->\n<title>Fyysisen uhkan ja kyberturvallisuuden yhdist\u00e4minen nykyp\u00e4iv\u00e4n uhkakuvaissa - Decide Madrid<\/title>\n<meta name=\"robots\" content=\"index, follow, max-snippet:-1, max-image-preview:large, max-video-preview:-1\" \/>\n<link rel=\"canonical\" href=\"https:\/\/diario.madrid.es\/decidemadrid\/2025\/08\/27\/fyysisen-uhkan-ja-kyberturvallisuuden-yhdistaminen-nykypaivan-uhkakuvaissa\/\" \/>\n<meta property=\"og:locale\" content=\"es_ES\" \/>\n<meta property=\"og:type\" content=\"article\" \/>\n<meta property=\"og:title\" content=\"Fyysisen uhkan ja kyberturvallisuuden yhdist\u00e4minen nykyp\u00e4iv\u00e4n uhkakuvaissa\" \/>\n<meta property=\"og:description\" content=\"Nykyisess\u00e4 digitaalisessa ymp\u00e4rist\u00f6ss\u00e4 organisaatioiden turvallisuuden hallinta vaatii laaja-alaista l\u00e4hestymistapaa, joka huomioi sek\u00e4 fyysiset ett\u00e4 digitaalisen maailman uhat. Fyysiset turvallisuusn\u00e4k\u00f6kohdat sis\u00e4lt\u00e4v\u00e4t esimerkiksi p\u00e4\u00e4synvalvonnan rakennuksiin, kameravalvonnan ja henkil\u00f6st\u00f6n koulutuksen, kun taas kyberturvallisuus keskittyy verkko- ja tietoj\u00e4rjestelmien suojaamiseen haitallisilta hy\u00f6kk\u00e4yksilt\u00e4. Fyysisen ja kyberridankin integraation merkitys Usein organisaatiot ovat n\u00e4hneet fyysiset ja kyberuhkat erillisin\u00e4 viitekehyksin\u00e4, mutta todellisuus osoittaa, ett\u00e4 [&hellip;]\" \/>\n<meta property=\"og:url\" content=\"https:\/\/diario.madrid.es\/decidemadrid\/2025\/08\/27\/fyysisen-uhkan-ja-kyberturvallisuuden-yhdistaminen-nykypaivan-uhkakuvaissa\/\" \/>\n<meta property=\"og:site_name\" content=\"Decide Madrid\" \/>\n<meta property=\"article:published_time\" content=\"2025-08-27T12:11:33+00:00\" \/>\n<meta property=\"article:modified_time\" content=\"2026-08-27T12:11:34+00:00\" \/>\n<meta name=\"author\" content=\"gobabierto\" \/>\n<meta name=\"twitter:card\" content=\"summary_large_image\" \/>\n<meta name=\"twitter:label1\" content=\"Escrito por\" \/>\n\t<meta name=\"twitter:data1\" content=\"gobabierto\" \/>\n\t<meta name=\"twitter:label2\" content=\"Tiempo de lectura\" \/>\n\t<meta name=\"twitter:data2\" content=\"2 minutos\" \/>\n<script type=\"application\/ld+json\" class=\"yoast-schema-graph\">{\"@context\":\"https:\/\/schema.org\",\"@graph\":[{\"@type\":\"WebPage\",\"@id\":\"https:\/\/diario.madrid.es\/decidemadrid\/2025\/08\/27\/fyysisen-uhkan-ja-kyberturvallisuuden-yhdistaminen-nykypaivan-uhkakuvaissa\/\",\"url\":\"https:\/\/diario.madrid.es\/decidemadrid\/2025\/08\/27\/fyysisen-uhkan-ja-kyberturvallisuuden-yhdistaminen-nykypaivan-uhkakuvaissa\/\",\"name\":\"Fyysisen uhkan ja kyberturvallisuuden yhdist\u00e4minen nykyp\u00e4iv\u00e4n uhkakuvaissa - Decide Madrid\",\"isPartOf\":{\"@id\":\"https:\/\/diario.madrid.es\/decidemadrid\/#website\"},\"datePublished\":\"2025-08-27T12:11:33+00:00\",\"dateModified\":\"2026-08-27T12:11:34+00:00\",\"author\":{\"@id\":\"https:\/\/diario.madrid.es\/decidemadrid\/#\/schema\/person\/a0018a37d4af777c31256063fd89363d\"},\"breadcrumb\":{\"@id\":\"https:\/\/diario.madrid.es\/decidemadrid\/2025\/08\/27\/fyysisen-uhkan-ja-kyberturvallisuuden-yhdistaminen-nykypaivan-uhkakuvaissa\/#breadcrumb\"},\"inLanguage\":\"es\",\"potentialAction\":[{\"@type\":\"ReadAction\",\"target\":[\"https:\/\/diario.madrid.es\/decidemadrid\/2025\/08\/27\/fyysisen-uhkan-ja-kyberturvallisuuden-yhdistaminen-nykypaivan-uhkakuvaissa\/\"]}]},{\"@type\":\"BreadcrumbList\",\"@id\":\"https:\/\/diario.madrid.es\/decidemadrid\/2025\/08\/27\/fyysisen-uhkan-ja-kyberturvallisuuden-yhdistaminen-nykypaivan-uhkakuvaissa\/#breadcrumb\",\"itemListElement\":[{\"@type\":\"ListItem\",\"position\":1,\"name\":\"Portada\",\"item\":\"https:\/\/diario.madrid.es\/decidemadrid\/\"},{\"@type\":\"ListItem\",\"position\":2,\"name\":\"Fyysisen uhkan ja kyberturvallisuuden yhdist\u00e4minen nykyp\u00e4iv\u00e4n uhkakuvaissa\"}]},{\"@type\":\"WebSite\",\"@id\":\"https:\/\/diario.madrid.es\/decidemadrid\/#website\",\"url\":\"https:\/\/diario.madrid.es\/decidemadrid\/\",\"name\":\"Decide Madrid\",\"description\":\"Blog de Participaci\u00f3n Ciudadana del Ayuntamiento de Madrid\",\"potentialAction\":[{\"@type\":\"SearchAction\",\"target\":{\"@type\":\"EntryPoint\",\"urlTemplate\":\"https:\/\/diario.madrid.es\/decidemadrid\/?s={search_term_string}\"},\"query-input\":{\"@type\":\"PropertyValueSpecification\",\"valueRequired\":true,\"valueName\":\"search_term_string\"}}],\"inLanguage\":\"es\"},{\"@type\":\"Person\",\"@id\":\"https:\/\/diario.madrid.es\/decidemadrid\/#\/schema\/person\/a0018a37d4af777c31256063fd89363d\",\"name\":\"gobabierto\",\"image\":{\"@type\":\"ImageObject\",\"inLanguage\":\"es\",\"@id\":\"https:\/\/diario.madrid.es\/decidemadrid\/#\/schema\/person\/image\/\",\"url\":\"https:\/\/secure.gravatar.com\/avatar\/51186ba4d0098ad7548dfe94df68e208bdf6224aadf672f6cbcafcec90cd48cc?s=96&d=mm&r=g\",\"contentUrl\":\"https:\/\/secure.gravatar.com\/avatar\/51186ba4d0098ad7548dfe94df68e208bdf6224aadf672f6cbcafcec90cd48cc?s=96&d=mm&r=g\",\"caption\":\"gobabierto\"},\"url\":\"https:\/\/diario.madrid.es\/decidemadrid\/author\/gobabierto\/\"}]}<\/script>\n<!-- \/ Yoast SEO Premium plugin. -->","yoast_head_json":{"title":"Fyysisen uhkan ja kyberturvallisuuden yhdist\u00e4minen nykyp\u00e4iv\u00e4n uhkakuvaissa - Decide Madrid","robots":{"index":"index","follow":"follow","max-snippet":"max-snippet:-1","max-image-preview":"max-image-preview:large","max-video-preview":"max-video-preview:-1"},"canonical":"https:\/\/diario.madrid.es\/decidemadrid\/2025\/08\/27\/fyysisen-uhkan-ja-kyberturvallisuuden-yhdistaminen-nykypaivan-uhkakuvaissa\/","og_locale":"es_ES","og_type":"article","og_title":"Fyysisen uhkan ja kyberturvallisuuden yhdist\u00e4minen nykyp\u00e4iv\u00e4n uhkakuvaissa","og_description":"Nykyisess\u00e4 digitaalisessa ymp\u00e4rist\u00f6ss\u00e4 organisaatioiden turvallisuuden hallinta vaatii laaja-alaista l\u00e4hestymistapaa, joka huomioi sek\u00e4 fyysiset ett\u00e4 digitaalisen maailman uhat. Fyysiset turvallisuusn\u00e4k\u00f6kohdat sis\u00e4lt\u00e4v\u00e4t esimerkiksi p\u00e4\u00e4synvalvonnan rakennuksiin, kameravalvonnan ja henkil\u00f6st\u00f6n koulutuksen, kun taas kyberturvallisuus keskittyy verkko- ja tietoj\u00e4rjestelmien suojaamiseen haitallisilta hy\u00f6kk\u00e4yksilt\u00e4. Fyysisen ja kyberridankin integraation merkitys Usein organisaatiot ovat n\u00e4hneet fyysiset ja kyberuhkat erillisin\u00e4 viitekehyksin\u00e4, mutta todellisuus osoittaa, ett\u00e4 [&hellip;]","og_url":"https:\/\/diario.madrid.es\/decidemadrid\/2025\/08\/27\/fyysisen-uhkan-ja-kyberturvallisuuden-yhdistaminen-nykypaivan-uhkakuvaissa\/","og_site_name":"Decide Madrid","article_published_time":"2025-08-27T12:11:33+00:00","article_modified_time":"2026-08-27T12:11:34+00:00","author":"gobabierto","twitter_card":"summary_large_image","twitter_misc":{"Escrito por":"gobabierto","Tiempo de lectura":"2 minutos"},"schema":{"@context":"https:\/\/schema.org","@graph":[{"@type":"WebPage","@id":"https:\/\/diario.madrid.es\/decidemadrid\/2025\/08\/27\/fyysisen-uhkan-ja-kyberturvallisuuden-yhdistaminen-nykypaivan-uhkakuvaissa\/","url":"https:\/\/diario.madrid.es\/decidemadrid\/2025\/08\/27\/fyysisen-uhkan-ja-kyberturvallisuuden-yhdistaminen-nykypaivan-uhkakuvaissa\/","name":"Fyysisen uhkan ja kyberturvallisuuden yhdist\u00e4minen nykyp\u00e4iv\u00e4n uhkakuvaissa - Decide Madrid","isPartOf":{"@id":"https:\/\/diario.madrid.es\/decidemadrid\/#website"},"datePublished":"2025-08-27T12:11:33+00:00","dateModified":"2026-08-27T12:11:34+00:00","author":{"@id":"https:\/\/diario.madrid.es\/decidemadrid\/#\/schema\/person\/a0018a37d4af777c31256063fd89363d"},"breadcrumb":{"@id":"https:\/\/diario.madrid.es\/decidemadrid\/2025\/08\/27\/fyysisen-uhkan-ja-kyberturvallisuuden-yhdistaminen-nykypaivan-uhkakuvaissa\/#breadcrumb"},"inLanguage":"es","potentialAction":[{"@type":"ReadAction","target":["https:\/\/diario.madrid.es\/decidemadrid\/2025\/08\/27\/fyysisen-uhkan-ja-kyberturvallisuuden-yhdistaminen-nykypaivan-uhkakuvaissa\/"]}]},{"@type":"BreadcrumbList","@id":"https:\/\/diario.madrid.es\/decidemadrid\/2025\/08\/27\/fyysisen-uhkan-ja-kyberturvallisuuden-yhdistaminen-nykypaivan-uhkakuvaissa\/#breadcrumb","itemListElement":[{"@type":"ListItem","position":1,"name":"Portada","item":"https:\/\/diario.madrid.es\/decidemadrid\/"},{"@type":"ListItem","position":2,"name":"Fyysisen uhkan ja kyberturvallisuuden yhdist\u00e4minen nykyp\u00e4iv\u00e4n uhkakuvaissa"}]},{"@type":"WebSite","@id":"https:\/\/diario.madrid.es\/decidemadrid\/#website","url":"https:\/\/diario.madrid.es\/decidemadrid\/","name":"Decide Madrid","description":"Blog de Participaci\u00f3n Ciudadana del Ayuntamiento de Madrid","potentialAction":[{"@type":"SearchAction","target":{"@type":"EntryPoint","urlTemplate":"https:\/\/diario.madrid.es\/decidemadrid\/?s={search_term_string}"},"query-input":{"@type":"PropertyValueSpecification","valueRequired":true,"valueName":"search_term_string"}}],"inLanguage":"es"},{"@type":"Person","@id":"https:\/\/diario.madrid.es\/decidemadrid\/#\/schema\/person\/a0018a37d4af777c31256063fd89363d","name":"gobabierto","image":{"@type":"ImageObject","inLanguage":"es","@id":"https:\/\/diario.madrid.es\/decidemadrid\/#\/schema\/person\/image\/","url":"https:\/\/secure.gravatar.com\/avatar\/51186ba4d0098ad7548dfe94df68e208bdf6224aadf672f6cbcafcec90cd48cc?s=96&d=mm&r=g","contentUrl":"https:\/\/secure.gravatar.com\/avatar\/51186ba4d0098ad7548dfe94df68e208bdf6224aadf672f6cbcafcec90cd48cc?s=96&d=mm&r=g","caption":"gobabierto"},"url":"https:\/\/diario.madrid.es\/decidemadrid\/author\/gobabierto\/"}]}},"_links":{"self":[{"href":"https:\/\/diario.madrid.es\/decidemadrid\/wp-json\/wp\/v2\/posts\/10552","targetHints":{"allow":["GET"]}}],"collection":[{"href":"https:\/\/diario.madrid.es\/decidemadrid\/wp-json\/wp\/v2\/posts"}],"about":[{"href":"https:\/\/diario.madrid.es\/decidemadrid\/wp-json\/wp\/v2\/types\/post"}],"author":[{"embeddable":true,"href":"https:\/\/diario.madrid.es\/decidemadrid\/wp-json\/wp\/v2\/users\/161"}],"replies":[{"embeddable":true,"href":"https:\/\/diario.madrid.es\/decidemadrid\/wp-json\/wp\/v2\/comments?post=10552"}],"version-history":[{"count":1,"href":"https:\/\/diario.madrid.es\/decidemadrid\/wp-json\/wp\/v2\/posts\/10552\/revisions"}],"predecessor-version":[{"id":10553,"href":"https:\/\/diario.madrid.es\/decidemadrid\/wp-json\/wp\/v2\/posts\/10552\/revisions\/10553"}],"wp:attachment":[{"href":"https:\/\/diario.madrid.es\/decidemadrid\/wp-json\/wp\/v2\/media?parent=10552"}],"wp:term":[{"taxonomy":"category","embeddable":true,"href":"https:\/\/diario.madrid.es\/decidemadrid\/wp-json\/wp\/v2\/categories?post=10552"},{"taxonomy":"post_tag","embeddable":true,"href":"https:\/\/diario.madrid.es\/decidemadrid\/wp-json\/wp\/v2\/tags?post=10552"}],"curies":[{"name":"wp","href":"https:\/\/api.w.org\/{rel}","templated":true}]}}