{"id":10263,"date":"2025-08-26T14:57:18","date_gmt":"2025-08-26T12:57:18","guid":{"rendered":"https:\/\/diario.madrid.es\/decidemadrid\/?p=10263"},"modified":"2026-08-26T14:57:19","modified_gmt":"2026-08-26T12:57:19","slug":"infrastrutture-e-innovazione-l-impatto-dei-grattacieli-in-italia","status":"publish","type":"post","link":"https:\/\/diario.madrid.es\/decidemadrid\/2025\/08\/26\/infrastrutture-e-innovazione-l-impatto-dei-grattacieli-in-italia\/","title":{"rendered":"Infrastrutture e Innovazione: L&#8217;impatto dei Grattacieli in Italia"},"content":{"rendered":"<p>Negli ultimi decenni, il contesto urbano italiano ha visto un&#8217;evoluzione significativa, trainata dalla domanda di spazi di lavoro, residenziali e ricreativi capaci di rispondere alle sfide di una societ\u00e0 in rapido mutamento. Al centro di questa trasformazione si trovano gli &#8212;<a href=\"https:\/\/towerrush-italy.it.com\/it-it\/\">tower rush<\/a>-, ovvero la competizione per l\u2019erezione di edifice sempre pi\u00f9 alti e funzionali. Ma quali sono le implicazioni di questa tendenza nel panorama infrastrutturale italiano, e come si inseriscono nelle strategie di sviluppo urbano e sostenibile? <\/p>\n<h2>Crisi Urbana e Nuove Architetture: La Crescita Verticale come Risposta Strategica<\/h2>\n<p>Il fenomeno della verticale crescita edilizia non \u00e8 nuovo in Italia, ma ha conosciuto una rinnovata attenzione negli ultimi anni, specialmente nelle grandi citt\u00e0 come Milano, Torino e Roma. La domanda di spazi efficaci in citt\u00e0 densamente popolate ha portato alla progettazione di grattacieli e torri multifunzionali, contribuendo non solo a ridurre l&#8217;impronta territoriale ma anche a rilanciare l\u2019immagine internazionale delle citt\u00e0 italiane.<\/p>\n<blockquote><p>\n    \u00abIl ruolo dei grattacieli va ben oltre l\u2019architettura; rappresentano un punto di convergenza tra sviluppo economico, innovazione tecnologica e sostenibilit\u00e0 urbana.\u00bb &#8211; (Fonte: Tower Rush Italy)\n<\/p><\/blockquote>\n<h2>I Dati: Trend e Performance del Mercato degli Edifici alti in Italia<\/h2>\n<table>\n<thead>\n<tr>\n<th>Anno<\/th>\n<th>Numero di Grattacieli Costruiti<\/th>\n<th>Piazzetta Media di Altezza (m)<\/th>\n<th>Investimenti Stimati (\u20ac miliardi)<\/th>\n<th>Principali Citt\u00e0 Interessate<\/th>\n<\/tr>\n<\/thead>\n<tbody>\n<tr>\n<td>2018<\/td>\n<td>4<\/td>\n<td>150<\/td>\n<td>1,2<\/td>\n<td>Milano, Torino<\/td>\n<\/tr>\n<tr>\n<td>2019<\/td>\n<td>6<\/td>\n<td>170<\/td>\n<td>1,5<\/td>\n<td>Milano, Roma<\/td>\n<\/tr>\n<tr>\n<td>2020<\/td>\n<td>8<\/td>\n<td>180<\/td>\n<td>2,0<\/td>\n<td>Milano, Bologna<\/td>\n<\/tr>\n<tr>\n<td>2021<\/td>\n<td>10<\/td>\n<td>200<\/td>\n<td>2,8<\/td>\n<td>Milano, Napoli<\/td>\n<\/tr>\n<\/tbody>\n<\/table>\n<p>Questi dati evidenziano un chiaro incremento nel numero e nell\u2019altezza media degli edifici alti, anche grazie a investimenti mirati e politiche urbanistiche innovative che favoriscono lo sviluppo verticale.<\/p>\n<h2>Sostenibilit\u00e0 e Innovazione Tecnologica nei Grattacieli<\/h2>\n<p>Le moderne edizioni di questi edifici stanno beneficiando delle pi\u00f9 recenti innovazioni in termini di sostenibilit\u00e0. Tecnologie come l\u2019efficienza energetica, l\u2019automazione degli impianti, l\u2019utilizzo di materiali innovativi e l\u2019integrazione di fonti rinnovabili rappresentano le nuove frontiere dell\u2019urbanistica di alta quota.<\/p>\n<p>Un esempio di eccellenza \u00e8 rappresentato dal progetto <em>Skyline Italia<\/em>, che mira a coniugare funzionalit\u00e0 e impatto ambientale ridotto, e si inserisce nella pi\u00f9 ampia strategia di riqualificazione urbana sostenibile. Per approfondimenti sui trend urbanistici e le tecnologie, si pu\u00f2 consultare Tower Rush Italy, una risorsa che analizza gli sviluppi nel settore dei grattacieli in Italia e le opportunit\u00e0 di innovazione.<\/p>\n<h2>Implicazioni per il Futuro delle Citt\u00e0 Italiane<\/h2>\n<p>Il successo delle iniziative di verticalizzazione urbana comporta benefici tangibili: utilizzo ottimizzato del territorio, riduzione dell\u2019inquinamento, creazione di quartieri innovativi e attrattivi per talenti e investitori.<\/p>\n<p>Allo stesso tempo, pone sfide, tra cui la pianificazione integrata di trasporti, servizi pubblici e infrastrutture resilienti ai cambiamenti climatici. La progettazione di queste torri deve incorporare paradigmi di smart city, con attenzione alla qualit\u00e0 della vita e alla sostenibilit\u00e0 a lungo termine.<\/p>\n<h2>Conclusione: La Rivoluzione Verticale come Pilastro dello Sviluppo Urbano Dell\u2019Italia<\/h2>\n<p>In conclusione, il fenomeno del <strong>tower rush<\/strong> rappresenta un capitolo cruciale nel riassetto urbano italiano, segnando un passaggio strategico verso citt\u00e0 pi\u00f9 moderne, sostenibili e competitive. La collaborazione tra architetti, urbanisti e investitori si traduce in spazi verticali che non sono solo simboli di potenza economica, ma anche esempi di una nuova responsabilit\u00e0 verso il pianeta.<\/p>\n<p>Per ulteriori approfondimenti su queste tendenze e analisi di mercato, si pu\u00f2 fare riferimento a questa fonte autorevole: https:\/\/towerrush-italy.it.com\/it-it\/.<\/p>\n","protected":false},"excerpt":{"rendered":"<p>Negli ultimi decenni, il contesto urbano italiano ha visto un&#8217;evoluzione significativa, trainata dalla domanda di spazi di lavoro, residenziali e ricreativi capaci di rispondere alle sfide di una societ\u00e0 in rapido mutamento. Al centro di questa trasformazione si trovano gli &#8212;tower rush-, ovvero la competizione per l\u2019erezione di edifice sempre pi\u00f9 alti e funzionali. Ma [&hellip;]<\/p>\n","protected":false},"author":161,"featured_media":0,"comment_status":"closed","ping_status":"closed","sticky":false,"template":"","format":"standard","meta":{"footnotes":""},"categories":[1],"tags":[],"class_list":["post-10263","post","type-post","status-publish","format-standard","hentry","category-procesos-participativos","no-thumbnail"],"yoast_head":"<!-- This site is optimized with the Yoast SEO Premium plugin v25.4 (Yoast SEO v26.4) - https:\/\/yoast.com\/wordpress\/plugins\/seo\/ -->\n<title>Infrastrutture e Innovazione: L&#039;impatto dei Grattacieli in Italia - Decide Madrid<\/title>\n<meta name=\"robots\" content=\"index, follow, max-snippet:-1, max-image-preview:large, max-video-preview:-1\" \/>\n<link rel=\"canonical\" href=\"https:\/\/diario.madrid.es\/decidemadrid\/2025\/08\/26\/infrastrutture-e-innovazione-l-impatto-dei-grattacieli-in-italia\/\" \/>\n<meta property=\"og:locale\" content=\"es_ES\" \/>\n<meta property=\"og:type\" content=\"article\" \/>\n<meta property=\"og:title\" content=\"Infrastrutture e Innovazione: L&#039;impatto dei Grattacieli in Italia\" \/>\n<meta property=\"og:description\" content=\"Negli ultimi decenni, il contesto urbano italiano ha visto un&#8217;evoluzione significativa, trainata dalla domanda di spazi di lavoro, residenziali e ricreativi capaci di rispondere alle sfide di una societ\u00e0 in rapido mutamento. Al centro di questa trasformazione si trovano gli &#8212;tower rush-, ovvero la competizione per l\u2019erezione di edifice sempre pi\u00f9 alti e funzionali. Ma [&hellip;]\" \/>\n<meta property=\"og:url\" content=\"https:\/\/diario.madrid.es\/decidemadrid\/2025\/08\/26\/infrastrutture-e-innovazione-l-impatto-dei-grattacieli-in-italia\/\" \/>\n<meta property=\"og:site_name\" content=\"Decide Madrid\" \/>\n<meta property=\"article:published_time\" content=\"2025-08-26T12:57:18+00:00\" \/>\n<meta property=\"article:modified_time\" content=\"2026-08-26T12:57:19+00:00\" \/>\n<meta name=\"author\" content=\"gobabierto\" \/>\n<meta name=\"twitter:card\" content=\"summary_large_image\" \/>\n<meta name=\"twitter:label1\" content=\"Escrito por\" \/>\n\t<meta name=\"twitter:data1\" content=\"gobabierto\" \/>\n\t<meta name=\"twitter:label2\" content=\"Tiempo de lectura\" \/>\n\t<meta name=\"twitter:data2\" content=\"3 minutos\" \/>\n<script type=\"application\/ld+json\" class=\"yoast-schema-graph\">{\"@context\":\"https:\/\/schema.org\",\"@graph\":[{\"@type\":\"WebPage\",\"@id\":\"https:\/\/diario.madrid.es\/decidemadrid\/2025\/08\/26\/infrastrutture-e-innovazione-l-impatto-dei-grattacieli-in-italia\/\",\"url\":\"https:\/\/diario.madrid.es\/decidemadrid\/2025\/08\/26\/infrastrutture-e-innovazione-l-impatto-dei-grattacieli-in-italia\/\",\"name\":\"Infrastrutture e Innovazione: L'impatto dei Grattacieli in Italia - Decide Madrid\",\"isPartOf\":{\"@id\":\"https:\/\/diario.madrid.es\/decidemadrid\/#website\"},\"datePublished\":\"2025-08-26T12:57:18+00:00\",\"dateModified\":\"2026-08-26T12:57:19+00:00\",\"author\":{\"@id\":\"https:\/\/diario.madrid.es\/decidemadrid\/#\/schema\/person\/a0018a37d4af777c31256063fd89363d\"},\"breadcrumb\":{\"@id\":\"https:\/\/diario.madrid.es\/decidemadrid\/2025\/08\/26\/infrastrutture-e-innovazione-l-impatto-dei-grattacieli-in-italia\/#breadcrumb\"},\"inLanguage\":\"es\",\"potentialAction\":[{\"@type\":\"ReadAction\",\"target\":[\"https:\/\/diario.madrid.es\/decidemadrid\/2025\/08\/26\/infrastrutture-e-innovazione-l-impatto-dei-grattacieli-in-italia\/\"]}]},{\"@type\":\"BreadcrumbList\",\"@id\":\"https:\/\/diario.madrid.es\/decidemadrid\/2025\/08\/26\/infrastrutture-e-innovazione-l-impatto-dei-grattacieli-in-italia\/#breadcrumb\",\"itemListElement\":[{\"@type\":\"ListItem\",\"position\":1,\"name\":\"Portada\",\"item\":\"https:\/\/diario.madrid.es\/decidemadrid\/\"},{\"@type\":\"ListItem\",\"position\":2,\"name\":\"Infrastrutture e Innovazione: L&#8217;impatto dei Grattacieli in Italia\"}]},{\"@type\":\"WebSite\",\"@id\":\"https:\/\/diario.madrid.es\/decidemadrid\/#website\",\"url\":\"https:\/\/diario.madrid.es\/decidemadrid\/\",\"name\":\"Decide Madrid\",\"description\":\"Blog de Participaci\u00f3n Ciudadana del Ayuntamiento de Madrid\",\"potentialAction\":[{\"@type\":\"SearchAction\",\"target\":{\"@type\":\"EntryPoint\",\"urlTemplate\":\"https:\/\/diario.madrid.es\/decidemadrid\/?s={search_term_string}\"},\"query-input\":{\"@type\":\"PropertyValueSpecification\",\"valueRequired\":true,\"valueName\":\"search_term_string\"}}],\"inLanguage\":\"es\"},{\"@type\":\"Person\",\"@id\":\"https:\/\/diario.madrid.es\/decidemadrid\/#\/schema\/person\/a0018a37d4af777c31256063fd89363d\",\"name\":\"gobabierto\",\"image\":{\"@type\":\"ImageObject\",\"inLanguage\":\"es\",\"@id\":\"https:\/\/diario.madrid.es\/decidemadrid\/#\/schema\/person\/image\/\",\"url\":\"https:\/\/secure.gravatar.com\/avatar\/51186ba4d0098ad7548dfe94df68e208bdf6224aadf672f6cbcafcec90cd48cc?s=96&d=mm&r=g\",\"contentUrl\":\"https:\/\/secure.gravatar.com\/avatar\/51186ba4d0098ad7548dfe94df68e208bdf6224aadf672f6cbcafcec90cd48cc?s=96&d=mm&r=g\",\"caption\":\"gobabierto\"},\"url\":\"https:\/\/diario.madrid.es\/decidemadrid\/author\/gobabierto\/\"}]}<\/script>\n<!-- \/ Yoast SEO Premium plugin. -->","yoast_head_json":{"title":"Infrastrutture e Innovazione: L'impatto dei Grattacieli in Italia - Decide Madrid","robots":{"index":"index","follow":"follow","max-snippet":"max-snippet:-1","max-image-preview":"max-image-preview:large","max-video-preview":"max-video-preview:-1"},"canonical":"https:\/\/diario.madrid.es\/decidemadrid\/2025\/08\/26\/infrastrutture-e-innovazione-l-impatto-dei-grattacieli-in-italia\/","og_locale":"es_ES","og_type":"article","og_title":"Infrastrutture e Innovazione: L'impatto dei Grattacieli in Italia","og_description":"Negli ultimi decenni, il contesto urbano italiano ha visto un&#8217;evoluzione significativa, trainata dalla domanda di spazi di lavoro, residenziali e ricreativi capaci di rispondere alle sfide di una societ\u00e0 in rapido mutamento. Al centro di questa trasformazione si trovano gli &#8212;tower rush-, ovvero la competizione per l\u2019erezione di edifice sempre pi\u00f9 alti e funzionali. Ma [&hellip;]","og_url":"https:\/\/diario.madrid.es\/decidemadrid\/2025\/08\/26\/infrastrutture-e-innovazione-l-impatto-dei-grattacieli-in-italia\/","og_site_name":"Decide Madrid","article_published_time":"2025-08-26T12:57:18+00:00","article_modified_time":"2026-08-26T12:57:19+00:00","author":"gobabierto","twitter_card":"summary_large_image","twitter_misc":{"Escrito por":"gobabierto","Tiempo de lectura":"3 minutos"},"schema":{"@context":"https:\/\/schema.org","@graph":[{"@type":"WebPage","@id":"https:\/\/diario.madrid.es\/decidemadrid\/2025\/08\/26\/infrastrutture-e-innovazione-l-impatto-dei-grattacieli-in-italia\/","url":"https:\/\/diario.madrid.es\/decidemadrid\/2025\/08\/26\/infrastrutture-e-innovazione-l-impatto-dei-grattacieli-in-italia\/","name":"Infrastrutture e Innovazione: L'impatto dei Grattacieli in Italia - Decide Madrid","isPartOf":{"@id":"https:\/\/diario.madrid.es\/decidemadrid\/#website"},"datePublished":"2025-08-26T12:57:18+00:00","dateModified":"2026-08-26T12:57:19+00:00","author":{"@id":"https:\/\/diario.madrid.es\/decidemadrid\/#\/schema\/person\/a0018a37d4af777c31256063fd89363d"},"breadcrumb":{"@id":"https:\/\/diario.madrid.es\/decidemadrid\/2025\/08\/26\/infrastrutture-e-innovazione-l-impatto-dei-grattacieli-in-italia\/#breadcrumb"},"inLanguage":"es","potentialAction":[{"@type":"ReadAction","target":["https:\/\/diario.madrid.es\/decidemadrid\/2025\/08\/26\/infrastrutture-e-innovazione-l-impatto-dei-grattacieli-in-italia\/"]}]},{"@type":"BreadcrumbList","@id":"https:\/\/diario.madrid.es\/decidemadrid\/2025\/08\/26\/infrastrutture-e-innovazione-l-impatto-dei-grattacieli-in-italia\/#breadcrumb","itemListElement":[{"@type":"ListItem","position":1,"name":"Portada","item":"https:\/\/diario.madrid.es\/decidemadrid\/"},{"@type":"ListItem","position":2,"name":"Infrastrutture e Innovazione: L&#8217;impatto dei Grattacieli in Italia"}]},{"@type":"WebSite","@id":"https:\/\/diario.madrid.es\/decidemadrid\/#website","url":"https:\/\/diario.madrid.es\/decidemadrid\/","name":"Decide Madrid","description":"Blog de Participaci\u00f3n Ciudadana del Ayuntamiento de Madrid","potentialAction":[{"@type":"SearchAction","target":{"@type":"EntryPoint","urlTemplate":"https:\/\/diario.madrid.es\/decidemadrid\/?s={search_term_string}"},"query-input":{"@type":"PropertyValueSpecification","valueRequired":true,"valueName":"search_term_string"}}],"inLanguage":"es"},{"@type":"Person","@id":"https:\/\/diario.madrid.es\/decidemadrid\/#\/schema\/person\/a0018a37d4af777c31256063fd89363d","name":"gobabierto","image":{"@type":"ImageObject","inLanguage":"es","@id":"https:\/\/diario.madrid.es\/decidemadrid\/#\/schema\/person\/image\/","url":"https:\/\/secure.gravatar.com\/avatar\/51186ba4d0098ad7548dfe94df68e208bdf6224aadf672f6cbcafcec90cd48cc?s=96&d=mm&r=g","contentUrl":"https:\/\/secure.gravatar.com\/avatar\/51186ba4d0098ad7548dfe94df68e208bdf6224aadf672f6cbcafcec90cd48cc?s=96&d=mm&r=g","caption":"gobabierto"},"url":"https:\/\/diario.madrid.es\/decidemadrid\/author\/gobabierto\/"}]}},"_links":{"self":[{"href":"https:\/\/diario.madrid.es\/decidemadrid\/wp-json\/wp\/v2\/posts\/10263","targetHints":{"allow":["GET"]}}],"collection":[{"href":"https:\/\/diario.madrid.es\/decidemadrid\/wp-json\/wp\/v2\/posts"}],"about":[{"href":"https:\/\/diario.madrid.es\/decidemadrid\/wp-json\/wp\/v2\/types\/post"}],"author":[{"embeddable":true,"href":"https:\/\/diario.madrid.es\/decidemadrid\/wp-json\/wp\/v2\/users\/161"}],"replies":[{"embeddable":true,"href":"https:\/\/diario.madrid.es\/decidemadrid\/wp-json\/wp\/v2\/comments?post=10263"}],"version-history":[{"count":1,"href":"https:\/\/diario.madrid.es\/decidemadrid\/wp-json\/wp\/v2\/posts\/10263\/revisions"}],"predecessor-version":[{"id":10265,"href":"https:\/\/diario.madrid.es\/decidemadrid\/wp-json\/wp\/v2\/posts\/10263\/revisions\/10265"}],"wp:attachment":[{"href":"https:\/\/diario.madrid.es\/decidemadrid\/wp-json\/wp\/v2\/media?parent=10263"}],"wp:term":[{"taxonomy":"category","embeddable":true,"href":"https:\/\/diario.madrid.es\/decidemadrid\/wp-json\/wp\/v2\/categories?post=10263"},{"taxonomy":"post_tag","embeddable":true,"href":"https:\/\/diario.madrid.es\/decidemadrid\/wp-json\/wp\/v2\/tags?post=10263"}],"curies":[{"name":"wp","href":"https:\/\/api.w.org\/{rel}","templated":true}]}}