{"id":7977,"date":"2026-08-27T08:13:20","date_gmt":"2026-08-27T08:13:20","guid":{"rendered":"https:\/\/diario.madrid.es\/centro\/?p=7977"},"modified":"2026-08-27T11:51:07","modified_gmt":"2026-08-27T11:51:07","slug":"musica-jazz-literatura-y-exposiciones-para-disfrutar-de-la-cultura-en-centro-este-fin-de-semana-28-29-agosto","status":"publish","type":"post","link":"https:\/\/diario.madrid.es\/centro\/2026\/08\/27\/musica-jazz-literatura-y-exposiciones-para-disfrutar-de-la-cultura-en-centro-este-fin-de-semana-28-29-agosto\/","title":{"rendered":"M\u00fasica jazz, literatura y exposiciones para disfrutar de la cultura en Centro este fin de semana (28-29 agosto)"},"content":{"rendered":"<p>La m\u00fasica, la literatura y las exposiciones centran la agenda cultural de Centro este fin de semana. El concierto de TimeLapse incluido en el programa de Veranos de la Villa, el concurso de relatos <em>Cuarto y Mitad<\/em> y varias muestras dedicadas a la historia, el arte y la memoria de Madrid protagonizan la programaci\u00f3n cultural del distrito. Consulta nuestra gu\u00eda para no perderte ning\u00fan detalle:<\/p>\n<p>&nbsp;<\/p>\n<h2><strong>VIERNES 28<\/strong><\/h2>\n<p><span style=\"color: #3366ff\"><a style=\"color: #3366ff\" href=\"https:\/\/www.veranosdelavilla.com\/es\/evento\/timelapse-jazz\"><strong>Timelapse<\/strong><\/a> <\/span><strong>(jazz)<\/strong><\/p>\n<p><strong>21:30 horas<\/strong><\/p>\n<p><strong>Claustro del IES San Isidro. Calle de Toledo, 39<\/strong><\/p>\n<p>El programa municipal &#8216;Veranos de la Villa&#8217;\u00a0 presenta TimeLapse,\u00a0 una original relectura de grandes obras universales en clave jazz\u00edstica, bajo la direcci\u00f3n de Miguel \u00c1ngel Navarro. El concierto ofrecer\u00e1 un fascinante di\u00e1logo entre el jazz y la m\u00fasica de c\u00e1mara, con la participaci\u00f3n del tr\u00edo de jazz formado por David Pastor (trompeta), Thomas Kent Warburton (contrabajo) y Francesc Capella (piano), junto a un quinteto de cuerda integrado por Alejandro Saiz San Emeterio, Julia Marta \u00c1lvarez Mu\u00f1oz, Jos\u00e9 Ignacio Sanz de Galdeano Urz\u00faa, Laura Oliver de la Guerra y Virginia de Vega Maestro. Una propuesta musical que reinventa el repertorio cl\u00e1sico desde la libertad creativa y la riqueza expresiva del jazz.<\/p>\n<p>&nbsp;<\/p>\n<p><img decoding=\"async\" class=\"alignnone size-full wp-image-7979 aligncenter\" src=\"https:\/\/diario.madrid.es\/centro\/wp-content\/uploads\/sites\/14\/2026\/08\/CuartoyMitad8Ed_690-1.jpg\" alt=\"Dibujo del concurso de relatos 'Cuarto y mitad'\" width=\"690\" height=\"229\" srcset=\"https:\/\/diario.madrid.es\/centro\/wp-content\/uploads\/sites\/14\/2026\/08\/CuartoyMitad8Ed_690-1.jpg 690w, https:\/\/diario.madrid.es\/centro\/wp-content\/uploads\/sites\/14\/2026\/08\/CuartoyMitad8Ed_690-1-300x100.jpg 300w, https:\/\/diario.madrid.es\/centro\/wp-content\/uploads\/sites\/14\/2026\/08\/CuartoyMitad8Ed_690-1-500x166.jpg 500w\" sizes=\"(max-width: 690px) 100vw, 690px\" \/><\/p>\n<h2><\/h2>\n<h2><\/h2>\n<h2><strong>CONCURSO DE RELATOS<\/strong><\/h2>\n<p><span style=\"color: #3366ff\"><a style=\"color: #3366ff\" href=\"https:\/\/www.madrid.es\/portales\/munimadrid\/es\/Inicio\/Actualidad\/Actividades-y-eventos\/X-Concurso-de-relatos-Cuarto-y-Mitad-\/?vgnextfmt=default&amp;vgnextoid=2bf8073963daf910VgnVCM100000891ecb1aRCRD&amp;vgnextchannel=ca9671ee4a9eb410VgnVCM100000171f5a0aRCRD\"><strong>\u2018Cuarto y mitad\u2019<\/strong><\/a><\/span><\/p>\n<p><strong>Plazo de inscripci\u00f3n: hasta el\u00a06 de octubre a las 23:59 horas<\/strong><\/p>\n<p>La Biblioteca P\u00fablica Municipal Mario Vargas Llosa, en colaboraci\u00f3n con el Mercado Barcel\u00f3, convoca la X edici\u00f3n del Concurso de Relatos \u2018Cuarto y Mitad\u2019, una iniciativa que une literatura y gastronom\u00eda para fomentar la lectura y la creatividad. Dirigido a mayores de 15 a\u00f1os residentes en la Comunidad de Madrid, el certamen invita a presentar un relato original e in\u00e9dito, en castellano y de hasta 1.000 palabras, que incluya la expresi\u00f3n \u00abtiempo de cerezas\u00bb. Los tres trabajos ganadores recibir\u00e1n cartas de compra para el Mercado Barcel\u00f3, adem\u00e1s de material bibliogr\u00e1fico donado por la Imprenta Municipal-Artes del Libro.<\/p>\n<p><strong>\u00a0<\/strong><\/p>\n<p><strong>\u00a0<img decoding=\"async\" class=\"size-full wp-image-7981 aligncenter\" src=\"https:\/\/diario.madrid.es\/centro\/wp-content\/uploads\/sites\/14\/2026\/08\/Exposicion-Madrid-entre-epocas.jpg\" alt=\"Exposici\u00f3n Madrid entre \u00e9pocas. Puerta del Sol \" width=\"742\" height=\"496\" srcset=\"https:\/\/diario.madrid.es\/centro\/wp-content\/uploads\/sites\/14\/2026\/08\/Exposicion-Madrid-entre-epocas.jpg 742w, https:\/\/diario.madrid.es\/centro\/wp-content\/uploads\/sites\/14\/2026\/08\/Exposicion-Madrid-entre-epocas-300x201.jpg 300w, https:\/\/diario.madrid.es\/centro\/wp-content\/uploads\/sites\/14\/2026\/08\/Exposicion-Madrid-entre-epocas-500x334.jpg 500w, https:\/\/diario.madrid.es\/centro\/wp-content\/uploads\/sites\/14\/2026\/08\/Exposicion-Madrid-entre-epocas-404x270.jpg 404w\" sizes=\"(max-width: 742px) 100vw, 742px\" \/><\/strong><\/p>\n<p><strong>\u00a0<\/strong><\/p>\n<h2><strong>EXPOSICIONES<\/strong><\/h2>\n<p><span style=\"color: #3366ff\"><a style=\"color: #3366ff\" href=\"https:\/\/www.veranosdelavilla.com\/es\/evento\/exposicion-yo-fui-a-e-g-b#entidad_zona214\"><strong>Yo fui a EGB<\/strong><\/a><\/span><\/p>\n<p><strong>Hasta el 30 de agosto. De martes a s\u00e1bados de 10:00 a 14:00 y de 17:30 a 20:00 horas. Domingos y festivos de 10:30 a 13:30 horas. Lunes cerrado<\/strong><\/p>\n<p><strong>Centro de Cultura Contempor\u00e1nea Condeduque. Calle del Conde Duque 9<\/strong><\/p>\n<p>\u00daltimos d\u00edas para visitar este recorrido a trav\u00e9s de los recuerdos de la infancia enmarcado en el programa de Veranos de la Villa, que nos transportar\u00e1n a estancias de la \u00e9poca. Te encontrar\u00e1s con objetos, sonidos, olores que cre\u00edas desaparecidos al convertirnos en supuestos seres adultos.<\/p>\n<p><span style=\"color: #3366ff\"><a style=\"color: #3366ff\" href=\"https:\/\/www.madrid.es\/portales\/munimadrid\/es\/Inicio\/Actualidad\/Actividades-y-eventos\/Exposicion-La-palabra-cantada-Rosalia-de-Castro-y-la-musica\/?vgnextfmt=default&amp;vgnextoid=6cba0588c3ddd910VgnVCM200000f921e388RCRD&amp;vgnextchannel=ca9671ee4a9eb410VgnVCM100000171f5a0aRCRD\"><strong>La palabra cantada, Rosal\u00eda de Castro y la m\u00fasica<\/strong><\/a><\/span><\/p>\n<p><strong>Hasta el 31 de agosto<\/strong><\/p>\n<p><strong>Biblioteca P\u00fablica Municipal Vicente Espin\u00f3s. Calle del Conde Duque, 9<\/strong><\/p>\n<p>Rosal\u00eda de Castro\u00a0(1837-1885) es una de las grandes figuras de la literatura espa\u00f1ola del siglo XIX y la autora que inaugura la modernidad de la literatura gallega. Su poes\u00eda, de gran musicalidad interna, bebe de la tradici\u00f3n oral gallega \u2014cantares, coplas, romances\u2014 y se expresa con un ritmo y una cadencia que parecen reclamar la voz y la m\u00fasica. No es casual, por tanto, que sus versos hayan despertado, desde muy pronto, el inter\u00e9s de numerosos compositores.<\/p>\n<p><span style=\"color: #3366ff\"><a style=\"color: #3366ff\" href=\"https:\/\/www.madrid.es\/portales\/munimadrid\/es\/Inicio\/El-Ayuntamiento\/Centro\/Exposicion-Carteles-de-San-Isidro-La-imagen-de-las-fiestas-\/?vgnextfmt=default&amp;vgnextoid=a38ac112a2edd910VgnVCM200000f921e388RCRD&amp;vgnextchannel=b068ca5d5fb96010VgnVCM100000dc0ca8c0RCRD\"><strong>Carteles de San Isidro. La imagen de las fiestas<\/strong><\/a><\/span><\/p>\n<p><strong>Hasta el 20 de septiembre<\/strong><\/p>\n<p><strong>Museo de San Isidro. Plaza de San Andr\u00e9s, 2<\/strong><\/p>\n<p>La muestra comienza\u00a0en\u00a01947, cuando el Ayuntamiento convoc\u00f3\u00a0un concurso para elegir el cartel anunciador de las fiestas de San Isidro de ese a\u00f1o, y avanza d\u00e9cada a d\u00e9cada hasta la actualidad, con m\u00e1s de 50 carteles que\u00a0dibujan la biograf\u00eda visual de\u00a0Madrid.\u00a0A trav\u00e9s de ellos\u00a0puede leerse\u00a0la evoluci\u00f3n de\u00a0las tendencias del\u00a0dise\u00f1o\u00a0gr\u00e1fico\u00a0y\u00a0la forma en que Madrid se ha contado a s\u00ed misma: la ciudad castiza, la ciudad moderna, la ciudad que celebra,\u00a0la ciudad que crece,\u00a0la ciudad que vuelve cada mayo a encontrarse en sus propias fiestas\u00a0patronales.<\/p>\n<p><span style=\"color: #3366ff\"><a style=\"color: #3366ff\" href=\"https:\/\/www.madrid.es\/portales\/munimadrid\/es\/Inicio\/Actualidad\/Actividades-y-eventos\/Exposicion-Goya-y-las-escuelas-flamenca-e-italiana-Un-siglo-de-filantropia-de-Carlota-de-Santamarca-y-Antonia-Gonzalez\/?vgnextfmt=default&amp;vgnextoid=c9c23f3e956ae910VgnVCM100000891ecb1aRCRD&amp;vgnextchannel=ca9671ee4a9eb410VgnVCM100000171f5a0aRCRD\"><strong>Goya y las escuelas flamenca e italiana. Un siglo de filantrop\u00eda de Carlota de Santamarca y Antonia Gonz\u00e1lez<\/strong><\/a><\/span><\/p>\n<p><strong>Hasta el 23 de septiembre. De martes a domingo de 10:00 a 19:00 horas<\/strong><\/p>\n<p><strong>Museo de Historia de Madrid. Calle de Fuencarral, 78<\/strong><\/p>\n<p>La colecci\u00f3n reunida por Carlota de Santamarca y Antonia Gonz\u00e1lez constituye un conjunto de extraordinaria riqueza, cuyas piezas m\u00e1s sobresalientes son el grupo de seis peque\u00f1os \u00f3leos sobre lienzo que Francisco de Goya pint\u00f3 hacia 1785\u20131786, y dedicados a escenas infantiles denominadas Juegos de ni\u00f1os. Estas obras capturan con una frescura y una ternura \u00fanicas la vida cotidiana de la Espa\u00f1a ilustrada. A ellas se suman piezas de maestros flamencos de primer orden y la muestra se completa con un valioso cap\u00edtulo de retratos y pintura del siglo XIX y XX espa\u00f1ol.<\/p>\n<p><span style=\"color: #3366ff\"><a style=\"color: #3366ff\" href=\"https:\/\/www.madrid.es\/portales\/munimadrid\/es\/Inicio\/Actualidad\/Actividades-y-eventos\/25-anos-del-Museo-de-San-Isidro-Los-Origenes-de-Madrid\/?vgnextfmt=default&amp;vgnextoid=92684dde03f7f910VgnVCM200000f921e388RCRD&amp;vgnextchannel=ca9671ee4a9eb410VgnVCM100000171f5a0aRCRD\"><strong>25 a\u00f1os del Museo San Isidro. La historia de Madrid<\/strong><\/a><\/span><\/p>\n<p><strong>Hasta el 4 de octubre. De martes a domingo de 10:00 a 19:00 horas<\/strong><\/p>\n<p><strong>Museo de Historia de Madrid. Calle de Fuencarral, 78<\/strong><\/p>\n<p>Con motivo del 25\u00ba aniversario de su apertura, el museo presenta una muestra con quince piezas emblem\u00e1ticas que recorren algunos de los hallazgos, investigaciones e hitos m\u00e1s destacados de su trayectoria. La exposici\u00f3n propone una mirada original y cercana: son las propias piezas las que cuentan la historia del museo y su contribuci\u00f3n al conocimiento de los or\u00edgenes de Madrid. Adem\u00e1s, la experiencia se completa con un <em>escape room<\/em> en l\u00ednea que invita a los visitantes a convertirse en investigadores y poner a prueba su ingenio. Acceso libre.<\/p>\n<p><span style=\"color: #3366ff\"><a style=\"color: #3366ff\" href=\"https:\/\/www.madrid.es\/portales\/munimadrid\/es\/Inicio\/Actualidad\/Actividades-y-eventos\/Exposicion-Madrid-entre-epocas\/?vgnextfmt=default&amp;vgnextoid=4919737c2261e910VgnVCM200000f921e388RCRD&amp;vgnextchannel=ca9671ee4a9eb410VgnVCM100000171f5a0aRCRD\"><strong>Madrid entre \u00e9pocas<\/strong><\/a><\/span><\/p>\n<p><strong>Hasta el 4 de octubre. De martes a domingo de 10:00 a 19:00 horas<\/strong><\/p>\n<p><strong>Museo de Historia de Madrid. Calle de Fuencarral, 78<\/strong><\/p>\n<p>Un viaje \u00fanico al pasado de Madrid desde el presente, a trav\u00e9s de un di\u00e1logo visual entre fotograf\u00edas hist\u00f3ricas y actuales, utilizando como veh\u00edculo la refotograf\u00eda.\u00a0Esta t\u00e9cnica consiste en volver a fotografiar una imagen antigua en el momento actual, desde el mismo punto de vista en que fue tomada originalmente, para despu\u00e9s fusionar ambas im\u00e1genes \u2014de distintas \u00e9pocas\u2014 en una sola composici\u00f3n.\u00a0Gratuita.<\/p>\n<p><span style=\"color: #3366ff\"><a style=\"color: #3366ff\" href=\"https:\/\/www.madrid.es\/portales\/munimadrid\/es\/Inicio\/Actualidad\/Actividades-y-eventos\/Exposicion-PHotoESPANA-Topologia-de-un-contraste-\/?vgnextfmt=default&amp;vgnextoid=74746e9acf6ae910VgnVCM200000f921e388RCRD&amp;vgnextchannel=ca9671ee4a9eb410VgnVCM100000171f5a0aRCRD\"><strong>Topolog\u00eda de un contraste<\/strong><\/a><\/span><\/p>\n<p><strong>Hasta el\u00a021 de febrero de 2027<\/strong><\/p>\n<p><strong>Museo de Arte Contempor\u00e1neo de Madrid<\/strong><\/p>\n<p><strong>Calle del Conde Duque 9<\/strong><\/p>\n<p>Muestra fotogr\u00e1fica concebida como una pieza \u00fanica, plagada de relaciones ir\u00f3nicas y resonancias inesperadas. Las im\u00e1genes no buscan resolver las tensiones que atraviesan la ciudad, sino hacerlas visibles: poner en di\u00e1logo espacios, gestos y arquitecturas que, al encontrarse dentro del mismo marco expositivo, revelan afinidades ocultas y contrastes persistentes. Comisariada por \u00d3scar Manrique.<\/p>\n<p>&nbsp;<\/p>\n<p>Puedes consultar toda la programaci\u00f3n y m\u00e1s detalles de la agenda cultural de Centro del 28 al 30 de agosto<span style=\"color: #3366ff\"> <a style=\"color: #3366ff\" href=\"https:\/\/www.madrid.es\/portales\/munimadrid\/es\/Inicio\/El-Ayuntamiento\/Centro?vgnextfmt=default&amp;vgnextchannel=b068ca5d5fb96010VgnVCM100000dc0ca8c0RCRD\"><strong>aqu\u00ed<\/strong>.<\/a><\/span><\/p>\n<p>&nbsp;<\/p>\n<p><strong>\u00a0<\/strong><\/p>\n","protected":false},"excerpt":{"rendered":"<p>La m\u00fasica, la literatura y las exposiciones centran la agenda cultural de Centro este fin de semana. El concierto de TimeLapse, el concurso de relatos Cuarto y Mitad y varias muestras dedicadas a la historia, el arte y la memoria de Madrid protagonizan la programaci\u00f3n cultural del distrito. Consulta nuestra gu\u00eda para no perderte ning\u00fan detalle:<\/p>\n","protected":false},"author":140,"featured_media":7978,"comment_status":"closed","ping_status":"closed","sticky":false,"template":"","format":"standard","meta":{"footnotes":""},"categories":[33],"tags":[426],"class_list":["post-7977","post","type-post","status-publish","format-standard","has-post-thumbnail","hentry","category-cultura","tag-agenda-cultural"],"yoast_head":"<!-- This site is optimized with the Yoast SEO Premium plugin v25.4 (Yoast SEO v26.4) - https:\/\/yoast.com\/wordpress\/plugins\/seo\/ -->\n<title>Jazz, literatura y exposiciones para disfrutar de la cultura en Centro este fin de semana (28-29 agosto)<\/title>\n<meta name=\"description\" content=\"Jazz, literatura y exposiciones para disfrutar de la cultura en Centro este fin de semana (28-29 agosto)\" \/>\n<meta name=\"robots\" content=\"index, follow, max-snippet:-1, max-image-preview:large, max-video-preview:-1\" \/>\n<link rel=\"canonical\" href=\"https:\/\/diario.madrid.es\/centro\/2026\/08\/27\/musica-jazz-literatura-y-exposiciones-para-disfrutar-de-la-cultura-en-centro-este-fin-de-semana-28-29-agosto\/\" \/>\n<meta property=\"og:locale\" content=\"es_ES\" \/>\n<meta property=\"og:type\" content=\"article\" \/>\n<meta property=\"og:title\" content=\"M\u00fasica jazz, literatura y exposiciones para disfrutar de la cultura en Centro este fin de semana (28-29 agosto)\" \/>\n<meta property=\"og:description\" content=\"Jazz, literatura y exposiciones para disfrutar de la cultura en Centro este fin de semana (28-29 agosto)\" \/>\n<meta property=\"og:url\" content=\"https:\/\/diario.madrid.es\/centro\/2026\/08\/27\/musica-jazz-literatura-y-exposiciones-para-disfrutar-de-la-cultura-en-centro-este-fin-de-semana-28-29-agosto\/\" \/>\n<meta property=\"og:site_name\" content=\"Centro\" \/>\n<meta property=\"article:published_time\" content=\"2026-08-27T08:13:20+00:00\" \/>\n<meta property=\"article:modified_time\" content=\"2026-08-27T11:51:07+00:00\" \/>\n<meta property=\"og:image\" content=\"https:\/\/diario.madrid.es\/centro\/wp-content\/uploads\/sites\/14\/2026\/08\/Timelapse.jazz_.jpg\" \/>\n\t<meta property=\"og:image:width\" content=\"1100\" \/>\n\t<meta property=\"og:image:height\" content=\"825\" \/>\n\t<meta property=\"og:image:type\" content=\"image\/jpeg\" \/>\n<meta name=\"author\" content=\"sacristan\" \/>\n<meta name=\"twitter:card\" content=\"summary_large_image\" \/>\n<meta name=\"twitter:creator\" content=\"@JMDCentro\" \/>\n<meta name=\"twitter:site\" content=\"@JMDCentro\" \/>\n<meta name=\"twitter:label1\" content=\"Escrito por\" \/>\n\t<meta name=\"twitter:data1\" content=\"sacristan\" \/>\n\t<meta name=\"twitter:label2\" content=\"Tiempo de lectura\" \/>\n\t<meta name=\"twitter:data2\" content=\"6 minutos\" \/>\n<script type=\"application\/ld+json\" class=\"yoast-schema-graph\">{\"@context\":\"https:\/\/schema.org\",\"@graph\":[{\"@type\":\"Article\",\"@id\":\"https:\/\/diario.madrid.es\/centro\/2026\/08\/27\/musica-jazz-literatura-y-exposiciones-para-disfrutar-de-la-cultura-en-centro-este-fin-de-semana-28-29-agosto\/#article\",\"isPartOf\":{\"@id\":\"https:\/\/diario.madrid.es\/centro\/2026\/08\/27\/musica-jazz-literatura-y-exposiciones-para-disfrutar-de-la-cultura-en-centro-este-fin-de-semana-28-29-agosto\/\"},\"author\":{\"name\":\"sacristan\",\"@id\":\"https:\/\/diario.madrid.es\/centro\/#\/schema\/person\/742142e871cb134f7480044b62d416db\"},\"headline\":\"M\u00fasica jazz, literatura y exposiciones para disfrutar de la cultura en Centro este fin de semana (28-29 agosto)\",\"datePublished\":\"2026-08-27T08:13:20+00:00\",\"dateModified\":\"2026-08-27T11:51:07+00:00\",\"mainEntityOfPage\":{\"@id\":\"https:\/\/diario.madrid.es\/centro\/2026\/08\/27\/musica-jazz-literatura-y-exposiciones-para-disfrutar-de-la-cultura-en-centro-este-fin-de-semana-28-29-agosto\/\"},\"wordCount\":1128,\"publisher\":{\"@id\":\"https:\/\/diario.madrid.es\/centro\/#organization\"},\"image\":{\"@id\":\"https:\/\/diario.madrid.es\/centro\/2026\/08\/27\/musica-jazz-literatura-y-exposiciones-para-disfrutar-de-la-cultura-en-centro-este-fin-de-semana-28-29-agosto\/#primaryimage\"},\"thumbnailUrl\":\"https:\/\/diario.madrid.es\/centro\/wp-content\/uploads\/sites\/14\/2026\/08\/Timelapse.jazz_.jpg\",\"keywords\":[\"Agenda cultural\"],\"articleSection\":[\"Cultura\"],\"inLanguage\":\"es\"},{\"@type\":\"WebPage\",\"@id\":\"https:\/\/diario.madrid.es\/centro\/2026\/08\/27\/musica-jazz-literatura-y-exposiciones-para-disfrutar-de-la-cultura-en-centro-este-fin-de-semana-28-29-agosto\/\",\"url\":\"https:\/\/diario.madrid.es\/centro\/2026\/08\/27\/musica-jazz-literatura-y-exposiciones-para-disfrutar-de-la-cultura-en-centro-este-fin-de-semana-28-29-agosto\/\",\"name\":\"Jazz, literatura y exposiciones para disfrutar de la cultura en Centro este fin de semana (28-29 agosto)\",\"isPartOf\":{\"@id\":\"https:\/\/diario.madrid.es\/centro\/#website\"},\"primaryImageOfPage\":{\"@id\":\"https:\/\/diario.madrid.es\/centro\/2026\/08\/27\/musica-jazz-literatura-y-exposiciones-para-disfrutar-de-la-cultura-en-centro-este-fin-de-semana-28-29-agosto\/#primaryimage\"},\"image\":{\"@id\":\"https:\/\/diario.madrid.es\/centro\/2026\/08\/27\/musica-jazz-literatura-y-exposiciones-para-disfrutar-de-la-cultura-en-centro-este-fin-de-semana-28-29-agosto\/#primaryimage\"},\"thumbnailUrl\":\"https:\/\/diario.madrid.es\/centro\/wp-content\/uploads\/sites\/14\/2026\/08\/Timelapse.jazz_.jpg\",\"datePublished\":\"2026-08-27T08:13:20+00:00\",\"dateModified\":\"2026-08-27T11:51:07+00:00\",\"description\":\"Jazz, literatura y exposiciones para disfrutar de la cultura en Centro este fin de semana (28-29 agosto)\",\"breadcrumb\":{\"@id\":\"https:\/\/diario.madrid.es\/centro\/2026\/08\/27\/musica-jazz-literatura-y-exposiciones-para-disfrutar-de-la-cultura-en-centro-este-fin-de-semana-28-29-agosto\/#breadcrumb\"},\"inLanguage\":\"es\",\"potentialAction\":[{\"@type\":\"ReadAction\",\"target\":[\"https:\/\/diario.madrid.es\/centro\/2026\/08\/27\/musica-jazz-literatura-y-exposiciones-para-disfrutar-de-la-cultura-en-centro-este-fin-de-semana-28-29-agosto\/\"]}]},{\"@type\":\"ImageObject\",\"inLanguage\":\"es\",\"@id\":\"https:\/\/diario.madrid.es\/centro\/2026\/08\/27\/musica-jazz-literatura-y-exposiciones-para-disfrutar-de-la-cultura-en-centro-este-fin-de-semana-28-29-agosto\/#primaryimage\",\"url\":\"https:\/\/diario.madrid.es\/centro\/wp-content\/uploads\/sites\/14\/2026\/08\/Timelapse.jazz_.jpg\",\"contentUrl\":\"https:\/\/diario.madrid.es\/centro\/wp-content\/uploads\/sites\/14\/2026\/08\/Timelapse.jazz_.jpg\",\"width\":1100,\"height\":825,\"caption\":\"Grupo Timelapse jazz\"},{\"@type\":\"BreadcrumbList\",\"@id\":\"https:\/\/diario.madrid.es\/centro\/2026\/08\/27\/musica-jazz-literatura-y-exposiciones-para-disfrutar-de-la-cultura-en-centro-este-fin-de-semana-28-29-agosto\/#breadcrumb\",\"itemListElement\":[{\"@type\":\"ListItem\",\"position\":1,\"name\":\"Portada\",\"item\":\"https:\/\/diario.madrid.es\/centro\/\"},{\"@type\":\"ListItem\",\"position\":2,\"name\":\"M\u00fasica jazz, literatura y exposiciones para disfrutar de la cultura en Centro este fin de semana (28-29 agosto)\"}]},{\"@type\":\"WebSite\",\"@id\":\"https:\/\/diario.madrid.es\/centro\/#website\",\"url\":\"https:\/\/diario.madrid.es\/centro\/\",\"name\":\"Diario Madrid - Centro\",\"description\":\"Noticias de la Junta Municipal del Distrito Centro\",\"publisher\":{\"@id\":\"https:\/\/diario.madrid.es\/centro\/#organization\"},\"potentialAction\":[{\"@type\":\"SearchAction\",\"target\":{\"@type\":\"EntryPoint\",\"urlTemplate\":\"https:\/\/diario.madrid.es\/centro\/?s={search_term_string}\"},\"query-input\":{\"@type\":\"PropertyValueSpecification\",\"valueRequired\":true,\"valueName\":\"search_term_string\"}}],\"inLanguage\":\"es\"},{\"@type\":\"Organization\",\"@id\":\"https:\/\/diario.madrid.es\/centro\/#organization\",\"name\":\"Diario Madrid - Centro\",\"url\":\"https:\/\/diario.madrid.es\/centro\/\",\"logo\":{\"@type\":\"ImageObject\",\"inLanguage\":\"es\",\"@id\":\"https:\/\/diario.madrid.es\/centro\/#\/schema\/logo\/image\/\",\"url\":\"https:\/\/diario.madrid.es\/centro\/wp-content\/uploads\/sites\/14\/2025\/02\/Escudo-Ayuntamiento-Madrid.png\",\"contentUrl\":\"https:\/\/diario.madrid.es\/centro\/wp-content\/uploads\/sites\/14\/2025\/02\/Escudo-Ayuntamiento-Madrid.png\",\"width\":1200,\"height\":675,\"caption\":\"Diario Madrid - Centro\"},\"image\":{\"@id\":\"https:\/\/diario.madrid.es\/centro\/#\/schema\/logo\/image\/\"},\"sameAs\":[\"https:\/\/x.com\/JMDCentro\"]},{\"@type\":\"Person\",\"@id\":\"https:\/\/diario.madrid.es\/centro\/#\/schema\/person\/742142e871cb134f7480044b62d416db\",\"name\":\"sacristan\",\"image\":{\"@type\":\"ImageObject\",\"inLanguage\":\"es\",\"@id\":\"https:\/\/diario.madrid.es\/centro\/#\/schema\/person\/image\/\",\"url\":\"https:\/\/secure.gravatar.com\/avatar\/b18ce99a094dc74dc4f0a208d689e2b8ed4a4b5e83d06ae947fc51b7e7cc9053?s=96&d=mm&r=g\",\"contentUrl\":\"https:\/\/secure.gravatar.com\/avatar\/b18ce99a094dc74dc4f0a208d689e2b8ed4a4b5e83d06ae947fc51b7e7cc9053?s=96&d=mm&r=g\",\"caption\":\"sacristan\"}}]}<\/script>\n<!-- \/ Yoast SEO Premium plugin. -->","yoast_head_json":{"title":"Jazz, literatura y exposiciones para disfrutar de la cultura en Centro este fin de semana (28-29 agosto)","description":"Jazz, literatura y exposiciones para disfrutar de la cultura en Centro este fin de semana (28-29 agosto)","robots":{"index":"index","follow":"follow","max-snippet":"max-snippet:-1","max-image-preview":"max-image-preview:large","max-video-preview":"max-video-preview:-1"},"canonical":"https:\/\/diario.madrid.es\/centro\/2026\/08\/27\/musica-jazz-literatura-y-exposiciones-para-disfrutar-de-la-cultura-en-centro-este-fin-de-semana-28-29-agosto\/","og_locale":"es_ES","og_type":"article","og_title":"M\u00fasica jazz, literatura y exposiciones para disfrutar de la cultura en Centro este fin de semana (28-29 agosto)","og_description":"Jazz, literatura y exposiciones para disfrutar de la cultura en Centro este fin de semana (28-29 agosto)","og_url":"https:\/\/diario.madrid.es\/centro\/2026\/08\/27\/musica-jazz-literatura-y-exposiciones-para-disfrutar-de-la-cultura-en-centro-este-fin-de-semana-28-29-agosto\/","og_site_name":"Centro","article_published_time":"2026-08-27T08:13:20+00:00","article_modified_time":"2026-08-27T11:51:07+00:00","og_image":[{"width":1100,"height":825,"url":"https:\/\/diario.madrid.es\/centro\/wp-content\/uploads\/sites\/14\/2026\/08\/Timelapse.jazz_.jpg","type":"image\/jpeg"}],"author":"sacristan","twitter_card":"summary_large_image","twitter_creator":"@JMDCentro","twitter_site":"@JMDCentro","twitter_misc":{"Escrito por":"sacristan","Tiempo de lectura":"6 minutos"},"schema":{"@context":"https:\/\/schema.org","@graph":[{"@type":"Article","@id":"https:\/\/diario.madrid.es\/centro\/2026\/08\/27\/musica-jazz-literatura-y-exposiciones-para-disfrutar-de-la-cultura-en-centro-este-fin-de-semana-28-29-agosto\/#article","isPartOf":{"@id":"https:\/\/diario.madrid.es\/centro\/2026\/08\/27\/musica-jazz-literatura-y-exposiciones-para-disfrutar-de-la-cultura-en-centro-este-fin-de-semana-28-29-agosto\/"},"author":{"name":"sacristan","@id":"https:\/\/diario.madrid.es\/centro\/#\/schema\/person\/742142e871cb134f7480044b62d416db"},"headline":"M\u00fasica jazz, literatura y exposiciones para disfrutar de la cultura en Centro este fin de semana (28-29 agosto)","datePublished":"2026-08-27T08:13:20+00:00","dateModified":"2026-08-27T11:51:07+00:00","mainEntityOfPage":{"@id":"https:\/\/diario.madrid.es\/centro\/2026\/08\/27\/musica-jazz-literatura-y-exposiciones-para-disfrutar-de-la-cultura-en-centro-este-fin-de-semana-28-29-agosto\/"},"wordCount":1128,"publisher":{"@id":"https:\/\/diario.madrid.es\/centro\/#organization"},"image":{"@id":"https:\/\/diario.madrid.es\/centro\/2026\/08\/27\/musica-jazz-literatura-y-exposiciones-para-disfrutar-de-la-cultura-en-centro-este-fin-de-semana-28-29-agosto\/#primaryimage"},"thumbnailUrl":"https:\/\/diario.madrid.es\/centro\/wp-content\/uploads\/sites\/14\/2026\/08\/Timelapse.jazz_.jpg","keywords":["Agenda cultural"],"articleSection":["Cultura"],"inLanguage":"es"},{"@type":"WebPage","@id":"https:\/\/diario.madrid.es\/centro\/2026\/08\/27\/musica-jazz-literatura-y-exposiciones-para-disfrutar-de-la-cultura-en-centro-este-fin-de-semana-28-29-agosto\/","url":"https:\/\/diario.madrid.es\/centro\/2026\/08\/27\/musica-jazz-literatura-y-exposiciones-para-disfrutar-de-la-cultura-en-centro-este-fin-de-semana-28-29-agosto\/","name":"Jazz, literatura y exposiciones para disfrutar de la cultura en Centro este fin de semana (28-29 agosto)","isPartOf":{"@id":"https:\/\/diario.madrid.es\/centro\/#website"},"primaryImageOfPage":{"@id":"https:\/\/diario.madrid.es\/centro\/2026\/08\/27\/musica-jazz-literatura-y-exposiciones-para-disfrutar-de-la-cultura-en-centro-este-fin-de-semana-28-29-agosto\/#primaryimage"},"image":{"@id":"https:\/\/diario.madrid.es\/centro\/2026\/08\/27\/musica-jazz-literatura-y-exposiciones-para-disfrutar-de-la-cultura-en-centro-este-fin-de-semana-28-29-agosto\/#primaryimage"},"thumbnailUrl":"https:\/\/diario.madrid.es\/centro\/wp-content\/uploads\/sites\/14\/2026\/08\/Timelapse.jazz_.jpg","datePublished":"2026-08-27T08:13:20+00:00","dateModified":"2026-08-27T11:51:07+00:00","description":"Jazz, literatura y exposiciones para disfrutar de la cultura en Centro este fin de semana (28-29 agosto)","breadcrumb":{"@id":"https:\/\/diario.madrid.es\/centro\/2026\/08\/27\/musica-jazz-literatura-y-exposiciones-para-disfrutar-de-la-cultura-en-centro-este-fin-de-semana-28-29-agosto\/#breadcrumb"},"inLanguage":"es","potentialAction":[{"@type":"ReadAction","target":["https:\/\/diario.madrid.es\/centro\/2026\/08\/27\/musica-jazz-literatura-y-exposiciones-para-disfrutar-de-la-cultura-en-centro-este-fin-de-semana-28-29-agosto\/"]}]},{"@type":"ImageObject","inLanguage":"es","@id":"https:\/\/diario.madrid.es\/centro\/2026\/08\/27\/musica-jazz-literatura-y-exposiciones-para-disfrutar-de-la-cultura-en-centro-este-fin-de-semana-28-29-agosto\/#primaryimage","url":"https:\/\/diario.madrid.es\/centro\/wp-content\/uploads\/sites\/14\/2026\/08\/Timelapse.jazz_.jpg","contentUrl":"https:\/\/diario.madrid.es\/centro\/wp-content\/uploads\/sites\/14\/2026\/08\/Timelapse.jazz_.jpg","width":1100,"height":825,"caption":"Grupo Timelapse jazz"},{"@type":"BreadcrumbList","@id":"https:\/\/diario.madrid.es\/centro\/2026\/08\/27\/musica-jazz-literatura-y-exposiciones-para-disfrutar-de-la-cultura-en-centro-este-fin-de-semana-28-29-agosto\/#breadcrumb","itemListElement":[{"@type":"ListItem","position":1,"name":"Portada","item":"https:\/\/diario.madrid.es\/centro\/"},{"@type":"ListItem","position":2,"name":"M\u00fasica jazz, literatura y exposiciones para disfrutar de la cultura en Centro este fin de semana (28-29 agosto)"}]},{"@type":"WebSite","@id":"https:\/\/diario.madrid.es\/centro\/#website","url":"https:\/\/diario.madrid.es\/centro\/","name":"Diario Madrid - Centro","description":"Noticias de la Junta Municipal del Distrito Centro","publisher":{"@id":"https:\/\/diario.madrid.es\/centro\/#organization"},"potentialAction":[{"@type":"SearchAction","target":{"@type":"EntryPoint","urlTemplate":"https:\/\/diario.madrid.es\/centro\/?s={search_term_string}"},"query-input":{"@type":"PropertyValueSpecification","valueRequired":true,"valueName":"search_term_string"}}],"inLanguage":"es"},{"@type":"Organization","@id":"https:\/\/diario.madrid.es\/centro\/#organization","name":"Diario Madrid - Centro","url":"https:\/\/diario.madrid.es\/centro\/","logo":{"@type":"ImageObject","inLanguage":"es","@id":"https:\/\/diario.madrid.es\/centro\/#\/schema\/logo\/image\/","url":"https:\/\/diario.madrid.es\/centro\/wp-content\/uploads\/sites\/14\/2025\/02\/Escudo-Ayuntamiento-Madrid.png","contentUrl":"https:\/\/diario.madrid.es\/centro\/wp-content\/uploads\/sites\/14\/2025\/02\/Escudo-Ayuntamiento-Madrid.png","width":1200,"height":675,"caption":"Diario Madrid - Centro"},"image":{"@id":"https:\/\/diario.madrid.es\/centro\/#\/schema\/logo\/image\/"},"sameAs":["https:\/\/x.com\/JMDCentro"]},{"@type":"Person","@id":"https:\/\/diario.madrid.es\/centro\/#\/schema\/person\/742142e871cb134f7480044b62d416db","name":"sacristan","image":{"@type":"ImageObject","inLanguage":"es","@id":"https:\/\/diario.madrid.es\/centro\/#\/schema\/person\/image\/","url":"https:\/\/secure.gravatar.com\/avatar\/b18ce99a094dc74dc4f0a208d689e2b8ed4a4b5e83d06ae947fc51b7e7cc9053?s=96&d=mm&r=g","contentUrl":"https:\/\/secure.gravatar.com\/avatar\/b18ce99a094dc74dc4f0a208d689e2b8ed4a4b5e83d06ae947fc51b7e7cc9053?s=96&d=mm&r=g","caption":"sacristan"}}]}},"_links":{"self":[{"href":"https:\/\/diario.madrid.es\/centro\/wp-json\/wp\/v2\/posts\/7977","targetHints":{"allow":["GET"]}}],"collection":[{"href":"https:\/\/diario.madrid.es\/centro\/wp-json\/wp\/v2\/posts"}],"about":[{"href":"https:\/\/diario.madrid.es\/centro\/wp-json\/wp\/v2\/types\/post"}],"author":[{"embeddable":true,"href":"https:\/\/diario.madrid.es\/centro\/wp-json\/wp\/v2\/users\/140"}],"replies":[{"embeddable":true,"href":"https:\/\/diario.madrid.es\/centro\/wp-json\/wp\/v2\/comments?post=7977"}],"version-history":[{"count":7,"href":"https:\/\/diario.madrid.es\/centro\/wp-json\/wp\/v2\/posts\/7977\/revisions"}],"predecessor-version":[{"id":7988,"href":"https:\/\/diario.madrid.es\/centro\/wp-json\/wp\/v2\/posts\/7977\/revisions\/7988"}],"wp:featuredmedia":[{"embeddable":true,"href":"https:\/\/diario.madrid.es\/centro\/wp-json\/wp\/v2\/media\/7978"}],"wp:attachment":[{"href":"https:\/\/diario.madrid.es\/centro\/wp-json\/wp\/v2\/media?parent=7977"}],"wp:term":[{"taxonomy":"category","embeddable":true,"href":"https:\/\/diario.madrid.es\/centro\/wp-json\/wp\/v2\/categories?post=7977"},{"taxonomy":"post_tag","embeddable":true,"href":"https:\/\/diario.madrid.es\/centro\/wp-json\/wp\/v2\/tags?post=7977"}],"curies":[{"name":"wp","href":"https:\/\/api.w.org\/{rel}","templated":true}]}}